{"id":1130,"date":"2025-11-09T17:35:35","date_gmt":"2025-11-09T17:35:35","guid":{"rendered":"https:\/\/agustinosoala.org\/?p=1130"},"modified":"2025-12-05T22:07:20","modified_gmt":"2025-12-05T22:07:20","slug":"pastoral-urbana-misionera","status":"publish","type":"post","link":"https:\/\/agustinosoala.org\/pt\/pastoral-urbana-misionera\/","title":{"rendered":"Pastoral Urbana Y Misionera"},"content":{"rendered":"<div data-elementor-type=\"wp-post\" data-elementor-id=\"1130\" class=\"elementor elementor-1130\">\n\t\t\t\t<div class=\"aux-parallax-section elementor-element elementor-element-33a60ada e-flex e-con-boxed wpr-particle-no wpr-jarallax-no wpr-parallax-no wpr-sticky-section-no wpr-equal-height-no e-con e-parent\" data-id=\"33a60ada\" data-element_type=\"container\" data-e-type=\"container\" data-settings=\"{&quot;background_background&quot;:&quot;classic&quot;}\">\n\t\t\t\t\t<div class=\"e-con-inner\">\n\t\t<div class=\"elementor-element elementor-element-9b217fd e-con-full e-flex wpr-particle-no wpr-jarallax-no wpr-parallax-no wpr-sticky-section-no wpr-equal-height-no e-con e-child\" data-id=\"9b217fd\" data-element_type=\"container\" data-e-type=\"container\" data-settings=\"{&quot;background_background&quot;:&quot;classic&quot;}\">\n\t\t\t\t<div class=\"elementor-element elementor-element-4bd98263 elementor-widget elementor-widget-elementskit-heading\" data-id=\"4bd98263\" data-element_type=\"widget\" data-e-type=\"widget\" data-widget_type=\"elementskit-heading.default\">\n\t\t\t\t\t<div class=\"ekit-wid-con\" ><div class=\"ekit-heading elementskit-section-title-wraper text_center   ekit_heading_tablet-   ekit_heading_mobile-\"><h3 class=\"ekit-heading--title elementskit-section-title\"><span><span>\"<\/span><\/span>Nos hiciste, Se\u00f1or, para ti, y nuestro coraz\u00f3n est\u00e1 inquieto hasta que descanse en ti<span><span>\"<\/span><\/span> <span><span>San Agust\u00edn. Confessiones (Confesiones), Libro I, cap. 1.<\/span><\/span><\/h3><\/div><\/div>\t\t\t\t<\/div>\n\t\t\t\t<\/div>\n\t\t\t\t\t<\/div>\n\t\t\t\t<\/div>\n\t\t<div class=\"aux-parallax-section elementor-element elementor-element-39d0159e e-flex e-con-boxed wpr-particle-no wpr-jarallax-no wpr-parallax-no wpr-sticky-section-no wpr-equal-height-no e-con e-parent\" data-id=\"39d0159e\" data-element_type=\"container\" data-e-type=\"container\">\n\t\t\t\t\t<div class=\"e-con-inner\">\n\t\t<div class=\"elementor-element elementor-element-2777525d e-con-full e-flex wpr-particle-no wpr-jarallax-no wpr-parallax-no wpr-sticky-section-no wpr-equal-height-no e-con e-child\" data-id=\"2777525d\" data-element_type=\"container\" data-e-type=\"container\">\n\t\t\t\t<div class=\"elementor-element elementor-element-4dc5cae9 elementor-widget elementor-widget-heading\" data-id=\"4dc5cae9\" data-element_type=\"widget\" data-e-type=\"widget\" data-widget_type=\"heading.default\">\n\t\t\t\t\t<h2 class=\"elementor-heading-title elementor-size-default\">Pastoral Urbana Y Misionera<\/h2>\t\t\t\t<\/div>\n\t\t\t\t<\/div>\n\t\t\t\t\t<\/div>\n\t\t\t\t<\/div>\n\t\t<div class=\"aux-parallax-section elementor-element elementor-element-a6c7b9f e-flex e-con-boxed wpr-particle-no wpr-jarallax-no wpr-parallax-no wpr-sticky-section-no wpr-equal-height-no e-con e-parent\" data-id=\"a6c7b9f\" data-element_type=\"container\" data-e-type=\"container\">\n\t\t\t\t\t<div class=\"e-con-inner\">\n\t\t<div class=\"elementor-element elementor-element-314015b e-con-full e-flex wpr-particle-no wpr-jarallax-no wpr-parallax-no wpr-sticky-section-no wpr-equal-height-no e-con e-child\" data-id=\"314015b\" data-element_type=\"container\" data-e-type=\"container\">\n\t\t<div class=\"elementor-element elementor-element-9ad81c8 e-con-full e-flex wpr-particle-no wpr-jarallax-no wpr-parallax-no wpr-sticky-section-no wpr-equal-height-no e-con e-child\" data-id=\"9ad81c8\" data-element_type=\"container\" data-e-type=\"container\">\n\t\t\t\t<div class=\"elementor-element elementor-element-9e32de0 wpr-advanced-accordion-icon-no-box elementor-widget elementor-widget-wpr-advanced-accordion\" data-id=\"9e32de0\" data-element_type=\"widget\" data-e-type=\"widget\" data-settings=\"{&quot;active_item&quot;:1}\" data-widget_type=\"wpr-advanced-accordion.default\">\n\t\t\t\t\t\n            <div class=\"wpr-advanced-accordion\" data-accordion-type=\"accordion\" data-active-index=\"1\" data-accordion-trigger=\"click\" data-interaction-speed=\"0.4\">\n\n\t\t\t\n                \n\t\t\t\t\t<div class=\"wpr-accordion-item-wrap\">\n\t\t\t\t\t\t<button class=\"wpr-acc-button\">\n\t\t\t\t\t\t\t<span class=\"wpr-acc-item-title\">\n\t\t\t\t\t\t\t\t\t\t\t\t<span class=\"wpr-title-icon\">\n\t\t\t\t\t<i aria-hidden=\"true\" class=\"fas fa-desktop\"><\/i>\t\t\t\t<\/span>\n\t\t\t\n\t\t\t\t\t\t\t\t<span class=\"wpr-acc-title-text\">Evaluaci\u00f3n 2020<\/span>\n\t\t\t\t\t\t\t<\/span>\n\t\t\t\t\t\t\t\t\t\t\t<span class=\"wpr-toggle-icon wpr-ti-close\"><svg aria-hidden=\"true\" class=\"e-font-icon-svg e-fas-plus\" viewbox=\"0 0 448 512\" xmlns=\"http:\/\/www.w3.org\/2000\/svg\"><path d=\"M416 208H272V64c0-17.67-14.33-32-32-32h-32c-17.67 0-32 14.33-32 32v144H32c-17.67 0-32 14.33-32 32v32c0 17.67 14.33 32 32 32h144v144c0 17.67 14.33 32 32 32h32c17.67 0 32-14.33 32-32V304h144c17.67 0 32-14.33 32-32v-32c0-17.67-14.33-32-32-32z\"><\/path><\/svg><\/span>\n\t\t\t\t<span class=\"wpr-toggle-icon wpr-ti-open\"><i aria-hidden=\"true\" class=\"auxicon auxicon-close-1\"><\/i><\/span>\n\t\t\t\t\t\t\t\t\t<\/button>\n\n\t\t\t\t\t\t<div class=\"wpr-acc-panel\">\n\t\t\t\t\t\t\t\t\t\t\t\t\t\t\t<div class=\"wpr-acc-panel-content\"><ul><li><span style=\"color: #a91913;\"><a style=\"color: #a91913;\" href=\"https:\/\/agustinosoala.org\/wp-content\/uploads\/2025\/12\/AREA-DE-PASTORAL-URBANA-Y-MISIONERA-DE-OALA.pdf\" target=\"_blank\" rel=\"noopener\">Informe - Evaluaci\u00f3n<\/a><\/span><\/li><\/ul><\/div>\n\t\t\t\t\t\t\t\t\t\t\t\t\t<\/div>\n                    <\/div>\n\n                \n\t\t\t\t\t<div class=\"wpr-accordion-item-wrap\">\n\t\t\t\t\t\t<button class=\"wpr-acc-button\">\n\t\t\t\t\t\t\t<span class=\"wpr-acc-item-title\">\n\t\t\t\t\t\t\t\t\t\t\t\t<span class=\"wpr-title-icon\">\n\t\t\t\t\t<i aria-hidden=\"true\" class=\"fas fa-desktop\"><\/i>\t\t\t\t<\/span>\n\t\t\t\n\t\t\t\t\t\t\t\t<span class=\"wpr-acc-title-text\">Encuentro de Pastoral Parroquial Iquitos 2017<\/span>\n\t\t\t\t\t\t\t<\/span>\n\t\t\t\t\t\t\t\t\t\t\t<span class=\"wpr-toggle-icon wpr-ti-close\"><svg aria-hidden=\"true\" class=\"e-font-icon-svg e-fas-plus\" viewbox=\"0 0 448 512\" xmlns=\"http:\/\/www.w3.org\/2000\/svg\"><path d=\"M416 208H272V64c0-17.67-14.33-32-32-32h-32c-17.67 0-32 14.33-32 32v144H32c-17.67 0-32 14.33-32 32v32c0 17.67 14.33 32 32 32h144v144c0 17.67 14.33 32 32 32h32c17.67 0 32-14.33 32-32V304h144c17.67 0 32-14.33 32-32v-32c0-17.67-14.33-32-32-32z\"><\/path><\/svg><\/span>\n\t\t\t\t<span class=\"wpr-toggle-icon wpr-ti-open\"><i aria-hidden=\"true\" class=\"auxicon auxicon-close-1\"><\/i><\/span>\n\t\t\t\t\t\t\t\t\t<\/button>\n\n\t\t\t\t\t\t<div class=\"wpr-acc-panel\">\n\t\t\t\t\t\t\t\t\t\t\t\t\t\t\t<div class=\"wpr-acc-panel-content\"><ul><li><span style=\"color: #a91913;\"><a style=\"color: #a91913;\" href=\"https:\/\/agustinosoala.org\/wp-content\/uploads\/2025\/11\/Convocatoria-al-Encuentro-de-pastoral-urbana-y-misionera-Iquitos-2017.pdf\" target=\"_blank\" rel=\"noopener\">Convocatoria al Encuentro de pastoral urbana y misionera Iquitos 2017<\/a><\/span><\/li><li><span style=\"color: #a91913;\"><a style=\"color: #a91913;\" href=\"https:\/\/agustinosoala.org\/wp-content\/uploads\/2025\/11\/Participantes-del-Encuentro-continental-de-pastoral-urbana-y-misionera-2017.pdf\" target=\"_blank\" rel=\"noopener\">Participantes del Encuentro continental de pastoral urbana y misionera 2017<\/a> <\/span><\/li><li><span style=\"color: #a91913;\"><a style=\"color: #a91913;\" href=\"https:\/\/agustinosoala.org\/wp-content\/uploads\/2025\/11\/Mensaje-Asistente-General-de-la-Orden.pdf\" target=\"_blank\" rel=\"noopener\">Mensaje Asistente General de la Orden<\/a> <\/span><\/li><li><span style=\"color: #a91913;\"><a style=\"color: #a91913;\" href=\"https:\/\/agustinosoala.org\/wp-content\/uploads\/2025\/11\/Palabras-de-Bienvenida-del-Vicario-de-Iquitos-Antono-Lozan-Pun-Lay-OSA.pdf\" target=\"_blank\" rel=\"noopener\">Palabras de Bienvenida del Vicario de Iquitos, Anto\u00f1o Lozan Pun Lay OSA<\/a><\/span><\/li><li><span style=\"color: #a91913;\"> <a style=\"color: #a91913;\" href=\"https:\/\/agustinosoala.org\/wp-content\/uploads\/2025\/11\/Discurso-inaugural.-Fray-Fidel-Alvarado-OSA.pdf\" target=\"_blank\" rel=\"noopener\">Discurso inaugural. Fray Fidel Alvarado OSA<\/a><\/span><\/li><li><span style=\"color: #a91913;\"> <a style=\"color: #a91913;\" href=\"https:\/\/agustinosoala.org\/wp-content\/uploads\/2025\/11\/Palabras-del-Secretario-General-de-OALA-Edinson-Farfan-OSA.pdf\" target=\"_blank\" rel=\"noopener\">Palabras del Secretario General de OALA Edinson Farfan OSA<\/a><\/span><\/li><li><span style=\"color: #a91913;\"><a style=\"color: #a91913;\" href=\"https:\/\/agustinosoala.org\/wp-content\/uploads\/2025\/11\/Tema-Pastoral-Rural-y-Urbana-Mons-Miguel-Olaortua-Laspra-OSA.pdf\" target=\"_blank\" rel=\"noopener\">Tema: Pastoral Rural y Urbana: Mons. Miguel Olaortua Laspra, O.S.A<\/a> <\/span><\/li><li><span style=\"color: #a91913;\"><a style=\"color: #a91913;\" href=\"https:\/\/agustinosoala.org\/wp-content\/uploads\/2025\/11\/LAPASTORALPARROQUIAL.pdf\" target=\"_blank\" rel=\"noopener\">La Pastoral Parroquial: Monse\u00f1or Daniel Turley Murpy OSA<\/a> <\/span><\/li><\/ul><\/div>\n\t\t\t\t\t\t\t\t\t\t\t\t\t<\/div>\n                    <\/div>\n\n                \n\t\t\t\t\t<div class=\"wpr-accordion-item-wrap\">\n\t\t\t\t\t\t<button class=\"wpr-acc-button\">\n\t\t\t\t\t\t\t<span class=\"wpr-acc-item-title\">\n\t\t\t\t\t\t\t\t\t\t\t\t<span class=\"wpr-title-icon\">\n\t\t\t\t\t<i aria-hidden=\"true\" class=\"fas fa-desktop\"><\/i>\t\t\t\t<\/span>\n\t\t\t\n\t\t\t\t\t\t\t\t<span class=\"wpr-acc-title-text\">Encuentro Continental De Pastoral Urbana Y Misionera \u201cConversi\u00f3n Pastoral Para Una Nueva Evangelizaci\u00f3n\u201d. Trujillo, Per\u00fa - 2014.<\/span>\n\t\t\t\t\t\t\t<\/span>\n\t\t\t\t\t\t\t\t\t\t\t<span class=\"wpr-toggle-icon wpr-ti-close\"><svg aria-hidden=\"true\" class=\"e-font-icon-svg e-fas-plus\" viewbox=\"0 0 448 512\" xmlns=\"http:\/\/www.w3.org\/2000\/svg\"><path d=\"M416 208H272V64c0-17.67-14.33-32-32-32h-32c-17.67 0-32 14.33-32 32v144H32c-17.67 0-32 14.33-32 32v32c0 17.67 14.33 32 32 32h144v144c0 17.67 14.33 32 32 32h32c17.67 0 32-14.33 32-32V304h144c17.67 0 32-14.33 32-32v-32c0-17.67-14.33-32-32-32z\"><\/path><\/svg><\/span>\n\t\t\t\t<span class=\"wpr-toggle-icon wpr-ti-open\"><i aria-hidden=\"true\" class=\"auxicon auxicon-close-1\"><\/i><\/span>\n\t\t\t\t\t\t\t\t\t<\/button>\n\n\t\t\t\t\t\t<div class=\"wpr-acc-panel\">\n\t\t\t\t\t\t\t\t\t\t\t\t\t\t\t<div class=\"wpr-acc-panel-content\"><ul><li><span style=\"color: #a91913;\"><a style=\"color: #a91913;\" href=\"https:\/\/agustinosoala.org\/wp-content\/uploads\/2025\/11\/Palabras-de-bienvenida-a-todos-los-hermanos-que-participaran-del-Encuentro-de-pastoral-urbana-y-misionera-desde-el-11-al-15-de-agosto.pdf\" target=\"_blank\" rel=\"noopener\">Palabras de bienvenida a todos los hermanos que participar\u00e1n del Encuentro de pastoral urbana y misionera desde el 11 al 15 de agosto.<\/a><\/span><\/li><li><span style=\"color: #a91913;\"><a style=\"color: #a91913;\" title=\"https:\/\/agustinosoala.org\/wp-content\/uploads\/2025\/11\/Encuentro-de-pastoral-urbana-y-misionera.-Correos-electronicos-de-hermanos-parrocos.pdf\" href=\"https:\/\/agustinosoala.org\/wp-content\/uploads\/2025\/11\/Encuentro-de-pastoral-urbana-y-misionera.-Correos-electronicos-de-hermanos-parrocos.pdf\" target=\"_blank\" rel=\"noopener\">Encuentro de pastoral urbana y misionera. Correos electr\u00f3nicos de hermanos p\u00e1rrocos<\/a>.<\/span><\/li><li><span style=\"color: #a91913;\"><a style=\"color: #a91913;\" href=\"https:\/\/agustinosoala.org\/wp-content\/uploads\/2025\/11\/Criterios-pastorales-para-revitalizar-la-iglesia.pdf\" target=\"_blank\" rel=\"noopener\">Criterios pastorales para revitalizar la iglesia<\/a> <\/span><\/li><li><span style=\"color: #a91913;\"><a style=\"color: #a91913;\" href=\"https:\/\/agustinosoala.org\/wp-content\/uploads\/2025\/11\/El-reto-de-la-nueva-evangelizacion-en-America-latina.pdf\" target=\"_blank\" rel=\"noopener\">El reto de la nueva evangelizaci\u00f3n en Am\u00e9rica latina<\/a>.<\/span><\/li><li><span style=\"color: #a91913;\"> <a style=\"color: #a91913;\" href=\"https:\/\/agustinosoala.org\/wp-content\/uploads\/2025\/11\/La-parroquia-con-rasgos-agustinianos-que-Respondan-a-la-nueva-evangelizacion-P.-Miguel-Fuertes-OSA.pdf\" target=\"_blank\" rel=\"noopener\">La parroquia con rasgos agustinianos que Respondan a la nueva evangelizaci\u00f3n (P. Miguel Fuertes, OSA)<\/a><\/span><\/li><li><span style=\"color: #a91913;\"> <a style=\"color: #a91913;\" href=\"https:\/\/agustinosoala.org\/wp-content\/uploads\/2025\/11\/Pastoral-parroquial-P.-Juan-Lydac-OSA.pdf\" target=\"_blank\" rel=\"noopener\">Pastoral parroquial (P. Juan Lydac, OSA)<\/a><\/span><\/li><li><span style=\"color: #a91913;\"><a style=\"color: #a91913;\" href=\"https:\/\/agustinosoala.org\/wp-content\/uploads\/2025\/11\/Conversion-pastoral-para-una-nueva-Evangelizacion-P.-Arturo-Purcaro.pdf\" target=\"_blank\" rel=\"noopener\">Conversi\u00f3n pastoral para una nueva Evangelizaci\u00f3n (P. Arturo Purcaro)<\/a><\/span><\/li><li><span style=\"color: #a91913;\"><a style=\"color: #a91913;\" title=\"https:\/\/agustinosoala.org\/wp-content\/uploads\/2025\/11\/Iluminacion-de-la-pastoral-Parroquial-desde-hechos-2-En-el-hoy-de-la-iglesia-Mons.Pedro-Barreto-SJ.pdf\" href=\"https:\/\/agustinosoala.org\/wp-content\/uploads\/2025\/11\/Iluminacion-de-la-pastoral-Parroquial-desde-hechos-2-En-el-hoy-de-la-iglesia-Mons.Pedro-Barreto-SJ.pdf\" target=\"_blank\" rel=\"noopener\">Iluminaci\u00f3n de la pastoral Parroquial desde hechos 2 En el hoy de la iglesia (Mons.Pedro Barreto, SJ).<\/a> <\/span><\/li><li><span style=\"color: #a91913;\"><a style=\"color: #a91913;\" href=\"https:\/\/agustinosoala.org\/wp-content\/uploads\/2025\/11\/Cronica-America-latina-encuentro-de-pastoral-urbana-y-misionera-Trujillo-Peru-Edinson-Farfan.pdf\" target=\"_blank\" rel=\"noopener\">Cr\u00f3nica: Am\u00e9rica latina, encuentro de pastoral urbana y misionera. Trujillo-Per\u00fa, por: Edinson Farf\u00e1n.<\/a> <\/span><\/li><\/ul><\/div>\n\t\t\t\t\t\t\t\t\t\t\t\t\t<\/div>\n                    <\/div>\n\n                \n\t\t\t\t\t<div class=\"wpr-accordion-item-wrap\">\n\t\t\t\t\t\t<button class=\"wpr-acc-button\">\n\t\t\t\t\t\t\t<span class=\"wpr-acc-item-title\">\n\t\t\t\t\t\t\t\t\t\t\t\t<span class=\"wpr-title-icon\">\n\t\t\t\t\t<i aria-hidden=\"true\" class=\"fas fa-desktop\"><\/i>\t\t\t\t<\/span>\n\t\t\t\n\t\t\t\t\t\t\t\t<span class=\"wpr-acc-title-text\">Reuni\u00f3n de Pastoral Parroquial S\u00e3o Paulo,Enero 2003<\/span>\n\t\t\t\t\t\t\t<\/span>\n\t\t\t\t\t\t\t\t\t\t\t<span class=\"wpr-toggle-icon wpr-ti-close\"><svg aria-hidden=\"true\" class=\"e-font-icon-svg e-fas-plus\" viewbox=\"0 0 448 512\" xmlns=\"http:\/\/www.w3.org\/2000\/svg\"><path d=\"M416 208H272V64c0-17.67-14.33-32-32-32h-32c-17.67 0-32 14.33-32 32v144H32c-17.67 0-32 14.33-32 32v32c0 17.67 14.33 32 32 32h144v144c0 17.67 14.33 32 32 32h32c17.67 0 32-14.33 32-32V304h144c17.67 0 32-14.33 32-32v-32c0-17.67-14.33-32-32-32z\"><\/path><\/svg><\/span>\n\t\t\t\t<span class=\"wpr-toggle-icon wpr-ti-open\"><i aria-hidden=\"true\" class=\"auxicon auxicon-close-1\"><\/i><\/span>\n\t\t\t\t\t\t\t\t\t<\/button>\n\n\t\t\t\t\t\t<div class=\"wpr-acc-panel\">\n\t\t\t\t\t\t\t\t\t\t\t\t\t\t\t<div class=\"wpr-acc-panel-content\"><ul><li><span style=\"color: #a91913;\"><a style=\"color: #a91913;\" href=\"https:\/\/agustinosoala.org\/wp-content\/uploads\/2025\/11\/Encuentro-continental-de-pastoral-urbana-y-misionera.pdf\" target=\"_blank\" rel=\"noopener\">Encuentro continental de pastoral urbana y misionera<\/a><\/span><\/li><li><span style=\"color: #a91913;\"><a style=\"color: #a91913;\" title=\"https:\/\/agustinosoala.org\/wp-content\/uploads\/2025\/11\/La-parroquia-comunidad-de-comunidades.pdf\" href=\"https:\/\/agustinosoala.org\/wp-content\/uploads\/2025\/11\/La-parroquia-comunidad-de-comunidades.pdf\" target=\"_blank\" rel=\"noopener\">La parroquia comunidad de comunidades<\/a> <\/span><\/li><li><span style=\"color: #a91913;\"><a style=\"color: #a91913;\" href=\"https:\/\/agustinosoala.org\/wp-content\/uploads\/2025\/11\/Comunicacion-y-evangelizacion.pdf\" target=\"_blank\" rel=\"noopener\">Comunicaci\u00f3n y evangelizaci\u00f3n.<\/a> <\/span><\/li><li><span style=\"color: #a91913;\"><a style=\"color: #a91913;\" href=\"https:\/\/agustinosoala.org\/wp-content\/uploads\/2025\/11\/Cafayate-experiencia-de-parroquia-misionera.pdf\" target=\"_blank\" rel=\"noopener\">Cafayate experiencia de parroquia misionera<\/a><\/span><\/li><\/ul><\/div>\n\t\t\t\t\t\t\t\t\t\t\t\t\t<\/div>\n                    <\/div>\n\n                            <\/div>\n        \t\t\t\t<\/div>\n\t\t\t\t<\/div>\n\t\t\t\t<\/div>\n\t\t<div class=\"elementor-element elementor-element-b0f7071 e-con-full e-flex wpr-particle-no wpr-jarallax-no wpr-parallax-no wpr-sticky-section-no wpr-equal-height-no e-con e-child\" data-id=\"b0f7071\" data-element_type=\"container\" data-e-type=\"container\">\n\t\t\t\t<div class=\"elementor-element elementor-element-f32aea0 elementor-widget elementor-widget-elementskit-team\" data-id=\"f32aea0\" data-element_type=\"widget\" data-e-type=\"widget\" data-widget_type=\"elementskit-team.default\">\n\t\t\t\t<div class=\"elementor-widget-container\">\n\t\t\t\t\t<div class=\"ekit-wid-con\">\n\t\t\t\n\t\t\t\t<div class=\"profile-square-v square-v4 elementor-animation- ekit-team-style-hover_info\">\n\t\t\t\t\t<div class=\"profile-card text-center\">\n\t\t\t\t\t\t<div class=\"profile-header ekit-team-img\"  data-toggle=\"modal\" data-target=\"#ekit_team_modal_f32aea0_1130\" >\n\t\t\t\t\t\t\t<img fetchpriority=\"high\" decoding=\"async\" width=\"900\" height=\"963\" src=\"https:\/\/agustinosoala.org\/wp-content\/uploads\/2025\/09\/OALA-IMAGEN-EDIT-2-957x1024.png\" class=\"attachment-large size-large wp-image-215\" alt=\"Logo_Oala\" \/>\t\t\t\t\t\t<\/div><!-- .profile-header END -->\n\t\t\t\t\t\t<div class=\"profile-body\">\n\t\t\t\t\t\t\t<h2 class=\"profile-title\">\n\t\t\t\t\t\t\t\t\t\t\t\t\t\t\t<a aria-label=\"profile\" href=\"javascript:void(0)\" data-mfp-src=\"#ekit_team_modal_f32aea0_1130\" class=\"ekit-team-popup\">\n\t\t\t\t\t\t\t\tFr. H\u00e9ctor Izaguirre S\u00e1nchez\t\t\t\t\t\t\t\t<\/a>\n\t\t\t\t\t\t\t\t\t\t\t\t\t\t\t<\/h2>\n\t\t\t\t\t\t\t<p class=\"profile-designation\">Responsable Actual del \u00c1rea<\/p>\n\t\t\t\t\t\t\t\t\t\t\t\t\t\t<ul class=\"ekit-team-social-list\">\n\t\t\t<li class=\"elementor-repeater-item-b21e89d\">\n\t\t\t<a href=\"https:\/\/facebook.com\" aria-label=\"Facebook\">\n\t\t\t\t<i aria-hidden=\"true\" class=\"icon icon-facebook\"><\/i>\t\t\t<\/a>\n\t\t<\/li>\n\t\t\t<li class=\"elementor-repeater-item-09239ac\">\n\t\t\t<a href=\"https:\/\/facebook.com\" aria-label=\"Gmail\">\n\t\t\t\t<i aria-hidden=\"true\" class=\"icon icon-email\"><\/i>\t\t\t<\/a>\n\t\t<\/li>\n\t<\/ul>\n\t\t\t\t\t\t<\/div>\n\t\t\t\t\t<\/div>\n\t\t\t\t<\/div>\n\t\t\t\n\t\t\t\t\t<div class=\"zoom-anim-dialog mfp-hide elementskit-team-popup team-popup-id-f32aea0\" id=\"ekit_team_modal_f32aea0_1130\" tabindex=\"-1\" role=\"dialog\" aria-modal=\"true\">\n\t\t\t\t<div class=\"modal-dialog modal-dialog-centered\" role=\"document\">\n\t\t\t\t\t<div class=\"modal-content\">\n\t\t\t\t\t\t<button type=\"button\" class=\"ekit-team-modal-close\">\n\t\t\t\t\t\t\t<svg aria-hidden=\"true\" class=\"e-font-icon-svg e-fas-times\" viewbox=\"0 0 352 512\" xmlns=\"http:\/\/www.w3.org\/2000\/svg\"><path d=\"M242.72 256l100.07-100.07c12.28-12.28 12.28-32.19 0-44.48l-22.24-22.24c-12.28-12.28-32.19-12.28-44.48 0L176 189.28 75.93 89.21c-12.28-12.28-32.19-12.28-44.48 0L9.21 111.45c-12.28 12.28-12.28 32.19 0 44.48L109.28 256 9.21 356.07c-12.28 12.28-12.28 32.19 0 44.48l22.24 22.24c12.28 12.28 32.2 12.28 44.48 0L176 322.72l100.07 100.07c12.28 12.28 32.2 12.28 44.48 0l22.24-22.24c12.28-12.28 12.28-32.19 0-44.48L242.72 256z\"><\/path><\/svg>\t\t\t\t\t\t<\/button>\n\n\t\t\t\t\t\t<div class=\"modal-body\">\n\t\t\t\t\t\t\t\t\t\t\t\t\t\t\t<div class=\"ekit-team-modal-img\">\n\t\t\t\t\t\t\t\t\t<img fetchpriority=\"high\" decoding=\"async\" width=\"900\" height=\"963\" src=\"https:\/\/agustinosoala.org\/wp-content\/uploads\/2025\/09\/OALA-IMAGEN-EDIT-2-957x1024.png\" class=\"attachment-large size-large wp-image-215\" alt=\"Logo_Oala\" \/>\t\t\t\t\t\t\t\t<\/div>\n\t\t\t\t\t\t\t\n\t\t\t\t\t\t\t<div class=\"ekit-team-modal-info has-img\">\n\t\t\t\t\t\t\t\t<h2 class=\"ekit-team-modal-title\">Fr. H\u00e9ctor Izaguirre S\u00e1nchez<\/h2>\n\t\t\t\t\t\t\t\t<p class=\"ekit-team-modal-position\">Responsable Actual del \u00c1rea<\/p>\n\n\t\t\t\t\t\t\t\t<div class=\"ekit-team-modal-content\">\n\t\t\t\t\t\t\t\t\tUn peque\u00f1o r\u00edo llamado Duden fluye junto a su casa y la abastece de lo necesario\t\t\t\t\t\t\t\t<\/div>\n\n\t\t\t\t\t\t\t\t\t\t\t\t\t\t\t\t\t<ul class=\"ekit-team-modal-list\">\n\t\t\t\t\t\t\t\t\t\t\t\t\t\t\t\t\t\t\t\t\t<li><strong>Tel\u00e9fono:<\/strong><a href=\"tel:+1 (859) 254-6589\">+1 (859) 254-6589<\/a><\/li>\n\t\t\t\t\t\t\t\t\t\t\n\t\t\t\t\t\t\t\t\t\t\t\t\t\t\t\t\t\t\t\t\t<li><strong>Correo electr\u00f3nico:<\/strong><a href=\"mailto:info@example.com\">info@example.com<\/a><\/li>\n\t\t\t\t\t\t\t\t\t\t\t\t\t\t\t\t\t\t\t<\/ul>\n\t\t\t\t\t\t\t\t\n\t\t\t\t\t\t\t\t<ul class=\"ekit-team-social-list\">\n\t\t\t<li class=\"elementor-repeater-item-b21e89d\">\n\t\t\t<a href=\"https:\/\/facebook.com\" aria-label=\"Facebook\">\n\t\t\t\t<i aria-hidden=\"true\" class=\"icon icon-facebook\"><\/i>\t\t\t<\/a>\n\t\t<\/li>\n\t\t\t<li class=\"elementor-repeater-item-09239ac\">\n\t\t\t<a href=\"https:\/\/facebook.com\" aria-label=\"Gmail\">\n\t\t\t\t<i aria-hidden=\"true\" class=\"icon icon-email\"><\/i>\t\t\t<\/a>\n\t\t<\/li>\n\t<\/ul>\n\t\t\t\t\t\t\t<\/div>\n\t\t\t\t\t\t<\/div>\n\t\t\t\t\t<\/div>\n\t\t\t\t<\/div>\n\t\t\t<\/div>\n\t\t\t\t<\/div>\t\t\t\t<\/div>\n\t\t\t\t<\/div>\n\t\t\t\t<\/div>\n\t\t\t\t\t<\/div>\n\t\t\t\t<\/div>\n\t\t\t\t<\/div>","protected":false},"excerpt":{"rendered":"<p>\u00abNos hiciste, Se\u00f1or, para ti, y nuestro coraz\u00f3n est\u00e1 inquieto hasta que descanse en ti\u00bb San Agust\u00edn. Confessiones (Confesiones), Libro I, cap. 1. Pastoral Urbana Y Misionera Evaluaci\u00f3n 2020 Informe &#8211; Evaluaci\u00f3n Encuentro de Pastoral Parroquial Iquitos 2017 Convocatoria al Encuentro de pastoral urbana y misionera Iquitos 2017 Participantes del Encuentro continental de pastoral urbana y misionera 2017 Mensaje Asistente General de la Orden Palabras de Bienvenida del Vicario de Iquitos, Anto\u00f1o Lozan Pun Lay OSA Discurso inaugural. Fray Fidel Alvarado OSA Palabras del Secretario General de OALA Edinson Farfan OSA Tema: Pastoral Rural y Urbana: Mons. Miguel Olaortua Laspra, O.S.A La Pastoral Parroquial: Monse\u00f1or Daniel Turley Murpy OSA Encuentro Continental De Pastoral Urbana Y Misionera \u201cConversi\u00f3n Pastoral Para Una Nueva Evangelizaci\u00f3n\u201d. Trujillo, Per\u00fa &#8211; 2014. Palabras de bienvenida a todos los hermanos que participar\u00e1n del Encuentro de pastoral urbana y misionera desde el 11 al 15 de agosto. Encuentro de pastoral urbana y misionera. Correos electr\u00f3nicos de hermanos p\u00e1rrocos. Criterios pastorales para revitalizar la iglesia El reto de la nueva evangelizaci\u00f3n en Am\u00e9rica latina. La parroquia con rasgos agustinianos que Respondan a la nueva evangelizaci\u00f3n (P. Miguel Fuertes, OSA) Pastoral parroquial (P. Juan Lydac, OSA) Conversi\u00f3n pastoral para una nueva Evangelizaci\u00f3n (P. Arturo Purcaro) Iluminaci\u00f3n de la pastoral Parroquial desde hechos 2 En el hoy de la iglesia (Mons.Pedro Barreto, SJ). Cr\u00f3nica: Am\u00e9rica latina, encuentro de pastoral urbana y misionera. Trujillo-Per\u00fa, por: Edinson Farf\u00e1n. Reuni\u00f3n de Pastoral Parroquial S\u00e3o Paulo,Enero 2003 Encuentro continental de pastoral urbana y misionera La parroquia comunidad de comunidades Comunicaci\u00f3n y evangelizaci\u00f3n. Cafayate experiencia de parroquia misionera Fr. H\u00e9ctor Izaguirre S\u00e1nchez Responsable Actual del \u00c1rea Fr. H\u00e9ctor Izaguirre S\u00e1nchez Responsable Actual del \u00c1rea Un peque\u00f1o r\u00edo llamado Duden fluye junto a su casa y la abastece de lo necesario Tel\u00e9fono:+1 (859) 254-6589 Correo electr\u00f3nico:info@example.com<\/p>","protected":false},"author":1,"featured_media":0,"comment_status":"closed","ping_status":"closed","sticky":false,"template":"elementor_header_footer","format":"standard","meta":{"inline_featured_image":false,"postBodyCss":"","postBodyMargin":[],"postBodyPadding":[],"postBodyBackground":{"backgroundType":"classic","gradient":""},"footnotes":""},"categories":[32],"tags":[37,36,40,41],"class_list":["post-1130","post","type-post","status-publish","format-standard","hentry","category-areas","tag-agustinos","tag-agustinos-latinoamerica","tag-pastoral-urbana-y-misionera-oala","tag-pastoral-urbana-y-misionera-organizacion-de-los-agustinos-de-america-latina"],"yoast_head":"<!-- This site is optimized with the Yoast SEO plugin v27.5 - https:\/\/yoast.com\/product\/yoast-seo-wordpress\/ -->\n<title>Pastoral Urbana Y Misionera - OALA - Organizaci\u00f3n de los Agustinos de Am\u00e9rica Latina<\/title>\n<meta name=\"robots\" content=\"index, follow, max-snippet:-1, max-image-preview:large, max-video-preview:-1\" \/>\n<link rel=\"canonical\" href=\"https:\/\/agustinosoala.org\/pt\/pastoral-urbana-misionera\/\" \/>\n<meta property=\"og:locale\" content=\"pt_BR\" \/>\n<meta property=\"og:type\" content=\"article\" \/>\n<meta property=\"og:title\" content=\"Pastoral Urbana Y Misionera - OALA - Organizaci\u00f3n de los Agustinos de Am\u00e9rica Latina\" \/>\n<meta property=\"og:description\" content=\"\u00abNos hiciste, Se\u00f1or, para ti, y nuestro coraz\u00f3n est\u00e1 inquieto hasta que descanse en ti\u00bb San Agust\u00edn. Confessiones (Confesiones), Libro I, cap. 1. Pastoral Urbana Y Misionera Evaluaci\u00f3n 2020 Informe &#8211; Evaluaci\u00f3n Encuentro de Pastoral Parroquial Iquitos 2017 Convocatoria al Encuentro de pastoral urbana y misionera Iquitos 2017 Participantes del Encuentro continental de pastoral urbana y misionera 2017 Mensaje Asistente General de la Orden Palabras de Bienvenida del Vicario de Iquitos, Anto\u00f1o Lozan Pun Lay OSA Discurso inaugural. Fray Fidel Alvarado OSA Palabras del Secretario General de OALA Edinson Farfan OSA Tema: Pastoral Rural y Urbana: Mons. Miguel Olaortua Laspra, O.S.A La Pastoral Parroquial: Monse\u00f1or Daniel Turley Murpy OSA Encuentro Continental De Pastoral Urbana Y Misionera \u201cConversi\u00f3n Pastoral Para Una Nueva Evangelizaci\u00f3n\u201d. Trujillo, Per\u00fa &#8211; 2014. Palabras de bienvenida a todos los hermanos que participar\u00e1n del Encuentro de pastoral urbana y misionera desde el 11 al 15 de agosto. Encuentro de pastoral urbana y misionera. Correos electr\u00f3nicos de hermanos p\u00e1rrocos. Criterios pastorales para revitalizar la iglesia El reto de la nueva evangelizaci\u00f3n en Am\u00e9rica latina. La parroquia con rasgos agustinianos que Respondan a la nueva evangelizaci\u00f3n (P. Miguel Fuertes, OSA) Pastoral parroquial (P. Juan Lydac, OSA) Conversi\u00f3n pastoral para una nueva Evangelizaci\u00f3n (P. Arturo Purcaro) Iluminaci\u00f3n de la pastoral Parroquial desde hechos 2 En el hoy de la iglesia (Mons.Pedro Barreto, SJ). Cr\u00f3nica: Am\u00e9rica latina, encuentro de pastoral urbana y misionera. Trujillo-Per\u00fa, por: Edinson Farf\u00e1n. Reuni\u00f3n de Pastoral Parroquial S\u00e3o Paulo,Enero 2003 Encuentro continental de pastoral urbana y misionera La parroquia comunidad de comunidades Comunicaci\u00f3n y evangelizaci\u00f3n. Cafayate experiencia de parroquia misionera Fr. H\u00e9ctor Izaguirre S\u00e1nchez Responsable Actual del \u00c1rea Fr. H\u00e9ctor Izaguirre S\u00e1nchez Responsable Actual del \u00c1rea Un peque\u00f1o r\u00edo llamado Duden fluye junto a su casa y la abastece de lo necesario Tel\u00e9fono:+1 (859) 254-6589 Correo electr\u00f3nico:info@example.com\" \/>\n<meta property=\"og:url\" content=\"https:\/\/agustinosoala.org\/pt\/pastoral-urbana-misionera\/\" \/>\n<meta property=\"og:site_name\" content=\"OALA - Organizaci\u00f3n de los Agustinos de Am\u00e9rica Latina\" \/>\n<meta property=\"article:publisher\" content=\"https:\/\/www.facebook.com\/oalagustinos\" \/>\n<meta property=\"article:author\" content=\"https:\/\/www.facebook.com\/EdgarLizardo3006\/\" \/>\n<meta property=\"article:published_time\" content=\"2025-11-09T17:35:35+00:00\" \/>\n<meta property=\"article:modified_time\" content=\"2025-12-05T22:07:20+00:00\" \/>\n<meta property=\"og:image\" content=\"https:\/\/agustinosoala.org\/wp-content\/uploads\/2025\/09\/OALA-IMAGEN-EDIT-2-957x1024.png\" \/>\n<meta name=\"author\" content=\"Edgar F.A\" \/>\n<meta name=\"twitter:card\" content=\"summary_large_image\" \/>\n<meta name=\"twitter:creator\" content=\"@https:\/\/x.com\/EDGAR_LIZARDO30\" \/>\n<meta name=\"twitter:label1\" content=\"Written by\" \/>\n\t<meta name=\"twitter:data1\" content=\"Edgar F.A\" \/>\n\t<meta name=\"twitter:label2\" content=\"Est. reading time\" \/>\n\t<meta name=\"twitter:data2\" content=\"2 minutos\" \/>\n<script type=\"application\/ld+json\" class=\"yoast-schema-graph\">{\"@context\":\"https:\\\/\\\/schema.org\",\"@graph\":[{\"@type\":\"Article\",\"@id\":\"https:\\\/\\\/agustinosoala.org\\\/pastoral-urbana-misionera\\\/#article\",\"isPartOf\":{\"@id\":\"https:\\\/\\\/agustinosoala.org\\\/pastoral-urbana-misionera\\\/\"},\"author\":{\"name\":\"Edgar F.A\",\"@id\":\"https:\\\/\\\/agustinosoala.org\\\/#\\\/schema\\\/person\\\/178932e184c8d3466b6667113d199936\"},\"headline\":\"Pastoral Urbana Y Misionera\",\"datePublished\":\"2025-11-09T17:35:35+00:00\",\"dateModified\":\"2025-12-05T22:07:20+00:00\",\"mainEntityOfPage\":{\"@id\":\"https:\\\/\\\/agustinosoala.org\\\/pastoral-urbana-misionera\\\/\"},\"wordCount\":332,\"publisher\":{\"@id\":\"https:\\\/\\\/agustinosoala.org\\\/#organization\"},\"image\":{\"@id\":\"https:\\\/\\\/agustinosoala.org\\\/pastoral-urbana-misionera\\\/#primaryimage\"},\"thumbnailUrl\":\"https:\\\/\\\/agustinosoala.org\\\/wp-content\\\/uploads\\\/2025\\\/09\\\/OALA-IMAGEN-EDIT-2-957x1024.png\",\"keywords\":[\"Agustinos\",\"Agustinos Latinoamerica\",\"Pastoral Urbana Y Misionera Oala\",\"Pastoral Urbana Y Misionera Organizaci\u00f3n de los Agustinos de Am\u00e9rica Latina\"],\"articleSection\":[\"Areas\"],\"inLanguage\":\"pt-BR\"},{\"@type\":\"WebPage\",\"@id\":\"https:\\\/\\\/agustinosoala.org\\\/pastoral-urbana-misionera\\\/\",\"url\":\"https:\\\/\\\/agustinosoala.org\\\/pastoral-urbana-misionera\\\/\",\"name\":\"Pastoral Urbana Y Misionera - OALA - Organizaci\u00f3n de los Agustinos de Am\u00e9rica Latina\",\"isPartOf\":{\"@id\":\"https:\\\/\\\/agustinosoala.org\\\/#website\"},\"primaryImageOfPage\":{\"@id\":\"https:\\\/\\\/agustinosoala.org\\\/pastoral-urbana-misionera\\\/#primaryimage\"},\"image\":{\"@id\":\"https:\\\/\\\/agustinosoala.org\\\/pastoral-urbana-misionera\\\/#primaryimage\"},\"thumbnailUrl\":\"https:\\\/\\\/agustinosoala.org\\\/wp-content\\\/uploads\\\/2025\\\/09\\\/OALA-IMAGEN-EDIT-2-957x1024.png\",\"datePublished\":\"2025-11-09T17:35:35+00:00\",\"dateModified\":\"2025-12-05T22:07:20+00:00\",\"breadcrumb\":{\"@id\":\"https:\\\/\\\/agustinosoala.org\\\/pastoral-urbana-misionera\\\/#breadcrumb\"},\"inLanguage\":\"pt-BR\",\"potentialAction\":[{\"@type\":\"ReadAction\",\"target\":[\"https:\\\/\\\/agustinosoala.org\\\/pastoral-urbana-misionera\\\/\"]}]},{\"@type\":\"ImageObject\",\"inLanguage\":\"pt-BR\",\"@id\":\"https:\\\/\\\/agustinosoala.org\\\/pastoral-urbana-misionera\\\/#primaryimage\",\"url\":\"https:\\\/\\\/agustinosoala.org\\\/wp-content\\\/uploads\\\/2025\\\/09\\\/OALA-IMAGEN-EDIT-2-957x1024.png\",\"contentUrl\":\"https:\\\/\\\/agustinosoala.org\\\/wp-content\\\/uploads\\\/2025\\\/09\\\/OALA-IMAGEN-EDIT-2-957x1024.png\"},{\"@type\":\"BreadcrumbList\",\"@id\":\"https:\\\/\\\/agustinosoala.org\\\/pastoral-urbana-misionera\\\/#breadcrumb\",\"itemListElement\":[{\"@type\":\"ListItem\",\"position\":1,\"name\":\"Portada\",\"item\":\"https:\\\/\\\/agustinosoala.org\\\/\"},{\"@type\":\"ListItem\",\"position\":2,\"name\":\"Pastoral Urbana Y Misionera\"}]},{\"@type\":\"WebSite\",\"@id\":\"https:\\\/\\\/agustinosoala.org\\\/#website\",\"url\":\"https:\\\/\\\/agustinosoala.org\\\/\",\"name\":\"Organizaci\u00f3n de los Agustinos de Am\u00e9rica Latina - OALA\",\"description\":\"&quot;Comunidad agustiniana comprometida con la fe, la misi\u00f3n y el servicio en latinoamerica.&quot;\",\"publisher\":{\"@id\":\"https:\\\/\\\/agustinosoala.org\\\/#organization\"},\"alternateName\":\"OALA\",\"potentialAction\":[{\"@type\":\"SearchAction\",\"target\":{\"@type\":\"EntryPoint\",\"urlTemplate\":\"https:\\\/\\\/agustinosoala.org\\\/?s={search_term_string}\"},\"query-input\":{\"@type\":\"PropertyValueSpecification\",\"valueRequired\":true,\"valueName\":\"search_term_string\"}}],\"inLanguage\":\"pt-BR\"},{\"@type\":\"Organization\",\"@id\":\"https:\\\/\\\/agustinosoala.org\\\/#organization\",\"name\":\"Organizaci\u00f3n de los Agustinos de Am\u00e9rica Latina - OALA\",\"alternateName\":\"OALA\",\"url\":\"https:\\\/\\\/agustinosoala.org\\\/\",\"logo\":{\"@type\":\"ImageObject\",\"inLanguage\":\"pt-BR\",\"@id\":\"https:\\\/\\\/agustinosoala.org\\\/#\\\/schema\\\/logo\\\/image\\\/\",\"url\":\"https:\\\/\\\/agustinosoala.org\\\/wp-content\\\/uploads\\\/2025\\\/09\\\/logo-oala.webp\",\"contentUrl\":\"https:\\\/\\\/agustinosoala.org\\\/wp-content\\\/uploads\\\/2025\\\/09\\\/logo-oala.webp\",\"width\":70,\"height\":70,\"caption\":\"Organizaci\u00f3n de los Agustinos de Am\u00e9rica Latina - OALA\"},\"image\":{\"@id\":\"https:\\\/\\\/agustinosoala.org\\\/#\\\/schema\\\/logo\\\/image\\\/\"},\"sameAs\":[\"https:\\\/\\\/www.facebook.com\\\/oalagustinos\",\"https:\\\/\\\/www.youtube.com\\\/@oalagustinos\",\"https:\\\/\\\/www.instagram.com\\\/oalagustinos_\\\/\"]},{\"@type\":\"Person\",\"@id\":\"https:\\\/\\\/agustinosoala.org\\\/#\\\/schema\\\/person\\\/178932e184c8d3466b6667113d199936\",\"name\":\"Edgar F.A\",\"image\":{\"@type\":\"ImageObject\",\"inLanguage\":\"pt-BR\",\"@id\":\"https:\\\/\\\/secure.gravatar.com\\\/avatar\\\/6c9a108d59d32f65fd46cd81d74f68e9d3b5f426c259d6576a17c714edb363b6?s=96&d=mm&r=g\",\"url\":\"https:\\\/\\\/secure.gravatar.com\\\/avatar\\\/6c9a108d59d32f65fd46cd81d74f68e9d3b5f426c259d6576a17c714edb363b6?s=96&d=mm&r=g\",\"contentUrl\":\"https:\\\/\\\/secure.gravatar.com\\\/avatar\\\/6c9a108d59d32f65fd46cd81d74f68e9d3b5f426c259d6576a17c714edb363b6?s=96&d=mm&r=g\",\"caption\":\"Edgar F.A\"},\"description\":\"Ingeniero de sistemas\",\"sameAs\":[\"https:\\\/\\\/agustinosoala.org\",\"https:\\\/\\\/www.facebook.com\\\/EdgarLizardo3006\\\/\",\"https:\\\/\\\/x.com\\\/https:\\\/\\\/x.com\\\/EDGAR_LIZARDO30\"]}]}<\/script>\n<!-- \/ Yoast SEO plugin. -->","yoast_head_json":{"title":"Pastoral Urbana Y Misionera - OALA - Organizaci\u00f3n de los Agustinos de Am\u00e9rica Latina","robots":{"index":"index","follow":"follow","max-snippet":"max-snippet:-1","max-image-preview":"max-image-preview:large","max-video-preview":"max-video-preview:-1"},"canonical":"https:\/\/agustinosoala.org\/pt\/pastoral-urbana-misionera\/","og_locale":"pt_BR","og_type":"article","og_title":"Pastoral Urbana Y Misionera - OALA - Organizaci\u00f3n de los Agustinos de Am\u00e9rica Latina","og_description":"\u00abNos hiciste, Se\u00f1or, para ti, y nuestro coraz\u00f3n est\u00e1 inquieto hasta que descanse en ti\u00bb San Agust\u00edn. Confessiones (Confesiones), Libro I, cap. 1. Pastoral Urbana Y Misionera Evaluaci\u00f3n 2020 Informe &#8211; Evaluaci\u00f3n Encuentro de Pastoral Parroquial Iquitos 2017 Convocatoria al Encuentro de pastoral urbana y misionera Iquitos 2017 Participantes del Encuentro continental de pastoral urbana y misionera 2017 Mensaje Asistente General de la Orden Palabras de Bienvenida del Vicario de Iquitos, Anto\u00f1o Lozan Pun Lay OSA Discurso inaugural. Fray Fidel Alvarado OSA Palabras del Secretario General de OALA Edinson Farfan OSA Tema: Pastoral Rural y Urbana: Mons. Miguel Olaortua Laspra, O.S.A La Pastoral Parroquial: Monse\u00f1or Daniel Turley Murpy OSA Encuentro Continental De Pastoral Urbana Y Misionera \u201cConversi\u00f3n Pastoral Para Una Nueva Evangelizaci\u00f3n\u201d. Trujillo, Per\u00fa &#8211; 2014. Palabras de bienvenida a todos los hermanos que participar\u00e1n del Encuentro de pastoral urbana y misionera desde el 11 al 15 de agosto. Encuentro de pastoral urbana y misionera. Correos electr\u00f3nicos de hermanos p\u00e1rrocos. Criterios pastorales para revitalizar la iglesia El reto de la nueva evangelizaci\u00f3n en Am\u00e9rica latina. La parroquia con rasgos agustinianos que Respondan a la nueva evangelizaci\u00f3n (P. Miguel Fuertes, OSA) Pastoral parroquial (P. Juan Lydac, OSA) Conversi\u00f3n pastoral para una nueva Evangelizaci\u00f3n (P. Arturo Purcaro) Iluminaci\u00f3n de la pastoral Parroquial desde hechos 2 En el hoy de la iglesia (Mons.Pedro Barreto, SJ). Cr\u00f3nica: Am\u00e9rica latina, encuentro de pastoral urbana y misionera. Trujillo-Per\u00fa, por: Edinson Farf\u00e1n. Reuni\u00f3n de Pastoral Parroquial S\u00e3o Paulo,Enero 2003 Encuentro continental de pastoral urbana y misionera La parroquia comunidad de comunidades Comunicaci\u00f3n y evangelizaci\u00f3n. Cafayate experiencia de parroquia misionera Fr. H\u00e9ctor Izaguirre S\u00e1nchez Responsable Actual del \u00c1rea Fr. H\u00e9ctor Izaguirre S\u00e1nchez Responsable Actual del \u00c1rea Un peque\u00f1o r\u00edo llamado Duden fluye junto a su casa y la abastece de lo necesario Tel\u00e9fono:+1 (859) 254-6589 Correo electr\u00f3nico:info@example.com","og_url":"https:\/\/agustinosoala.org\/pt\/pastoral-urbana-misionera\/","og_site_name":"OALA - Organizaci\u00f3n de los Agustinos de Am\u00e9rica Latina","article_publisher":"https:\/\/www.facebook.com\/oalagustinos","article_author":"https:\/\/www.facebook.com\/EdgarLizardo3006\/","article_published_time":"2025-11-09T17:35:35+00:00","article_modified_time":"2025-12-05T22:07:20+00:00","og_image":[{"url":"https:\/\/agustinosoala.org\/wp-content\/uploads\/2025\/09\/OALA-IMAGEN-EDIT-2-957x1024.png","type":"","width":"","height":""}],"author":"Edgar F.A","twitter_card":"summary_large_image","twitter_creator":"@https:\/\/x.com\/EDGAR_LIZARDO30","twitter_misc":{"Written by":"Edgar F.A","Est. reading time":"2 minutos"},"schema":{"@context":"https:\/\/schema.org","@graph":[{"@type":"Article","@id":"https:\/\/agustinosoala.org\/pastoral-urbana-misionera\/#article","isPartOf":{"@id":"https:\/\/agustinosoala.org\/pastoral-urbana-misionera\/"},"author":{"name":"Edgar F.A","@id":"https:\/\/agustinosoala.org\/#\/schema\/person\/178932e184c8d3466b6667113d199936"},"headline":"Pastoral Urbana Y Misionera","datePublished":"2025-11-09T17:35:35+00:00","dateModified":"2025-12-05T22:07:20+00:00","mainEntityOfPage":{"@id":"https:\/\/agustinosoala.org\/pastoral-urbana-misionera\/"},"wordCount":332,"publisher":{"@id":"https:\/\/agustinosoala.org\/#organization"},"image":{"@id":"https:\/\/agustinosoala.org\/pastoral-urbana-misionera\/#primaryimage"},"thumbnailUrl":"https:\/\/agustinosoala.org\/wp-content\/uploads\/2025\/09\/OALA-IMAGEN-EDIT-2-957x1024.png","keywords":["Agustinos","Agustinos Latinoamerica","Pastoral Urbana Y Misionera Oala","Pastoral Urbana Y Misionera Organizaci\u00f3n de los Agustinos de Am\u00e9rica Latina"],"articleSection":["Areas"],"inLanguage":"pt-BR"},{"@type":"WebPage","@id":"https:\/\/agustinosoala.org\/pastoral-urbana-misionera\/","url":"https:\/\/agustinosoala.org\/pastoral-urbana-misionera\/","name":"Pastoral Urbana Y Misionera - OALA - Organizaci\u00f3n de los Agustinos de Am\u00e9rica Latina","isPartOf":{"@id":"https:\/\/agustinosoala.org\/#website"},"primaryImageOfPage":{"@id":"https:\/\/agustinosoala.org\/pastoral-urbana-misionera\/#primaryimage"},"image":{"@id":"https:\/\/agustinosoala.org\/pastoral-urbana-misionera\/#primaryimage"},"thumbnailUrl":"https:\/\/agustinosoala.org\/wp-content\/uploads\/2025\/09\/OALA-IMAGEN-EDIT-2-957x1024.png","datePublished":"2025-11-09T17:35:35+00:00","dateModified":"2025-12-05T22:07:20+00:00","breadcrumb":{"@id":"https:\/\/agustinosoala.org\/pastoral-urbana-misionera\/#breadcrumb"},"inLanguage":"pt-BR","potentialAction":[{"@type":"ReadAction","target":["https:\/\/agustinosoala.org\/pastoral-urbana-misionera\/"]}]},{"@type":"ImageObject","inLanguage":"pt-BR","@id":"https:\/\/agustinosoala.org\/pastoral-urbana-misionera\/#primaryimage","url":"https:\/\/agustinosoala.org\/wp-content\/uploads\/2025\/09\/OALA-IMAGEN-EDIT-2-957x1024.png","contentUrl":"https:\/\/agustinosoala.org\/wp-content\/uploads\/2025\/09\/OALA-IMAGEN-EDIT-2-957x1024.png"},{"@type":"BreadcrumbList","@id":"https:\/\/agustinosoala.org\/pastoral-urbana-misionera\/#breadcrumb","itemListElement":[{"@type":"ListItem","position":1,"name":"Portada","item":"https:\/\/agustinosoala.org\/"},{"@type":"ListItem","position":2,"name":"Pastoral Urbana Y Misionera"}]},{"@type":"WebSite","@id":"https:\/\/agustinosoala.org\/#website","url":"https:\/\/agustinosoala.org\/","name":"Organizaci\u00f3n de los Agustinos de Am\u00e9rica Latina - OALA","description":"&quot;Comunidad agustiniana comprometida con la fe, la misi\u00f3n y el servicio en latinoamerica.&quot;","publisher":{"@id":"https:\/\/agustinosoala.org\/#organization"},"alternateName":"OALA","potentialAction":[{"@type":"SearchAction","target":{"@type":"EntryPoint","urlTemplate":"https:\/\/agustinosoala.org\/?s={search_term_string}"},"query-input":{"@type":"PropertyValueSpecification","valueRequired":true,"valueName":"search_term_string"}}],"inLanguage":"pt-BR"},{"@type":"Organization","@id":"https:\/\/agustinosoala.org\/#organization","name":"Organizaci\u00f3n de los Agustinos de Am\u00e9rica Latina - OALA","alternateName":"OALA","url":"https:\/\/agustinosoala.org\/","logo":{"@type":"ImageObject","inLanguage":"pt-BR","@id":"https:\/\/agustinosoala.org\/#\/schema\/logo\/image\/","url":"https:\/\/agustinosoala.org\/wp-content\/uploads\/2025\/09\/logo-oala.webp","contentUrl":"https:\/\/agustinosoala.org\/wp-content\/uploads\/2025\/09\/logo-oala.webp","width":70,"height":70,"caption":"Organizaci\u00f3n de los Agustinos de Am\u00e9rica Latina - OALA"},"image":{"@id":"https:\/\/agustinosoala.org\/#\/schema\/logo\/image\/"},"sameAs":["https:\/\/www.facebook.com\/oalagustinos","https:\/\/www.youtube.com\/@oalagustinos","https:\/\/www.instagram.com\/oalagustinos_\/"]},{"@type":"Person","@id":"https:\/\/agustinosoala.org\/#\/schema\/person\/178932e184c8d3466b6667113d199936","name":"Edgar F.A","image":{"@type":"ImageObject","inLanguage":"pt-BR","@id":"https:\/\/secure.gravatar.com\/avatar\/6c9a108d59d32f65fd46cd81d74f68e9d3b5f426c259d6576a17c714edb363b6?s=96&d=mm&r=g","url":"https:\/\/secure.gravatar.com\/avatar\/6c9a108d59d32f65fd46cd81d74f68e9d3b5f426c259d6576a17c714edb363b6?s=96&d=mm&r=g","contentUrl":"https:\/\/secure.gravatar.com\/avatar\/6c9a108d59d32f65fd46cd81d74f68e9d3b5f426c259d6576a17c714edb363b6?s=96&d=mm&r=g","caption":"Edgar F.A"},"description":"Ingeniero de sistemas","sameAs":["https:\/\/agustinosoala.org","https:\/\/www.facebook.com\/EdgarLizardo3006\/","https:\/\/x.com\/https:\/\/x.com\/EDGAR_LIZARDO30"]}]}},"_links":{"self":[{"href":"https:\/\/agustinosoala.org\/pt\/wp-json\/wp\/v2\/posts\/1130","targetHints":{"allow":["GET"]}}],"collection":[{"href":"https:\/\/agustinosoala.org\/pt\/wp-json\/wp\/v2\/posts"}],"about":[{"href":"https:\/\/agustinosoala.org\/pt\/wp-json\/wp\/v2\/types\/post"}],"author":[{"embeddable":true,"href":"https:\/\/agustinosoala.org\/pt\/wp-json\/wp\/v2\/users\/1"}],"replies":[{"embeddable":true,"href":"https:\/\/agustinosoala.org\/pt\/wp-json\/wp\/v2\/comments?post=1130"}],"version-history":[{"count":19,"href":"https:\/\/agustinosoala.org\/pt\/wp-json\/wp\/v2\/posts\/1130\/revisions"}],"predecessor-version":[{"id":2317,"href":"https:\/\/agustinosoala.org\/pt\/wp-json\/wp\/v2\/posts\/1130\/revisions\/2317"}],"wp:attachment":[{"href":"https:\/\/agustinosoala.org\/pt\/wp-json\/wp\/v2\/media?parent=1130"}],"wp:term":[{"taxonomy":"category","embeddable":true,"href":"https:\/\/agustinosoala.org\/pt\/wp-json\/wp\/v2\/categories?post=1130"},{"taxonomy":"post_tag","embeddable":true,"href":"https:\/\/agustinosoala.org\/pt\/wp-json\/wp\/v2\/tags?post=1130"}],"curies":[{"name":"wp","href":"https:\/\/api.w.org\/{rel}","templated":true}]}}