{"id":120,"date":"2025-09-19T01:06:19","date_gmt":"2025-09-19T01:06:19","guid":{"rendered":"http:\/\/ek4.5fa.mytemp.website\/?p=120"},"modified":"2026-03-29T06:02:06","modified_gmt":"2026-03-29T06:02:06","slug":"lorem-ipsum-dolor-sit-amet-consectetur-adipiscing-elit-pharetra-pellentesque-fames","status":"publish","type":"post","link":"https:\/\/agustinosoala.org\/pt\/lorem-ipsum-dolor-sit-amet-consectetur-adipiscing-elit-pharetra-pellentesque-fames\/","title":{"rendered":"450 A\u00d1OS DE PRESENCIA AGUSTINIANA EN COLOMBIA"},"content":{"rendered":"<div data-elementor-type=\"wp-post\" data-elementor-id=\"120\" class=\"elementor elementor-120\">\n\t\t\t\t<div class=\"aux-parallax-section elementor-element elementor-element-6e8f43c1 e-flex e-con-boxed wpr-particle-no wpr-jarallax-no wpr-parallax-no wpr-sticky-section-no wpr-equal-height-no e-con e-parent\" data-id=\"6e8f43c1\" data-element_type=\"container\" data-e-type=\"container\" data-settings=\"{&quot;background_background&quot;:&quot;classic&quot;}\">\n\t\t\t\t\t<div class=\"e-con-inner\">\n\t\t<div class=\"elementor-element elementor-element-4b7063f1 e-con-full e-flex wpr-particle-no wpr-jarallax-no wpr-parallax-no wpr-sticky-section-no wpr-equal-height-no e-con e-child\" data-id=\"4b7063f1\" data-element_type=\"container\" data-e-type=\"container\" data-settings=\"{&quot;background_background&quot;:&quot;classic&quot;}\">\n\t\t\t\t<div class=\"elementor-element elementor-element-1161989b elementor-widget elementor-widget-elementskit-heading\" data-id=\"1161989b\" data-element_type=\"widget\" data-e-type=\"widget\" data-widget_type=\"elementskit-heading.default\">\n\t\t\t\t\t<div class=\"ekit-wid-con\" ><div class=\"ekit-heading elementskit-section-title-wraper text_center   ekit_heading_tablet-   ekit_heading_mobile-\"><h3 class=\"ekit-heading--title elementskit-section-title\"><span><span>\"<\/span><\/span>Nos hiciste, Se\u00f1or, para ti, y nuestro coraz\u00f3n est\u00e1 inquieto hasta que descanse en ti<span><span>\"<\/span><\/span> <span><span>San Agust\u00edn. Confessiones (Confesiones), Libro I, cap. 1.<\/span><\/span><\/h3><\/div><\/div>\t\t\t\t<\/div>\n\t\t\t\t<\/div>\n\t\t\t\t\t<\/div>\n\t\t\t\t<\/div>\n\t\t<div class=\"aux-parallax-section elementor-element elementor-element-46ffa486 e-flex e-con-boxed wpr-particle-no wpr-jarallax-no wpr-parallax-no wpr-sticky-section-no wpr-equal-height-no e-con e-parent\" data-id=\"46ffa486\" data-element_type=\"container\" data-e-type=\"container\">\n\t\t\t\t\t<div class=\"e-con-inner\">\n\t\t\t\t<div class=\"elementor-element elementor-element-30ecb8a1 elementor-widget elementor-widget-heading\" data-id=\"30ecb8a1\" data-element_type=\"widget\" data-e-type=\"widget\" data-widget_type=\"heading.default\">\n\t\t\t\t\t<h2 class=\"elementor-heading-title elementor-size-default\"><a href=\"https:\/\/agustinosoala.org\/pt\/noticias-eventos\/\">Post \/ ....<\/a><\/h2>\t\t\t\t<\/div>\n\t\t\t\t\t<\/div>\n\t\t\t\t<\/div>\n\t\t<div class=\"aux-parallax-section elementor-element elementor-element-400d4112 e-flex e-con-boxed wpr-particle-no wpr-jarallax-no wpr-parallax-no wpr-sticky-section-no wpr-equal-height-no e-con e-parent\" data-id=\"400d4112\" data-element_type=\"container\" data-e-type=\"container\">\n\t\t\t\t\t<div class=\"e-con-inner\">\n\t\t<div class=\"elementor-element elementor-element-5649b4e e-con-full e-flex wpr-particle-no wpr-jarallax-no wpr-parallax-no wpr-sticky-section-no wpr-equal-height-no e-con e-child\" data-id=\"5649b4e\" data-element_type=\"container\" data-e-type=\"container\">\n\t\t\t\t<div class=\"elementor-element elementor-element-2d4818d4 elementor-widget elementor-widget-wpr-post-title\" data-id=\"2d4818d4\" data-element_type=\"widget\" data-e-type=\"widget\" data-widget_type=\"wpr-post-title.default\">\n\t\t\t\t\t<h1 class=\"wpr-post-title\">450 A\u00d1OS DE PRESENCIA AGUSTINIANA EN COLOMBIA<\/h1>\t\t\t\t<\/div>\n\t\t<div class=\"elementor-element elementor-element-1b69f7bb e-flex e-con-boxed wpr-particle-no wpr-jarallax-no wpr-parallax-no wpr-sticky-section-no wpr-equal-height-no e-con e-child\" data-id=\"1b69f7bb\" data-element_type=\"container\" data-e-type=\"container\">\n\t\t\t\t\t<div class=\"e-con-inner\">\n\t\t<div class=\"elementor-element elementor-element-7f85402c e-con-full e-flex wpr-particle-no wpr-jarallax-no wpr-parallax-no wpr-sticky-section-no wpr-equal-height-no e-con e-child\" data-id=\"7f85402c\" data-element_type=\"container\" data-e-type=\"container\">\n\t\t\t\t<div class=\"elementor-element elementor-element-289786a7 elementor-vertical-align-middle elementor-widget elementor-widget-image-box\" data-id=\"289786a7\" data-element_type=\"widget\" data-e-type=\"widget\" data-widget_type=\"image-box.default\">\n\t\t\t\t\t<div class=\"elementor-image-box-wrapper\"><div class=\"elementor-image-box-content\"><h3 class=\"elementor-image-box-title\">Fecha<\/h3><p class=\"elementor-image-box-description\">August 8, 2019<\/p><\/div><\/div>\t\t\t\t<\/div>\n\t\t\t\t<\/div>\n\t\t<div class=\"elementor-element elementor-element-27d2636 e-con-full e-flex wpr-particle-no wpr-jarallax-no wpr-parallax-no wpr-sticky-section-no wpr-equal-height-no e-con e-child\" data-id=\"27d2636\" data-element_type=\"container\" data-e-type=\"container\">\n\t\t\t\t<div class=\"elementor-element elementor-element-175fa947 elementor-vertical-align-middle elementor-widget elementor-widget-image-box\" data-id=\"175fa947\" data-element_type=\"widget\" data-e-type=\"widget\" data-widget_type=\"image-box.default\">\n\t\t\t\t\t<div class=\"elementor-image-box-wrapper\"><div class=\"elementor-image-box-content\"><h3 class=\"elementor-image-box-title\">\u00daltima Actualizaci\u00f3n<\/h3><p class=\"elementor-image-box-description\">January 20, 2023<\/p><\/div><\/div>\t\t\t\t<\/div>\n\t\t\t\t<\/div>\n\t\t<div class=\"elementor-element elementor-element-4a832611 e-con-full e-flex wpr-particle-no wpr-jarallax-no wpr-parallax-no wpr-sticky-section-no wpr-equal-height-no e-con e-child\" data-id=\"4a832611\" data-element_type=\"container\" data-e-type=\"container\">\n\t\t\t\t<div class=\"elementor-element elementor-element-48e4abe3 elementor-vertical-align-middle elementor-widget elementor-widget-image-box\" data-id=\"48e4abe3\" data-element_type=\"widget\" data-e-type=\"widget\" data-widget_type=\"image-box.default\">\n\t\t\t\t\t<div class=\"elementor-image-box-wrapper\"><div class=\"elementor-image-box-content\"><h3 class=\"elementor-image-box-title\">Noticia<\/h3><p class=\"elementor-image-box-description\">Importante<\/p><\/div><\/div>\t\t\t\t<\/div>\n\t\t\t\t<\/div>\n\t\t\t\t\t<\/div>\n\t\t\t\t<\/div>\n\t\t\t\t<div class=\"elementor-element elementor-element-2945b8a4 elementor-widget elementor-widget-image\" data-id=\"2945b8a4\" data-element_type=\"widget\" data-e-type=\"widget\" data-widget_type=\"image.default\">\n\t\t\t\t\t\t\t\t\t\t\t\t\t\t\t<img fetchpriority=\"high\" decoding=\"async\" width=\"768\" height=\"768\" src=\"https:\/\/agustinosoala.org\/wp-content\/uploads\/2025\/11\/colo-768x768.png\" class=\"attachment-medium_large size-medium_large wp-image-1225\" alt=\"\" srcset=\"https:\/\/agustinosoala.org\/wp-content\/uploads\/2025\/11\/colo-768x768.png 768w, https:\/\/agustinosoala.org\/wp-content\/uploads\/2025\/11\/colo-300x300.png 300w, https:\/\/agustinosoala.org\/wp-content\/uploads\/2025\/11\/colo-150x150.png 150w\" sizes=\"(max-width: 768px) 100vw, 768px\" \/>\t\t\t\t\t\t\t\t\t\t\t\t\t\t\t<\/div>\n\t\t\t\t<div class=\"elementor-element elementor-element-287ba808 elementor-widget elementor-widget-heading\" data-id=\"287ba808\" data-element_type=\"widget\" data-e-type=\"widget\" data-widget_type=\"heading.default\">\n\t\t\t\t\t<h2 class=\"elementor-heading-title elementor-size-default\">Cuatro siglos y medio de misi\u00f3n, fe y servicio<\/h2>\t\t\t\t<\/div>\n\t\t\t\t<div class=\"elementor-element elementor-element-27ec40bd elementor-widget elementor-widget-text-editor\" data-id=\"27ec40bd\" data-element_type=\"widget\" data-e-type=\"widget\" data-widget_type=\"text-editor.default\">\n\t\t\t\t\t\t\t\t\t<p>La Organizaci\u00f3n de Agustinos de Latinoam\u00e9rica (OALA) conmemora con profundo gozo los <strong data-start=\"313\" data-end=\"362\">450 a\u00f1os de presencia agustiniana en Colombia<\/strong>, un acontecimiento hist\u00f3rico que resalta la huella espiritual, educativa y pastoral que la Orden de San Agust\u00edn ha construido en este pa\u00eds desde el siglo XVI.<\/p>\t\t\t\t\t\t\t\t<\/div>\n\t\t\t\t<div class=\"elementor-element elementor-element-5b2dcdd5 elementor-widget elementor-widget-text-editor\" data-id=\"5b2dcdd5\" data-element_type=\"widget\" data-e-type=\"widget\" data-widget_type=\"text-editor.default\">\n\t\t\t\t\t\t\t\t\t<p>Desde su llegada, los agustinos han desarrollado una labor constante basada en la <strong data-start=\"605\" data-end=\"641\">fe, la fraternidad y el servicio<\/strong>, valores que han guiado su misi\u00f3n en comunidades, parroquias, centros educativos y obras sociales. Esta celebraci\u00f3n reconoce el esfuerzo y entrega de cientos de hermanos que, a lo largo de cuatro siglos y medio, han sembrado esperanza y han acompa\u00f1ado la vida del pueblo colombiano.<\/p>\t\t\t\t\t\t\t\t<\/div>\n\t\t\t\t<div class=\"elementor-element elementor-element-2892a3a4 elementor-widget elementor-widget-text-editor\" data-id=\"2892a3a4\" data-element_type=\"widget\" data-e-type=\"widget\" data-widget_type=\"text-editor.default\">\n\t\t\t\t\t\t\t\t\t<p>OALA expresa su agradecimiento a Dios por cada comunidad, obra y religioso que ha contribuido a este camino fecundo, iluminado siempre por el carisma de <strong data-start=\"1079\" data-end=\"1094\">San Agust\u00edn<\/strong>. Los 450 a\u00f1os no solo evocan el pasado, sino que tambi\u00e9n inspiran a seguir construyendo un futuro de unidad, amor y servicio.<\/p>\t\t\t\t\t\t\t\t<\/div>\n\t\t\t\t<div class=\"elementor-element elementor-element-4741f8e2 elementor-widget elementor-widget-text-editor\" data-id=\"4741f8e2\" data-element_type=\"widget\" data-e-type=\"widget\" data-widget_type=\"text-editor.default\">\n\t\t\t\t\t\t\t\t\t<p>\ud83d\udc49 <strong data-start=\"1225\" data-end=\"1313\">Una fecha para celebrar, agradecer y renovar el compromiso agustiniano con Colombia.<\/strong><\/p>\t\t\t\t\t\t\t\t<\/div>\n\t\t\t\t<\/div>\n\t\t\t\t\t<\/div>\n\t\t\t\t<\/div>\n\t\t\t\t<\/div>","protected":false},"excerpt":{"rendered":"<p>La Organizaci\u00f3n de Agustinos de Latinoam\u00e9rica (OALA) conmemora con profundo gozo los 450 a\u00f1os de presencia agustiniana en Colombia, un acontecimiento hist\u00f3rico que resalta la huella espiritual, educativa y pastoral que la Orden de San Agust\u00edn ha construido en este pa\u00eds desde el siglo XVI.<\/p>","protected":false},"author":1,"featured_media":1225,"comment_status":"open","ping_status":"open","sticky":false,"template":"elementor_header_footer","format":"standard","meta":{"inline_featured_image":false,"postBodyCss":"","postBodyMargin":[],"postBodyPadding":[],"postBodyBackground":{"backgroundType":"classic","gradient":""},"footnotes":""},"categories":[6],"tags":[],"class_list":["post-120","post","type-post","status-publish","format-standard","has-post-thumbnail","hentry","category-noticia"],"yoast_head":"<!-- This site is optimized with the Yoast SEO plugin v27.5 - https:\/\/yoast.com\/product\/yoast-seo-wordpress\/ -->\n<title>450 A\u00d1OS DE PRESENCIA AGUSTINIANA EN COLOMBIA - OALA - Organizaci\u00f3n de los Agustinos de Am\u00e9rica Latina<\/title>\n<meta name=\"robots\" content=\"index, follow, max-snippet:-1, max-image-preview:large, max-video-preview:-1\" \/>\n<link rel=\"canonical\" href=\"https:\/\/agustinosoala.org\/pt\/lorem-ipsum-dolor-sit-amet-consectetur-adipiscing-elit-pharetra-pellentesque-fames\/\" \/>\n<meta property=\"og:locale\" content=\"pt_BR\" \/>\n<meta property=\"og:type\" content=\"article\" \/>\n<meta property=\"og:title\" content=\"450 A\u00d1OS DE PRESENCIA AGUSTINIANA EN COLOMBIA - OALA - Organizaci\u00f3n de los Agustinos de Am\u00e9rica Latina\" \/>\n<meta property=\"og:description\" content=\"La Organizaci\u00f3n de Agustinos de Latinoam\u00e9rica (OALA) conmemora con profundo gozo los 450 a\u00f1os de presencia agustiniana en Colombia, un acontecimiento hist\u00f3rico que resalta la huella espiritual, educativa y pastoral que la Orden de San Agust\u00edn ha construido en este pa\u00eds desde el siglo XVI.\" \/>\n<meta property=\"og:url\" content=\"https:\/\/agustinosoala.org\/pt\/lorem-ipsum-dolor-sit-amet-consectetur-adipiscing-elit-pharetra-pellentesque-fames\/\" \/>\n<meta property=\"og:site_name\" content=\"OALA - Organizaci\u00f3n de los Agustinos de Am\u00e9rica Latina\" \/>\n<meta property=\"article:publisher\" content=\"https:\/\/www.facebook.com\/oalagustinos\" \/>\n<meta property=\"article:author\" content=\"https:\/\/www.facebook.com\/EdgarLizardo3006\/\" \/>\n<meta property=\"article:published_time\" content=\"2025-09-19T01:06:19+00:00\" \/>\n<meta property=\"article:modified_time\" content=\"2026-03-29T06:02:06+00:00\" \/>\n<meta property=\"og:image\" content=\"https:\/\/agustinosoala.org\/wp-content\/uploads\/2025\/11\/colo.png\" \/>\n\t<meta property=\"og:image:width\" content=\"971\" \/>\n\t<meta property=\"og:image:height\" content=\"771\" \/>\n\t<meta property=\"og:image:type\" content=\"image\/png\" \/>\n<meta name=\"author\" content=\"Edgar F.A\" \/>\n<meta name=\"twitter:card\" content=\"summary_large_image\" \/>\n<meta name=\"twitter:creator\" content=\"@https:\/\/x.com\/EDGAR_LIZARDO30\" \/>\n<meta name=\"twitter:label1\" content=\"Written by\" \/>\n\t<meta name=\"twitter:data1\" content=\"Edgar F.A\" \/>\n\t<meta name=\"twitter:label2\" content=\"Est. reading time\" \/>\n\t<meta name=\"twitter:data2\" content=\"2 minutos\" \/>\n<script type=\"application\/ld+json\" class=\"yoast-schema-graph\">{\"@context\":\"https:\\\/\\\/schema.org\",\"@graph\":[{\"@type\":\"Article\",\"@id\":\"https:\\\/\\\/agustinosoala.org\\\/lorem-ipsum-dolor-sit-amet-consectetur-adipiscing-elit-pharetra-pellentesque-fames\\\/#article\",\"isPartOf\":{\"@id\":\"https:\\\/\\\/agustinosoala.org\\\/lorem-ipsum-dolor-sit-amet-consectetur-adipiscing-elit-pharetra-pellentesque-fames\\\/\"},\"author\":{\"name\":\"Edgar F.A\",\"@id\":\"https:\\\/\\\/agustinosoala.org\\\/#\\\/schema\\\/person\\\/178932e184c8d3466b6667113d199936\"},\"headline\":\"450 A\u00d1OS DE PRESENCIA AGUSTINIANA EN COLOMBIA\",\"datePublished\":\"2025-09-19T01:06:19+00:00\",\"dateModified\":\"2026-03-29T06:02:06+00:00\",\"mainEntityOfPage\":{\"@id\":\"https:\\\/\\\/agustinosoala.org\\\/lorem-ipsum-dolor-sit-amet-consectetur-adipiscing-elit-pharetra-pellentesque-fames\\\/\"},\"wordCount\":238,\"commentCount\":0,\"publisher\":{\"@id\":\"https:\\\/\\\/agustinosoala.org\\\/#organization\"},\"image\":{\"@id\":\"https:\\\/\\\/agustinosoala.org\\\/lorem-ipsum-dolor-sit-amet-consectetur-adipiscing-elit-pharetra-pellentesque-fames\\\/#primaryimage\"},\"thumbnailUrl\":\"https:\\\/\\\/agustinosoala.org\\\/wp-content\\\/uploads\\\/2025\\\/11\\\/colo.png\",\"articleSection\":[\"Noticia\"],\"inLanguage\":\"pt-BR\",\"potentialAction\":[{\"@type\":\"CommentAction\",\"name\":\"Comment\",\"target\":[\"https:\\\/\\\/agustinosoala.org\\\/lorem-ipsum-dolor-sit-amet-consectetur-adipiscing-elit-pharetra-pellentesque-fames\\\/#respond\"]}]},{\"@type\":\"WebPage\",\"@id\":\"https:\\\/\\\/agustinosoala.org\\\/lorem-ipsum-dolor-sit-amet-consectetur-adipiscing-elit-pharetra-pellentesque-fames\\\/\",\"url\":\"https:\\\/\\\/agustinosoala.org\\\/lorem-ipsum-dolor-sit-amet-consectetur-adipiscing-elit-pharetra-pellentesque-fames\\\/\",\"name\":\"450 A\u00d1OS DE PRESENCIA AGUSTINIANA EN COLOMBIA - OALA - Organizaci\u00f3n de los Agustinos de Am\u00e9rica Latina\",\"isPartOf\":{\"@id\":\"https:\\\/\\\/agustinosoala.org\\\/#website\"},\"primaryImageOfPage\":{\"@id\":\"https:\\\/\\\/agustinosoala.org\\\/lorem-ipsum-dolor-sit-amet-consectetur-adipiscing-elit-pharetra-pellentesque-fames\\\/#primaryimage\"},\"image\":{\"@id\":\"https:\\\/\\\/agustinosoala.org\\\/lorem-ipsum-dolor-sit-amet-consectetur-adipiscing-elit-pharetra-pellentesque-fames\\\/#primaryimage\"},\"thumbnailUrl\":\"https:\\\/\\\/agustinosoala.org\\\/wp-content\\\/uploads\\\/2025\\\/11\\\/colo.png\",\"datePublished\":\"2025-09-19T01:06:19+00:00\",\"dateModified\":\"2026-03-29T06:02:06+00:00\",\"breadcrumb\":{\"@id\":\"https:\\\/\\\/agustinosoala.org\\\/lorem-ipsum-dolor-sit-amet-consectetur-adipiscing-elit-pharetra-pellentesque-fames\\\/#breadcrumb\"},\"inLanguage\":\"pt-BR\",\"potentialAction\":[{\"@type\":\"ReadAction\",\"target\":[\"https:\\\/\\\/agustinosoala.org\\\/lorem-ipsum-dolor-sit-amet-consectetur-adipiscing-elit-pharetra-pellentesque-fames\\\/\"]}]},{\"@type\":\"ImageObject\",\"inLanguage\":\"pt-BR\",\"@id\":\"https:\\\/\\\/agustinosoala.org\\\/lorem-ipsum-dolor-sit-amet-consectetur-adipiscing-elit-pharetra-pellentesque-fames\\\/#primaryimage\",\"url\":\"https:\\\/\\\/agustinosoala.org\\\/wp-content\\\/uploads\\\/2025\\\/11\\\/colo.png\",\"contentUrl\":\"https:\\\/\\\/agustinosoala.org\\\/wp-content\\\/uploads\\\/2025\\\/11\\\/colo.png\",\"width\":971,\"height\":771},{\"@type\":\"BreadcrumbList\",\"@id\":\"https:\\\/\\\/agustinosoala.org\\\/lorem-ipsum-dolor-sit-amet-consectetur-adipiscing-elit-pharetra-pellentesque-fames\\\/#breadcrumb\",\"itemListElement\":[{\"@type\":\"ListItem\",\"position\":1,\"name\":\"Portada\",\"item\":\"https:\\\/\\\/agustinosoala.org\\\/\"},{\"@type\":\"ListItem\",\"position\":2,\"name\":\"450 A\u00d1OS DE PRESENCIA AGUSTINIANA EN COLOMBIA\"}]},{\"@type\":\"WebSite\",\"@id\":\"https:\\\/\\\/agustinosoala.org\\\/#website\",\"url\":\"https:\\\/\\\/agustinosoala.org\\\/\",\"name\":\"Organizaci\u00f3n de los Agustinos de Am\u00e9rica Latina - OALA\",\"description\":\"&quot;Comunidad agustiniana comprometida con la fe, la misi\u00f3n y el servicio en latinoamerica.&quot;\",\"publisher\":{\"@id\":\"https:\\\/\\\/agustinosoala.org\\\/#organization\"},\"alternateName\":\"OALA\",\"potentialAction\":[{\"@type\":\"SearchAction\",\"target\":{\"@type\":\"EntryPoint\",\"urlTemplate\":\"https:\\\/\\\/agustinosoala.org\\\/?s={search_term_string}\"},\"query-input\":{\"@type\":\"PropertyValueSpecification\",\"valueRequired\":true,\"valueName\":\"search_term_string\"}}],\"inLanguage\":\"pt-BR\"},{\"@type\":\"Organization\",\"@id\":\"https:\\\/\\\/agustinosoala.org\\\/#organization\",\"name\":\"Organizaci\u00f3n de los Agustinos de Am\u00e9rica Latina - OALA\",\"alternateName\":\"OALA\",\"url\":\"https:\\\/\\\/agustinosoala.org\\\/\",\"logo\":{\"@type\":\"ImageObject\",\"inLanguage\":\"pt-BR\",\"@id\":\"https:\\\/\\\/agustinosoala.org\\\/#\\\/schema\\\/logo\\\/image\\\/\",\"url\":\"https:\\\/\\\/agustinosoala.org\\\/wp-content\\\/uploads\\\/2025\\\/09\\\/logo-oala.webp\",\"contentUrl\":\"https:\\\/\\\/agustinosoala.org\\\/wp-content\\\/uploads\\\/2025\\\/09\\\/logo-oala.webp\",\"width\":70,\"height\":70,\"caption\":\"Organizaci\u00f3n de los Agustinos de Am\u00e9rica Latina - OALA\"},\"image\":{\"@id\":\"https:\\\/\\\/agustinosoala.org\\\/#\\\/schema\\\/logo\\\/image\\\/\"},\"sameAs\":[\"https:\\\/\\\/www.facebook.com\\\/oalagustinos\",\"https:\\\/\\\/www.youtube.com\\\/@oalagustinos\",\"https:\\\/\\\/www.instagram.com\\\/oalagustinos_\\\/\"]},{\"@type\":\"Person\",\"@id\":\"https:\\\/\\\/agustinosoala.org\\\/#\\\/schema\\\/person\\\/178932e184c8d3466b6667113d199936\",\"name\":\"Edgar F.A\",\"image\":{\"@type\":\"ImageObject\",\"inLanguage\":\"pt-BR\",\"@id\":\"https:\\\/\\\/secure.gravatar.com\\\/avatar\\\/6c9a108d59d32f65fd46cd81d74f68e9d3b5f426c259d6576a17c714edb363b6?s=96&d=mm&r=g\",\"url\":\"https:\\\/\\\/secure.gravatar.com\\\/avatar\\\/6c9a108d59d32f65fd46cd81d74f68e9d3b5f426c259d6576a17c714edb363b6?s=96&d=mm&r=g\",\"contentUrl\":\"https:\\\/\\\/secure.gravatar.com\\\/avatar\\\/6c9a108d59d32f65fd46cd81d74f68e9d3b5f426c259d6576a17c714edb363b6?s=96&d=mm&r=g\",\"caption\":\"Edgar F.A\"},\"description\":\"Ingeniero de sistemas\",\"sameAs\":[\"https:\\\/\\\/agustinosoala.org\",\"https:\\\/\\\/www.facebook.com\\\/EdgarLizardo3006\\\/\",\"https:\\\/\\\/x.com\\\/https:\\\/\\\/x.com\\\/EDGAR_LIZARDO30\"]}]}<\/script>\n<!-- \/ Yoast SEO plugin. -->","yoast_head_json":{"title":"450 A\u00d1OS DE PRESENCIA AGUSTINIANA EN COLOMBIA - OALA - Organizaci\u00f3n de los Agustinos de Am\u00e9rica Latina","robots":{"index":"index","follow":"follow","max-snippet":"max-snippet:-1","max-image-preview":"max-image-preview:large","max-video-preview":"max-video-preview:-1"},"canonical":"https:\/\/agustinosoala.org\/pt\/lorem-ipsum-dolor-sit-amet-consectetur-adipiscing-elit-pharetra-pellentesque-fames\/","og_locale":"pt_BR","og_type":"article","og_title":"450 A\u00d1OS DE PRESENCIA AGUSTINIANA EN COLOMBIA - OALA - Organizaci\u00f3n de los Agustinos de Am\u00e9rica Latina","og_description":"La Organizaci\u00f3n de Agustinos de Latinoam\u00e9rica (OALA) conmemora con profundo gozo los 450 a\u00f1os de presencia agustiniana en Colombia, un acontecimiento hist\u00f3rico que resalta la huella espiritual, educativa y pastoral que la Orden de San Agust\u00edn ha construido en este pa\u00eds desde el siglo XVI.","og_url":"https:\/\/agustinosoala.org\/pt\/lorem-ipsum-dolor-sit-amet-consectetur-adipiscing-elit-pharetra-pellentesque-fames\/","og_site_name":"OALA - Organizaci\u00f3n de los Agustinos de Am\u00e9rica Latina","article_publisher":"https:\/\/www.facebook.com\/oalagustinos","article_author":"https:\/\/www.facebook.com\/EdgarLizardo3006\/","article_published_time":"2025-09-19T01:06:19+00:00","article_modified_time":"2026-03-29T06:02:06+00:00","og_image":[{"width":971,"height":771,"url":"https:\/\/agustinosoala.org\/wp-content\/uploads\/2025\/11\/colo.png","type":"image\/png"}],"author":"Edgar F.A","twitter_card":"summary_large_image","twitter_creator":"@https:\/\/x.com\/EDGAR_LIZARDO30","twitter_misc":{"Written by":"Edgar F.A","Est. reading time":"2 minutos"},"schema":{"@context":"https:\/\/schema.org","@graph":[{"@type":"Article","@id":"https:\/\/agustinosoala.org\/lorem-ipsum-dolor-sit-amet-consectetur-adipiscing-elit-pharetra-pellentesque-fames\/#article","isPartOf":{"@id":"https:\/\/agustinosoala.org\/lorem-ipsum-dolor-sit-amet-consectetur-adipiscing-elit-pharetra-pellentesque-fames\/"},"author":{"name":"Edgar F.A","@id":"https:\/\/agustinosoala.org\/#\/schema\/person\/178932e184c8d3466b6667113d199936"},"headline":"450 A\u00d1OS DE PRESENCIA AGUSTINIANA EN COLOMBIA","datePublished":"2025-09-19T01:06:19+00:00","dateModified":"2026-03-29T06:02:06+00:00","mainEntityOfPage":{"@id":"https:\/\/agustinosoala.org\/lorem-ipsum-dolor-sit-amet-consectetur-adipiscing-elit-pharetra-pellentesque-fames\/"},"wordCount":238,"commentCount":0,"publisher":{"@id":"https:\/\/agustinosoala.org\/#organization"},"image":{"@id":"https:\/\/agustinosoala.org\/lorem-ipsum-dolor-sit-amet-consectetur-adipiscing-elit-pharetra-pellentesque-fames\/#primaryimage"},"thumbnailUrl":"https:\/\/agustinosoala.org\/wp-content\/uploads\/2025\/11\/colo.png","articleSection":["Noticia"],"inLanguage":"pt-BR","potentialAction":[{"@type":"CommentAction","name":"Comment","target":["https:\/\/agustinosoala.org\/lorem-ipsum-dolor-sit-amet-consectetur-adipiscing-elit-pharetra-pellentesque-fames\/#respond"]}]},{"@type":"WebPage","@id":"https:\/\/agustinosoala.org\/lorem-ipsum-dolor-sit-amet-consectetur-adipiscing-elit-pharetra-pellentesque-fames\/","url":"https:\/\/agustinosoala.org\/lorem-ipsum-dolor-sit-amet-consectetur-adipiscing-elit-pharetra-pellentesque-fames\/","name":"450 A\u00d1OS DE PRESENCIA AGUSTINIANA EN COLOMBIA - OALA - Organizaci\u00f3n de los Agustinos de Am\u00e9rica Latina","isPartOf":{"@id":"https:\/\/agustinosoala.org\/#website"},"primaryImageOfPage":{"@id":"https:\/\/agustinosoala.org\/lorem-ipsum-dolor-sit-amet-consectetur-adipiscing-elit-pharetra-pellentesque-fames\/#primaryimage"},"image":{"@id":"https:\/\/agustinosoala.org\/lorem-ipsum-dolor-sit-amet-consectetur-adipiscing-elit-pharetra-pellentesque-fames\/#primaryimage"},"thumbnailUrl":"https:\/\/agustinosoala.org\/wp-content\/uploads\/2025\/11\/colo.png","datePublished":"2025-09-19T01:06:19+00:00","dateModified":"2026-03-29T06:02:06+00:00","breadcrumb":{"@id":"https:\/\/agustinosoala.org\/lorem-ipsum-dolor-sit-amet-consectetur-adipiscing-elit-pharetra-pellentesque-fames\/#breadcrumb"},"inLanguage":"pt-BR","potentialAction":[{"@type":"ReadAction","target":["https:\/\/agustinosoala.org\/lorem-ipsum-dolor-sit-amet-consectetur-adipiscing-elit-pharetra-pellentesque-fames\/"]}]},{"@type":"ImageObject","inLanguage":"pt-BR","@id":"https:\/\/agustinosoala.org\/lorem-ipsum-dolor-sit-amet-consectetur-adipiscing-elit-pharetra-pellentesque-fames\/#primaryimage","url":"https:\/\/agustinosoala.org\/wp-content\/uploads\/2025\/11\/colo.png","contentUrl":"https:\/\/agustinosoala.org\/wp-content\/uploads\/2025\/11\/colo.png","width":971,"height":771},{"@type":"BreadcrumbList","@id":"https:\/\/agustinosoala.org\/lorem-ipsum-dolor-sit-amet-consectetur-adipiscing-elit-pharetra-pellentesque-fames\/#breadcrumb","itemListElement":[{"@type":"ListItem","position":1,"name":"Portada","item":"https:\/\/agustinosoala.org\/"},{"@type":"ListItem","position":2,"name":"450 A\u00d1OS DE PRESENCIA AGUSTINIANA EN COLOMBIA"}]},{"@type":"WebSite","@id":"https:\/\/agustinosoala.org\/#website","url":"https:\/\/agustinosoala.org\/","name":"Organizaci\u00f3n de los Agustinos de Am\u00e9rica Latina - OALA","description":"&quot;Comunidad agustiniana comprometida con la fe, la misi\u00f3n y el servicio en latinoamerica.&quot;","publisher":{"@id":"https:\/\/agustinosoala.org\/#organization"},"alternateName":"OALA","potentialAction":[{"@type":"SearchAction","target":{"@type":"EntryPoint","urlTemplate":"https:\/\/agustinosoala.org\/?s={search_term_string}"},"query-input":{"@type":"PropertyValueSpecification","valueRequired":true,"valueName":"search_term_string"}}],"inLanguage":"pt-BR"},{"@type":"Organization","@id":"https:\/\/agustinosoala.org\/#organization","name":"Organizaci\u00f3n de los Agustinos de Am\u00e9rica Latina - OALA","alternateName":"OALA","url":"https:\/\/agustinosoala.org\/","logo":{"@type":"ImageObject","inLanguage":"pt-BR","@id":"https:\/\/agustinosoala.org\/#\/schema\/logo\/image\/","url":"https:\/\/agustinosoala.org\/wp-content\/uploads\/2025\/09\/logo-oala.webp","contentUrl":"https:\/\/agustinosoala.org\/wp-content\/uploads\/2025\/09\/logo-oala.webp","width":70,"height":70,"caption":"Organizaci\u00f3n de los Agustinos de Am\u00e9rica Latina - OALA"},"image":{"@id":"https:\/\/agustinosoala.org\/#\/schema\/logo\/image\/"},"sameAs":["https:\/\/www.facebook.com\/oalagustinos","https:\/\/www.youtube.com\/@oalagustinos","https:\/\/www.instagram.com\/oalagustinos_\/"]},{"@type":"Person","@id":"https:\/\/agustinosoala.org\/#\/schema\/person\/178932e184c8d3466b6667113d199936","name":"Edgar F.A","image":{"@type":"ImageObject","inLanguage":"pt-BR","@id":"https:\/\/secure.gravatar.com\/avatar\/6c9a108d59d32f65fd46cd81d74f68e9d3b5f426c259d6576a17c714edb363b6?s=96&d=mm&r=g","url":"https:\/\/secure.gravatar.com\/avatar\/6c9a108d59d32f65fd46cd81d74f68e9d3b5f426c259d6576a17c714edb363b6?s=96&d=mm&r=g","contentUrl":"https:\/\/secure.gravatar.com\/avatar\/6c9a108d59d32f65fd46cd81d74f68e9d3b5f426c259d6576a17c714edb363b6?s=96&d=mm&r=g","caption":"Edgar F.A"},"description":"Ingeniero de sistemas","sameAs":["https:\/\/agustinosoala.org","https:\/\/www.facebook.com\/EdgarLizardo3006\/","https:\/\/x.com\/https:\/\/x.com\/EDGAR_LIZARDO30"]}]}},"_links":{"self":[{"href":"https:\/\/agustinosoala.org\/pt\/wp-json\/wp\/v2\/posts\/120","targetHints":{"allow":["GET"]}}],"collection":[{"href":"https:\/\/agustinosoala.org\/pt\/wp-json\/wp\/v2\/posts"}],"about":[{"href":"https:\/\/agustinosoala.org\/pt\/wp-json\/wp\/v2\/types\/post"}],"author":[{"embeddable":true,"href":"https:\/\/agustinosoala.org\/pt\/wp-json\/wp\/v2\/users\/1"}],"replies":[{"embeddable":true,"href":"https:\/\/agustinosoala.org\/pt\/wp-json\/wp\/v2\/comments?post=120"}],"version-history":[{"count":18,"href":"https:\/\/agustinosoala.org\/pt\/wp-json\/wp\/v2\/posts\/120\/revisions"}],"predecessor-version":[{"id":2752,"href":"https:\/\/agustinosoala.org\/pt\/wp-json\/wp\/v2\/posts\/120\/revisions\/2752"}],"wp:featuredmedia":[{"embeddable":true,"href":"https:\/\/agustinosoala.org\/pt\/wp-json\/wp\/v2\/media\/1225"}],"wp:attachment":[{"href":"https:\/\/agustinosoala.org\/pt\/wp-json\/wp\/v2\/media?parent=120"}],"wp:term":[{"taxonomy":"category","embeddable":true,"href":"https:\/\/agustinosoala.org\/pt\/wp-json\/wp\/v2\/categories?post=120"},{"taxonomy":"post_tag","embeddable":true,"href":"https:\/\/agustinosoala.org\/pt\/wp-json\/wp\/v2\/tags?post=120"}],"curies":[{"name":"wp","href":"https:\/\/api.w.org\/{rel}","templated":true}]}}