{"id":1316,"date":"2025-11-15T02:57:38","date_gmt":"2025-11-15T02:57:38","guid":{"rendered":"https:\/\/agustinosoala.org\/?p=1316"},"modified":"2025-12-05T22:09:32","modified_gmt":"2025-12-05T22:09:32","slug":"formacion","status":"publish","type":"post","link":"https:\/\/agustinosoala.org\/pt\/formacion\/","title":{"rendered":"Formaci\u00f3n"},"content":{"rendered":"<div data-elementor-type=\"wp-post\" data-elementor-id=\"1316\" class=\"elementor elementor-1316\">\n\t\t\t\t<div class=\"aux-parallax-section elementor-element elementor-element-33a60ada e-flex e-con-boxed wpr-particle-no wpr-jarallax-no wpr-parallax-no wpr-sticky-section-no wpr-equal-height-no e-con e-parent\" data-id=\"33a60ada\" data-element_type=\"container\" data-e-type=\"container\" data-settings=\"{&quot;background_background&quot;:&quot;classic&quot;}\">\n\t\t\t\t\t<div class=\"e-con-inner\">\n\t\t<div class=\"elementor-element elementor-element-9b217fd e-con-full e-flex wpr-particle-no wpr-jarallax-no wpr-parallax-no wpr-sticky-section-no wpr-equal-height-no e-con e-child\" data-id=\"9b217fd\" data-element_type=\"container\" data-e-type=\"container\" data-settings=\"{&quot;background_background&quot;:&quot;classic&quot;}\">\n\t\t\t\t<div class=\"elementor-element elementor-element-4bd98263 elementor-widget elementor-widget-elementskit-heading\" data-id=\"4bd98263\" data-element_type=\"widget\" data-e-type=\"widget\" data-widget_type=\"elementskit-heading.default\">\n\t\t\t\t\t<div class=\"ekit-wid-con\" ><div class=\"ekit-heading elementskit-section-title-wraper text_center   ekit_heading_tablet-   ekit_heading_mobile-\"><h3 class=\"ekit-heading--title elementskit-section-title\"><span><span>\"<\/span><\/span>Nos hiciste, Se\u00f1or, para ti, y nuestro coraz\u00f3n est\u00e1 inquieto hasta que descanse en ti<span><span>\"<\/span><\/span> <span><span>San Agust\u00edn. Confessiones (Confesiones), Libro I, cap. 1.<\/span><\/span><\/h3><\/div><\/div>\t\t\t\t<\/div>\n\t\t\t\t<\/div>\n\t\t\t\t\t<\/div>\n\t\t\t\t<\/div>\n\t\t<div class=\"aux-parallax-section elementor-element elementor-element-39d0159e e-flex e-con-boxed wpr-particle-no wpr-jarallax-no wpr-parallax-no wpr-sticky-section-no wpr-equal-height-no e-con e-parent\" data-id=\"39d0159e\" data-element_type=\"container\" data-e-type=\"container\">\n\t\t\t\t\t<div class=\"e-con-inner\">\n\t\t<div class=\"elementor-element elementor-element-2777525d e-con-full e-flex wpr-particle-no wpr-jarallax-no wpr-parallax-no wpr-sticky-section-no wpr-equal-height-no e-con e-child\" data-id=\"2777525d\" data-element_type=\"container\" data-e-type=\"container\">\n\t\t\t\t<div class=\"elementor-element elementor-element-4dc5cae9 elementor-widget elementor-widget-heading\" data-id=\"4dc5cae9\" data-element_type=\"widget\" data-e-type=\"widget\" data-widget_type=\"heading.default\">\n\t\t\t\t\t<h2 class=\"elementor-heading-title elementor-size-default\">Formaci\u00f3n Inicial<\/h2>\t\t\t\t<\/div>\n\t\t\t\t<\/div>\n\t\t\t\t\t<\/div>\n\t\t\t\t<\/div>\n\t\t<div class=\"aux-parallax-section elementor-element elementor-element-a6c7b9f e-flex e-con-boxed wpr-particle-no wpr-jarallax-no wpr-parallax-no wpr-sticky-section-no wpr-equal-height-no e-con e-parent\" data-id=\"a6c7b9f\" data-element_type=\"container\" data-e-type=\"container\">\n\t\t\t\t\t<div class=\"e-con-inner\">\n\t\t<div class=\"elementor-element elementor-element-314015b e-con-full e-flex wpr-particle-no wpr-jarallax-no wpr-parallax-no wpr-sticky-section-no wpr-equal-height-no e-con e-child\" data-id=\"314015b\" data-element_type=\"container\" data-e-type=\"container\">\n\t\t<div class=\"elementor-element elementor-element-9ad81c8 e-con-full e-flex wpr-particle-no wpr-jarallax-no wpr-parallax-no wpr-sticky-section-no wpr-equal-height-no e-con e-child\" data-id=\"9ad81c8\" data-element_type=\"container\" data-e-type=\"container\">\n\t\t\t\t<div class=\"elementor-element elementor-element-9e32de0 wpr-advanced-accordion-icon-no-box elementor-widget elementor-widget-wpr-advanced-accordion\" data-id=\"9e32de0\" data-element_type=\"widget\" data-e-type=\"widget\" data-settings=\"{&quot;active_item&quot;:0}\" data-widget_type=\"wpr-advanced-accordion.default\">\n\t\t\t\t\t\n            <div class=\"wpr-advanced-accordion\" data-accordion-type=\"accordion\" data-active-index=\"0\" data-accordion-trigger=\"click\" data-interaction-speed=\"0.4\">\n\n\t\t\t\n                \n\t\t\t\t\t<div class=\"wpr-accordion-item-wrap\">\n\t\t\t\t\t\t<button class=\"wpr-acc-button\">\n\t\t\t\t\t\t\t<span class=\"wpr-acc-item-title\">\n\t\t\t\t\t\t\t\t\t\t\t\t<span class=\"wpr-title-icon\">\n\t\t\t\t\t<i aria-hidden=\"true\" class=\"fas fa-desktop\"><\/i>\t\t\t\t<\/span>\n\t\t\t\n\t\t\t\t\t\t\t\t<span class=\"wpr-acc-title-text\">Evaluaci\u00f3n 2023<\/span>\n\t\t\t\t\t\t\t<\/span>\n\t\t\t\t\t\t\t\t\t\t\t<span class=\"wpr-toggle-icon wpr-ti-close\"><svg aria-hidden=\"true\" class=\"e-font-icon-svg e-fas-plus\" viewbox=\"0 0 448 512\" xmlns=\"http:\/\/www.w3.org\/2000\/svg\"><path d=\"M416 208H272V64c0-17.67-14.33-32-32-32h-32c-17.67 0-32 14.33-32 32v144H32c-17.67 0-32 14.33-32 32v32c0 17.67 14.33 32 32 32h144v144c0 17.67 14.33 32 32 32h32c17.67 0 32-14.33 32-32V304h144c17.67 0 32-14.33 32-32v-32c0-17.67-14.33-32-32-32z\"><\/path><\/svg><\/span>\n\t\t\t\t<span class=\"wpr-toggle-icon wpr-ti-open\"><i aria-hidden=\"true\" class=\"auxicon auxicon-close-1\"><\/i><\/span>\n\t\t\t\t\t\t\t\t\t<\/button>\n\n\t\t\t\t\t\t<div class=\"wpr-acc-panel\">\n\t\t\t\t\t\t\t\t\t\t\t\t\t\t\t<div class=\"wpr-acc-panel-content\"><ul><li><span style=\"color: #a91913;\"><a style=\"color: #a91913;\" href=\"https:\/\/agustinosoala.org\/wp-content\/uploads\/2025\/12\/Area-de-formacion-evaluacion-del-periodo.pdf\" target=\"_blank\" rel=\"noopener\">Evaluaci\u00f3n de la Gesti\u00f3n 2019-2023<\/a><\/span><\/li><\/ul><\/div>\n\t\t\t\t\t\t\t\t\t\t\t\t\t<\/div>\n                    <\/div>\n\n                \n\t\t\t\t\t<div class=\"wpr-accordion-item-wrap\">\n\t\t\t\t\t\t<button class=\"wpr-acc-button\">\n\t\t\t\t\t\t\t<span class=\"wpr-acc-item-title\">\n\t\t\t\t\t\t\t\t\t\t\t\t<span class=\"wpr-title-icon\">\n\t\t\t\t\t<i aria-hidden=\"true\" class=\"fas fa-desktop\"><\/i>\t\t\t\t<\/span>\n\t\t\t\n\t\t\t\t\t\t\t\t<span class=\"wpr-acc-title-text\">Encuentro de profesos agustinos de la Regi\u00f3n Centro de OALA (Lima-Per\u00fa)<\/span>\n\t\t\t\t\t\t\t<\/span>\n\t\t\t\t\t\t\t\t\t\t\t<span class=\"wpr-toggle-icon wpr-ti-close\"><svg aria-hidden=\"true\" class=\"e-font-icon-svg e-fas-plus\" viewbox=\"0 0 448 512\" xmlns=\"http:\/\/www.w3.org\/2000\/svg\"><path d=\"M416 208H272V64c0-17.67-14.33-32-32-32h-32c-17.67 0-32 14.33-32 32v144H32c-17.67 0-32 14.33-32 32v32c0 17.67 14.33 32 32 32h144v144c0 17.67 14.33 32 32 32h32c17.67 0 32-14.33 32-32V304h144c17.67 0 32-14.33 32-32v-32c0-17.67-14.33-32-32-32z\"><\/path><\/svg><\/span>\n\t\t\t\t<span class=\"wpr-toggle-icon wpr-ti-open\"><i aria-hidden=\"true\" class=\"auxicon auxicon-close-1\"><\/i><\/span>\n\t\t\t\t\t\t\t\t\t<\/button>\n\n\t\t\t\t\t\t<div class=\"wpr-acc-panel\">\n\t\t\t\t\t\t\t\t\t\t\t\t\t\t\t<div class=\"wpr-acc-panel-content\"><ul><li><span style=\"color: #a91913;\"><a style=\"color: #a91913;\" href=\"https:\/\/agustinosoala.org\/wp-content\/uploads\/2025\/11\/Cronica-del-Encuentro.pdf\" target=\"_blank\" rel=\"noopener\">Cr\u00f3nica del Encuentro<\/a><\/span><\/li><li><span style=\"color: #a91913;\"><a style=\"color: #a91913;\" href=\"https:\/\/agustinosoala.org\/wp-content\/uploads\/2025\/11\/Fotos-Encuentro.pdf\" target=\"_blank\" rel=\"noopener\">Fotos del Encuentro<\/a><\/span><\/li><\/ul><\/div>\n\t\t\t\t\t\t\t\t\t\t\t\t\t<\/div>\n                    <\/div>\n\n                \n\t\t\t\t\t<div class=\"wpr-accordion-item-wrap\">\n\t\t\t\t\t\t<button class=\"wpr-acc-button\">\n\t\t\t\t\t\t\t<span class=\"wpr-acc-item-title\">\n\t\t\t\t\t\t\t\t\t\t\t\t<span class=\"wpr-title-icon\">\n\t\t\t\t\t<i aria-hidden=\"true\" class=\"fas fa-desktop\"><\/i>\t\t\t\t<\/span>\n\t\t\t\n\t\t\t\t\t\t\t\t<span class=\"wpr-acc-title-text\">Encuentro de Frailes J\u00f3venes 2016: M\u00e9xico<\/span>\n\t\t\t\t\t\t\t<\/span>\n\t\t\t\t\t\t\t\t\t\t\t<span class=\"wpr-toggle-icon wpr-ti-close\"><svg aria-hidden=\"true\" class=\"e-font-icon-svg e-fas-plus\" viewbox=\"0 0 448 512\" xmlns=\"http:\/\/www.w3.org\/2000\/svg\"><path d=\"M416 208H272V64c0-17.67-14.33-32-32-32h-32c-17.67 0-32 14.33-32 32v144H32c-17.67 0-32 14.33-32 32v32c0 17.67 14.33 32 32 32h144v144c0 17.67 14.33 32 32 32h32c17.67 0 32-14.33 32-32V304h144c17.67 0 32-14.33 32-32v-32c0-17.67-14.33-32-32-32z\"><\/path><\/svg><\/span>\n\t\t\t\t<span class=\"wpr-toggle-icon wpr-ti-open\"><i aria-hidden=\"true\" class=\"auxicon auxicon-close-1\"><\/i><\/span>\n\t\t\t\t\t\t\t\t\t<\/button>\n\n\t\t\t\t\t\t<div class=\"wpr-acc-panel\">\n\t\t\t\t\t\t\t\t\t\t\t\t\t\t\t<div class=\"wpr-acc-panel-content\"><ul><li><span style=\"color: #a91913;\"><a style=\"color: #a91913;\" href=\"https:\/\/agustinosoala.org\/wp-content\/uploads\/2025\/11\/Acta-de-los-hermanos-jovenes.pdf\" target=\"_blank\" rel=\"noopener\">Acta de los hermanos j\u00f3venes<\/a><\/span><\/li><li><span style=\"color: #a91913;\"><a style=\"color: #a91913;\" title=\"https:\/\/agustinosoala.org\/wp-content\/uploads\/2025\/11\/Hacia-una-espiritualidad-de-la-animacion.pdf\" href=\"https:\/\/agustinosoala.org\/wp-content\/uploads\/2025\/11\/Oracion-estudio-trabajo-recreacion-Luis-Guzman.pdf\" target=\"_blank\" rel=\"noopener\">Oraci\u00f3n estudio trabajo recreaci\u00f3n Luis Guzm\u00e1n<\/a> <\/span><\/li><\/ul><\/div>\n\t\t\t\t\t\t\t\t\t\t\t\t\t<\/div>\n                    <\/div>\n\n                \n\t\t\t\t\t<div class=\"wpr-accordion-item-wrap\">\n\t\t\t\t\t\t<button class=\"wpr-acc-button\">\n\t\t\t\t\t\t\t<span class=\"wpr-acc-item-title\">\n\t\t\t\t\t\t\t\t\t\t\t\t<span class=\"wpr-title-icon\">\n\t\t\t\t\t<i aria-hidden=\"true\" class=\"fas fa-desktop\"><\/i>\t\t\t\t<\/span>\n\t\t\t\n\t\t\t\t\t\t\t\t<span class=\"wpr-acc-title-text\">Encuentro de Formadores 2015: Brasil<\/span>\n\t\t\t\t\t\t\t<\/span>\n\t\t\t\t\t\t\t\t\t\t\t<span class=\"wpr-toggle-icon wpr-ti-close\"><svg aria-hidden=\"true\" class=\"e-font-icon-svg e-fas-plus\" viewbox=\"0 0 448 512\" xmlns=\"http:\/\/www.w3.org\/2000\/svg\"><path d=\"M416 208H272V64c0-17.67-14.33-32-32-32h-32c-17.67 0-32 14.33-32 32v144H32c-17.67 0-32 14.33-32 32v32c0 17.67 14.33 32 32 32h144v144c0 17.67 14.33 32 32 32h32c17.67 0 32-14.33 32-32V304h144c17.67 0 32-14.33 32-32v-32c0-17.67-14.33-32-32-32z\"><\/path><\/svg><\/span>\n\t\t\t\t<span class=\"wpr-toggle-icon wpr-ti-open\"><i aria-hidden=\"true\" class=\"auxicon auxicon-close-1\"><\/i><\/span>\n\t\t\t\t\t\t\t\t\t<\/button>\n\n\t\t\t\t\t\t<div class=\"wpr-acc-panel\">\n\t\t\t\t\t\t\t\t\t\t\t\t\t\t\t<div class=\"wpr-acc-panel-content\"><ul><li><span style=\"color: #a91913;\"><a style=\"color: #a91913;\" href=\"https:\/\/agustinosoala.org\/wp-content\/uploads\/2025\/11\/Espiritualidad-Agustiniana-Juan-Antonio-Gil.pdf\" target=\"_blank\" rel=\"noopener\">Espiritualidad Agustiniana Juan Antonio Gil<\/a><\/span><\/li><li><span style=\"color: #a91913;\"><a style=\"color: #a91913;\" title=\"https:\/\/agustinosoala.org\/wp-content\/uploads\/2025\/11\/Mensaje-del-Secretario-General-sobre-la-Tragedia-en-la-Rep-Dominicana.pdf\" href=\"https:\/\/agustinosoala.org\/wp-content\/uploads\/2025\/11\/Nuevos-desafios-en-la-formacion-Claudio-Javier.pdf\" target=\"_blank\" rel=\"noopener\">Nuevos desaf\u00edos en la formaci\u00f3n Claudio Javier Arguello<\/a> <\/span><\/li><\/ul><\/div>\n\t\t\t\t\t\t\t\t\t\t\t\t\t<\/div>\n                    <\/div>\n\n                \n\t\t\t\t\t<div class=\"wpr-accordion-item-wrap\">\n\t\t\t\t\t\t<button class=\"wpr-acc-button\">\n\t\t\t\t\t\t\t<span class=\"wpr-acc-item-title\">\n\t\t\t\t\t\t\t\t\t\t\t\t<span class=\"wpr-title-icon\">\n\t\t\t\t\t<i aria-hidden=\"true\" class=\"fas fa-desktop\"><\/i>\t\t\t\t<\/span>\n\t\t\t\n\t\t\t\t\t\t\t\t<span class=\"wpr-acc-title-text\"> Encuentro de Formandos J\u00f3venes Buenos Aires 2012<\/span>\n\t\t\t\t\t\t\t<\/span>\n\t\t\t\t\t\t\t\t\t\t\t<span class=\"wpr-toggle-icon wpr-ti-close\"><svg aria-hidden=\"true\" class=\"e-font-icon-svg e-fas-plus\" viewbox=\"0 0 448 512\" xmlns=\"http:\/\/www.w3.org\/2000\/svg\"><path d=\"M416 208H272V64c0-17.67-14.33-32-32-32h-32c-17.67 0-32 14.33-32 32v144H32c-17.67 0-32 14.33-32 32v32c0 17.67 14.33 32 32 32h144v144c0 17.67 14.33 32 32 32h32c17.67 0 32-14.33 32-32V304h144c17.67 0 32-14.33 32-32v-32c0-17.67-14.33-32-32-32z\"><\/path><\/svg><\/span>\n\t\t\t\t<span class=\"wpr-toggle-icon wpr-ti-open\"><i aria-hidden=\"true\" class=\"auxicon auxicon-close-1\"><\/i><\/span>\n\t\t\t\t\t\t\t\t\t<\/button>\n\n\t\t\t\t\t\t<div class=\"wpr-acc-panel\">\n\t\t\t\t\t\t\t\t\t\t\t\t\t\t\t<div class=\"wpr-acc-panel-content\"><ul><li><span style=\"color: #a91913;\"><a style=\"color: #a91913;\" href=\"https:\/\/agustinosoala.org\/wp-content\/uploads\/2025\/11\/BLOQUE-1.pdf\" target=\"_blank\" rel=\"noopener\">Bloque 1<\/a><\/span><\/li><li><span style=\"color: #a91913;\"><a style=\"color: #a91913;\" href=\"https:\/\/agustinosoala.org\/wp-content\/uploads\/2025\/11\/BLOQUE-2.pdf\" target=\"_blank\" rel=\"noopener\">Bloque 1<\/a><\/span><\/li><li><span style=\"color: #a91913;\"><a style=\"color: #a91913;\" href=\"https:\/\/agustinosoala.org\/wp-content\/uploads\/2025\/11\/BLOQUE-3.pdf\" target=\"_blank\" rel=\"noopener\">Bloque 3<\/a><\/span><\/li><li><span style=\"color: #a91913;\"><a style=\"color: #a91913;\" href=\"https:\/\/agustinosoala.org\/wp-content\/uploads\/2025\/11\/BLOQUE-4.pdf\" target=\"_blank\" rel=\"noopener\">Bloque 4<\/a><\/span><\/li><li><span style=\"color: #a91913;\"><a style=\"color: #a91913;\" href=\"https:\/\/agustinosoala.org\/wp-content\/uploads\/2025\/11\/BLOQUE-5.pdf\" target=\"_blank\" rel=\"noopener\">Bloque 5<\/a><\/span><\/li><li><span style=\"color: #a91913;\"><a style=\"color: #a91913;\" href=\"https:\/\/agustinosoala.org\/wp-content\/uploads\/2025\/11\/BLOQUE-6.pdf\" target=\"_blank\" rel=\"noopener\">Bloque 6<\/a><\/span><\/li><li><span style=\"color: #a91913;\"><a style=\"color: #a91913;\" href=\"https:\/\/agustinosoala.org\/wp-content\/uploads\/2025\/11\/Grupos-de-Trabajos.pdf\" target=\"_blank\" rel=\"noopener\">Grupos de Trabajos<\/a><\/span><\/li><li><span style=\"color: #a91913;\"><a style=\"color: #a91913;\" href=\"https:\/\/agustinosoala.org\/wp-content\/uploads\/2025\/11\/Identificacion-con-el-Carisma.pdf\" target=\"_blank\" rel=\"noopener\">Identificaci\u00f3n con el Carisma<\/a><\/span><\/li><li><span style=\"color: #a91913;\"><a style=\"color: #a91913;\" href=\"https:\/\/agustinosoala.org\/wp-content\/uploads\/2025\/11\/Amor-Liquido.pdf\" target=\"_blank\" rel=\"noopener\">Amor Liquido<\/a><\/span><\/li><li><span style=\"color: #a91913;\"><a style=\"color: #a91913;\" href=\"https:\/\/agustinosoala.org\/wp-content\/uploads\/2025\/11\/La-Correccion-Fraterna.pdf\" target=\"_blank\" rel=\"noopener\">La Correcci\u00f3n Fraterna<\/a><\/span><\/li><li><span style=\"color: #a91913;\"><a style=\"color: #a91913;\" href=\"https:\/\/agustinosoala.org\/wp-content\/uploads\/2025\/11\/Proyecto-Comunitario-de-Vida.pdf\" target=\"_blank\" rel=\"noopener\">Proyecto Comunitario de Vida<\/a><\/span><\/li><\/ul><\/div>\n\t\t\t\t\t\t\t\t\t\t\t\t\t<\/div>\n                    <\/div>\n\n                \n\t\t\t\t\t<div class=\"wpr-accordion-item-wrap\">\n\t\t\t\t\t\t<button class=\"wpr-acc-button\">\n\t\t\t\t\t\t\t<span class=\"wpr-acc-item-title\">\n\t\t\t\t\t\t\t\t\t\t\t\t<span class=\"wpr-title-icon\">\n\t\t\t\t\t<i aria-hidden=\"true\" class=\"fas fa-desktop\"><\/i>\t\t\t\t<\/span>\n\t\t\t\n\t\t\t\t\t\t\t\t<span class=\"wpr-acc-title-text\">Encuentro de Formadores Buenos Aires 2011<\/span>\n\t\t\t\t\t\t\t<\/span>\n\t\t\t\t\t\t\t\t\t\t\t<span class=\"wpr-toggle-icon wpr-ti-close\"><svg aria-hidden=\"true\" class=\"e-font-icon-svg e-fas-plus\" viewbox=\"0 0 448 512\" xmlns=\"http:\/\/www.w3.org\/2000\/svg\"><path d=\"M416 208H272V64c0-17.67-14.33-32-32-32h-32c-17.67 0-32 14.33-32 32v144H32c-17.67 0-32 14.33-32 32v32c0 17.67 14.33 32 32 32h144v144c0 17.67 14.33 32 32 32h32c17.67 0 32-14.33 32-32V304h144c17.67 0 32-14.33 32-32v-32c0-17.67-14.33-32-32-32z\"><\/path><\/svg><\/span>\n\t\t\t\t<span class=\"wpr-toggle-icon wpr-ti-open\"><i aria-hidden=\"true\" class=\"auxicon auxicon-close-1\"><\/i><\/span>\n\t\t\t\t\t\t\t\t\t<\/button>\n\n\t\t\t\t\t\t<div class=\"wpr-acc-panel\">\n\t\t\t\t\t\t\t\t\t\t\t\t\t\t\t<div class=\"wpr-acc-panel-content\"><ul><li><span style=\"color: #a91913;\"><a style=\"color: #a91913;\" href=\"https:\/\/agustinosoala.org\/wp-content\/uploads\/2025\/11\/Propuesta-de-Trabajo.pdf\" target=\"_blank\" rel=\"noopener\">Propuesta de Trabajo<\/a><\/span><\/li><li><span style=\"color: #a91913;\"><a style=\"color: #a91913;\" title=\"https:\/\/agustinosoala.org\/wp-content\/uploads\/2025\/11\/El-apostolado-educativo-agustiniano-y-la-cultura-de-la-paz.pdf\" href=\"https:\/\/agustinosoala.org\/wp-content\/uploads\/2025\/11\/Propuesta-de-Temas.pdf\" target=\"_blank\" rel=\"noopener\">Propuesta de Temas<\/a> <\/span><\/li><li><span style=\"color: #a91913;\"><a style=\"color: #a91913;\" href=\"https:\/\/agustinosoala.org\/wp-content\/uploads\/2025\/11\/Desafios-de-la-Formacion-hoy.pdf\" target=\"_blank\" rel=\"noopener\">Desaf\u00edos de la Formaci\u00f3n hoy<\/a> <\/span><\/li><li><span style=\"color: #a91913;\"><a style=\"color: #a91913;\" href=\"https:\/\/agustinosoala.org\/wp-content\/uploads\/2025\/11\/Criterios-para-el-acompanamiento-formativo.pdf\" target=\"_blank\" rel=\"noopener\">Criterios para el acompa\u00f1amiento formativo<\/a><\/span><\/li><li><span style=\"color: #a91913;\"><a style=\"color: #a91913;\" href=\"https:\/\/agustinosoala.org\/wp-content\/uploads\/2025\/11\/Formacion-integral.pdf\" target=\"_blank\" rel=\"noopener\">Formaci\u00f3n integral<\/a> <\/span><\/li><li><span style=\"color: #a91913;\"><a style=\"color: #a91913;\" href=\"https:\/\/agustinosoala.org\/wp-content\/uploads\/2025\/11\/Mejorar-la-formacion-para-la-VR.pdf\" target=\"_blank\" rel=\"noopener\">Mejorar la formaci\u00f3n para la VR<\/a><\/span><\/li><li><span style=\"color: #a91913;\"><a style=\"color: #a91913;\" title=\"https:\/\/agustinosoala.org\/wp-content\/uploads\/2025\/11\/El-apostolado-educativo-agustiniano-y-la-cultura-de-la-paz.pdf\" href=\"https:\/\/agustinosoala.org\/wp-content\/uploads\/2025\/11\/Hacia-Criterios-comunes-de-Discernimiento-Vocacional.pdf\" target=\"_blank\" rel=\"noopener\">Hacia Criterios comunes de Discernimiento Vocacional<\/a> <\/span><\/li><\/ul><\/div>\n\t\t\t\t\t\t\t\t\t\t\t\t\t<\/div>\n                    <\/div>\n\n                \n\t\t\t\t\t<div class=\"wpr-accordion-item-wrap\">\n\t\t\t\t\t\t<button class=\"wpr-acc-button\">\n\t\t\t\t\t\t\t<span class=\"wpr-acc-item-title\">\n\t\t\t\t\t\t\t\t\t\t\t\t<span class=\"wpr-title-icon\">\n\t\t\t\t\t<i aria-hidden=\"true\" class=\"fas fa-desktop\"><\/i>\t\t\t\t<\/span>\n\t\t\t\n\t\t\t\t\t\t\t\t<span class=\"wpr-acc-title-text\">Encuetro de Formadores Lima 2009<\/span>\n\t\t\t\t\t\t\t<\/span>\n\t\t\t\t\t\t\t\t\t\t\t<span class=\"wpr-toggle-icon wpr-ti-close\"><svg aria-hidden=\"true\" class=\"e-font-icon-svg e-fas-plus\" viewbox=\"0 0 448 512\" xmlns=\"http:\/\/www.w3.org\/2000\/svg\"><path d=\"M416 208H272V64c0-17.67-14.33-32-32-32h-32c-17.67 0-32 14.33-32 32v144H32c-17.67 0-32 14.33-32 32v32c0 17.67 14.33 32 32 32h144v144c0 17.67 14.33 32 32 32h32c17.67 0 32-14.33 32-32V304h144c17.67 0 32-14.33 32-32v-32c0-17.67-14.33-32-32-32z\"><\/path><\/svg><\/span>\n\t\t\t\t<span class=\"wpr-toggle-icon wpr-ti-open\"><i aria-hidden=\"true\" class=\"auxicon auxicon-close-1\"><\/i><\/span>\n\t\t\t\t\t\t\t\t\t<\/button>\n\n\t\t\t\t\t\t<div class=\"wpr-acc-panel\">\n\t\t\t\t\t\t\t\t\t\t\t\t\t\t\t<div class=\"wpr-acc-panel-content\"><ul><li><span style=\"color: #a91913;\"><a style=\"color: #a91913;\" href=\"https:\/\/agustinosoala.org\/wp-content\/uploads\/2025\/11\/Carta-de-Saludo.pdf\" target=\"_blank\" rel=\"noopener\">Carta de Saludo<\/a><\/span><\/li><li><span style=\"color: #a91913;\"><a style=\"color: #a91913;\" href=\"https:\/\/agustinosoala.org\/wp-content\/uploads\/2025\/11\/Carta-a-Todos-los-Hermanos-de-America-Latina-y-el-Caribe.pdf\" target=\"_blank\" rel=\"noopener\">Carta a Todos los Hermanos de Am\u00e9rica Latina y el Caribe<\/a><\/span><\/li><li><span style=\"color: #a91913;\"><a style=\"color: #a91913;\" href=\"https:\/\/agustinosoala.org\/wp-content\/uploads\/2025\/11\/Carta-a-los-Hermanos-en-la-Formacion-Inicial-de-America-Latina-y-El-Caribe.pdf\" target=\"_blank\" rel=\"noopener\">Carta a los Hermanos en la Formaci\u00f3n Inicial de Am\u00e9rica Latina y El Caribe<\/a><\/span><\/li><li><span style=\"color: #a91913;\"><a style=\"color: #a91913;\" href=\"https:\/\/agustinosoala.org\/wp-content\/uploads\/2025\/11\/Propuestas-de-los-Formadores-a-la-Proxima-Asamblea-de-OALA.pdf\" target=\"_blank\" rel=\"noopener\"> Propuestas de los Formadores a la Pr\u00f3xima Asamblea de OALA<\/a><\/span><\/li><li><span style=\"color: #a91913;\"><a style=\"color: #a91913;\" href=\"https:\/\/agustinosoala.org\/wp-content\/uploads\/2025\/11\/Homilia-Final-del-Encuentro.pdf\" target=\"_blank\" rel=\"noopener\">Homilia Final del Encuentro<\/a><\/span><\/li><\/ul><\/div>\n\t\t\t\t\t\t\t\t\t\t\t\t\t<\/div>\n                    <\/div>\n\n                \n\t\t\t\t\t<div class=\"wpr-accordion-item-wrap\">\n\t\t\t\t\t\t<button class=\"wpr-acc-button\">\n\t\t\t\t\t\t\t<span class=\"wpr-acc-item-title\">\n\t\t\t\t\t\t\t\t\t\t\t\t<span class=\"wpr-title-icon\">\n\t\t\t\t\t<i aria-hidden=\"true\" class=\"fas fa-desktop\"><\/i>\t\t\t\t<\/span>\n\t\t\t\n\t\t\t\t\t\t\t\t<span class=\"wpr-acc-title-text\">Encuentro de Frailes J\u00f3venes 2008<\/span>\n\t\t\t\t\t\t\t<\/span>\n\t\t\t\t\t\t\t\t\t\t\t<span class=\"wpr-toggle-icon wpr-ti-close\"><svg aria-hidden=\"true\" class=\"e-font-icon-svg e-fas-plus\" viewbox=\"0 0 448 512\" xmlns=\"http:\/\/www.w3.org\/2000\/svg\"><path d=\"M416 208H272V64c0-17.67-14.33-32-32-32h-32c-17.67 0-32 14.33-32 32v144H32c-17.67 0-32 14.33-32 32v32c0 17.67 14.33 32 32 32h144v144c0 17.67 14.33 32 32 32h32c17.67 0 32-14.33 32-32V304h144c17.67 0 32-14.33 32-32v-32c0-17.67-14.33-32-32-32z\"><\/path><\/svg><\/span>\n\t\t\t\t<span class=\"wpr-toggle-icon wpr-ti-open\"><i aria-hidden=\"true\" class=\"auxicon auxicon-close-1\"><\/i><\/span>\n\t\t\t\t\t\t\t\t\t<\/button>\n\n\t\t\t\t\t\t<div class=\"wpr-acc-panel\">\n\t\t\t\t\t\t\t\t\t\t\t\t\t\t\t<div class=\"wpr-acc-panel-content\"><ul><li><span style=\"color: #a91913;\"><a style=\"color: #a91913;\" href=\"https:\/\/agustinosoala.org\/wp-content\/uploads\/2025\/11\/Encuentro-de-Agustinos-Jovenes-2008.pdf\" target=\"_blank\" rel=\"noopener\">Encuentro de Agustinos J\u00f3venes 2008<\/a><\/span><\/li><li><span style=\"color: #a91913;\"><a style=\"color: #a91913;\" href=\"https:\/\/agustinosoala.org\/wp-content\/uploads\/2025\/11\/La-tradicion-misionera.pdf\" target=\"_blank\" rel=\"noopener\">La tradici\u00f3n misionera<\/a><\/span><\/li><li><span style=\"color: #a91913;\"><a style=\"color: #a91913;\" href=\"https:\/\/agustinosoala.org\/wp-content\/uploads\/2025\/11\/Los-Agustinos-al-servicio-de-la-mision.pdf\" target=\"_blank\" rel=\"noopener\">Los Agustinos al servicio de la misi\u00f3n<\/a><\/span><\/li><li><span style=\"color: #a91913;\"><a style=\"color: #a91913;\" title=\"https:\/\/agustinosoala.org\/wp-content\/uploads\/2025\/11\/El-apostolado-educativo-agustiniano-y-la-cultura-de-la-paz.pdf\" href=\"https:\/\/agustinosoala.org\/wp-content\/uploads\/2025\/11\/Declaracion-Final.pdf\" target=\"_blank\" rel=\"noopener\">Declaraci\u00f3n Final<\/a> <\/span><\/li><\/ul><\/div>\n\t\t\t\t\t\t\t\t\t\t\t\t\t<\/div>\n                    <\/div>\n\n                \n\t\t\t\t\t<div class=\"wpr-accordion-item-wrap\">\n\t\t\t\t\t\t<button class=\"wpr-acc-button\">\n\t\t\t\t\t\t\t<span class=\"wpr-acc-item-title\">\n\t\t\t\t\t\t\t\t\t\t\t\t<span class=\"wpr-title-icon\">\n\t\t\t\t\t<i aria-hidden=\"true\" class=\"fas fa-desktop\"><\/i>\t\t\t\t<\/span>\n\t\t\t\n\t\t\t\t\t\t\t\t<span class=\"wpr-acc-title-text\">Encuentro de formadores Belo Horizonte 2006<\/span>\n\t\t\t\t\t\t\t<\/span>\n\t\t\t\t\t\t\t\t\t\t\t<span class=\"wpr-toggle-icon wpr-ti-close\"><svg aria-hidden=\"true\" class=\"e-font-icon-svg e-fas-plus\" viewbox=\"0 0 448 512\" xmlns=\"http:\/\/www.w3.org\/2000\/svg\"><path d=\"M416 208H272V64c0-17.67-14.33-32-32-32h-32c-17.67 0-32 14.33-32 32v144H32c-17.67 0-32 14.33-32 32v32c0 17.67 14.33 32 32 32h144v144c0 17.67 14.33 32 32 32h32c17.67 0 32-14.33 32-32V304h144c17.67 0 32-14.33 32-32v-32c0-17.67-14.33-32-32-32z\"><\/path><\/svg><\/span>\n\t\t\t\t<span class=\"wpr-toggle-icon wpr-ti-open\"><i aria-hidden=\"true\" class=\"auxicon auxicon-close-1\"><\/i><\/span>\n\t\t\t\t\t\t\t\t\t<\/button>\n\n\t\t\t\t\t\t<div class=\"wpr-acc-panel\">\n\t\t\t\t\t\t\t\t\t\t\t\t\t\t\t<div class=\"wpr-acc-panel-content\"><ul><li><span style=\"color: #a91913;\"><a style=\"color: #a91913;\" href=\"https:\/\/agustinosoala.org\/wp-content\/uploads\/2025\/11\/Carta-a-los-Formandos-de-America-Latina.pdf\" target=\"_blank\" rel=\"noopener\">Carta a los Formandos de Am\u00e9rica Latina<\/a><\/span><\/li><li><span style=\"color: #a91913;\"><a style=\"color: #a91913;\" title=\"https:\/\/agustinosoala.org\/wp-content\/uploads\/2025\/11\/El-apostolado-educativo-agustiniano-y-la-cultura-de-la-paz.pdf\" href=\"https:\/\/agustinosoala.org\/wp-content\/uploads\/2025\/11\/Carta-a-los-Hermanos.pdf\" target=\"_blank\" rel=\"noopener\">Carta a los Hermanos<\/a> <\/span><\/li><li><span style=\"color: #a91913;\"><a style=\"color: #a91913;\" href=\"https:\/\/agustinosoala.org\/wp-content\/uploads\/2025\/11\/Ficha-de-Acompanamiento.pdf\" target=\"_blank\" rel=\"noopener\">Ficha de Acompa\u00f1amiento<\/a> <\/span><\/li><li><span style=\"color: #a91913;\"><a style=\"color: #a91913;\" href=\"https:\/\/agustinosoala.org\/wp-content\/uploads\/2025\/11\/Nuevos-Formadores-para-America-Latina.pdf\" target=\"_blank\" rel=\"noopener\">Nuevos Formadores para Am\u00e9rica Latina<\/a><\/span><\/li><li><span style=\"color: #a91913;\"><a style=\"color: #a91913;\" href=\"https:\/\/agustinosoala.org\/wp-content\/uploads\/2025\/11\/Evaluacion.pdf\" target=\"_blank\" rel=\"noopener\">Evaluaci\u00f3n<\/a> <\/span><\/li><\/ul><\/div>\n\t\t\t\t\t\t\t\t\t\t\t\t\t<\/div>\n                    <\/div>\n\n                \n\t\t\t\t\t<div class=\"wpr-accordion-item-wrap\">\n\t\t\t\t\t\t<button class=\"wpr-acc-button\">\n\t\t\t\t\t\t\t<span class=\"wpr-acc-item-title\">\n\t\t\t\t\t\t\t\t\t\t\t\t<span class=\"wpr-title-icon\">\n\t\t\t\t\t<i aria-hidden=\"true\" class=\"fas fa-desktop\"><\/i>\t\t\t\t<\/span>\n\t\t\t\n\t\t\t\t\t\t\t\t<span class=\"wpr-acc-title-text\">Encartes<\/span>\n\t\t\t\t\t\t\t<\/span>\n\t\t\t\t\t\t\t\t\t\t\t<span class=\"wpr-toggle-icon wpr-ti-close\"><svg aria-hidden=\"true\" class=\"e-font-icon-svg e-fas-plus\" viewbox=\"0 0 448 512\" xmlns=\"http:\/\/www.w3.org\/2000\/svg\"><path d=\"M416 208H272V64c0-17.67-14.33-32-32-32h-32c-17.67 0-32 14.33-32 32v144H32c-17.67 0-32 14.33-32 32v32c0 17.67 14.33 32 32 32h144v144c0 17.67 14.33 32 32 32h32c17.67 0 32-14.33 32-32V304h144c17.67 0 32-14.33 32-32v-32c0-17.67-14.33-32-32-32z\"><\/path><\/svg><\/span>\n\t\t\t\t<span class=\"wpr-toggle-icon wpr-ti-open\"><i aria-hidden=\"true\" class=\"auxicon auxicon-close-1\"><\/i><\/span>\n\t\t\t\t\t\t\t\t\t<\/button>\n\n\t\t\t\t\t\t<div class=\"wpr-acc-panel\">\n\t\t\t\t\t\t\t\t\t\t\t\t\t\t\t<div class=\"wpr-acc-panel-content\"><ul><li><span style=\"color: #a91913;\"><a style=\"color: #a91913;\" href=\"https:\/\/agustinosoala.org\/wp-content\/uploads\/2025\/11\/Encarte-N\u00b0-1.pdf\" target=\"_blank\" rel=\"noopener\">Encarte N\u00b0 1<\/a><\/span><\/li><li><span style=\"color: #a91913;\"><a style=\"color: #a91913;\" title=\"https:\/\/agustinosoala.org\/wp-content\/uploads\/2025\/11\/El-apostolado-educativo-agustiniano-y-la-cultura-de-la-paz.pdf\" href=\"https:\/\/agustinosoala.org\/wp-content\/uploads\/2025\/11\/Encarte-N\u00b0-2.pdf\" target=\"_blank\" rel=\"noopener\">Encarte N\u00b0 2<\/a> <\/span><\/li><li><span style=\"color: #a91913;\"><a style=\"color: #a91913;\" href=\"https:\/\/agustinosoala.org\/wp-content\/uploads\/2025\/11\/Encarte-N\u00b0-3.pdf\" target=\"_blank\" rel=\"noopener\">Encarte N\u00b0 3<\/a> <\/span><\/li><li><span style=\"color: #a91913;\"><a style=\"color: #a91913;\" href=\"https:\/\/agustinosoala.org\/wp-content\/uploads\/2025\/11\/Encartes-1-30.pdf\" target=\"_blank\" rel=\"noopener\">Encartes 1-30<\/a><\/span><\/li><\/ul><\/div>\n\t\t\t\t\t\t\t\t\t\t\t\t\t<\/div>\n                    <\/div>\n\n                \n\t\t\t\t\t<div class=\"wpr-accordion-item-wrap\">\n\t\t\t\t\t\t<button class=\"wpr-acc-button\">\n\t\t\t\t\t\t\t<span class=\"wpr-acc-item-title\">\n\t\t\t\t\t\t\t\t\t\t\t\t<span class=\"wpr-title-icon\">\n\t\t\t\t\t<i aria-hidden=\"true\" class=\"fas fa-desktop\"><\/i>\t\t\t\t<\/span>\n\t\t\t\n\t\t\t\t\t\t\t\t<span class=\"wpr-acc-title-text\">Documentos de Formadores<\/span>\n\t\t\t\t\t\t\t<\/span>\n\t\t\t\t\t\t\t\t\t\t\t<span class=\"wpr-toggle-icon wpr-ti-close\"><svg aria-hidden=\"true\" class=\"e-font-icon-svg e-fas-plus\" viewbox=\"0 0 448 512\" xmlns=\"http:\/\/www.w3.org\/2000\/svg\"><path d=\"M416 208H272V64c0-17.67-14.33-32-32-32h-32c-17.67 0-32 14.33-32 32v144H32c-17.67 0-32 14.33-32 32v32c0 17.67 14.33 32 32 32h144v144c0 17.67 14.33 32 32 32h32c17.67 0 32-14.33 32-32V304h144c17.67 0 32-14.33 32-32v-32c0-17.67-14.33-32-32-32z\"><\/path><\/svg><\/span>\n\t\t\t\t<span class=\"wpr-toggle-icon wpr-ti-open\"><i aria-hidden=\"true\" class=\"auxicon auxicon-close-1\"><\/i><\/span>\n\t\t\t\t\t\t\t\t\t<\/button>\n\n\t\t\t\t\t\t<div class=\"wpr-acc-panel\">\n\t\t\t\t\t\t\t\t\t\t\t\t\t\t\t<div class=\"wpr-acc-panel-content\"><ul><li><span style=\"color: #a91913;\"><a style=\"color: #a91913;\" href=\"https:\/\/agustinosoala.org\/wp-content\/uploads\/2025\/11\/Introduccion.pdf\" target=\"_blank\" rel=\"noopener\">Introducci\u00f3n<\/a><\/span><\/li><li><span style=\"color: #a91913;\"><a style=\"color: #a91913;\" title=\"https:\/\/agustinosoala.org\/wp-content\/uploads\/2025\/11\/El-apostolado-educativo-agustiniano-y-la-cultura-de-la-paz.pdf\" href=\"https:\/\/agustinosoala.org\/wp-content\/uploads\/2025\/11\/Inculturacion-de-la-Ratio-Institutionis-en-America-Latina.pdf\" target=\"_blank\" rel=\"noopener\">Inculturaci\u00f3n de la Ratio Institutionis en Am\u00e9rica Latina<\/a> <\/span><\/li><li><span style=\"color: #a91913;\"><a style=\"color: #a91913;\" href=\"https:\/\/agustinosoala.org\/wp-content\/uploads\/2025\/11\/Documento-de-San-Jose.pdf\" target=\"_blank\" rel=\"noopener\">Documento de San Jos\u00e9<\/a> <\/span><\/li><li><span style=\"color: #a91913;\"><a style=\"color: #a91913;\" href=\"https:\/\/agustinosoala.org\/wp-content\/uploads\/2025\/11\/Documento-de-Lima.pdf\" target=\"_blank\" rel=\"noopener\">Documento de Lima<\/a><\/span><\/li><li><span style=\"color: #a91913;\"><a style=\"color: #a91913;\" href=\"https:\/\/agustinosoala.org\/wp-content\/uploads\/2025\/11\/Documento-de-Conocoto.pdf\" target=\"_blank\" rel=\"noopener\">Documento de Conocoto<\/a> <\/span><\/li><li><span style=\"color: #a91913;\"><a style=\"color: #a91913;\" href=\"https:\/\/agustinosoala.org\/wp-content\/uploads\/2025\/11\/Documento-de-Cochabamba.pdf\" target=\"_blank\" rel=\"noopener\">Documento de Cochabamba<\/a><\/span><\/li><li><span style=\"color: #a91913;\"><a style=\"color: #a91913;\" title=\"https:\/\/agustinosoala.org\/wp-content\/uploads\/2025\/11\/El-apostolado-educativo-agustiniano-y-la-cultura-de-la-paz.pdf\" href=\"https:\/\/agustinosoala.org\/wp-content\/uploads\/2025\/11\/Documento-de-Caracas.pdf\" target=\"_blank\" rel=\"noopener\">Documento de Caracas<\/a> <\/span><\/li><li><span style=\"color: #a91913;\"><a style=\"color: #a91913;\" href=\"https:\/\/agustinosoala.org\/wp-content\/uploads\/2025\/11\/Documento-de-Buenos-Aires.pdf\" target=\"_blank\" rel=\"noopener\">Documento de Buenos Aires<\/a> <\/span><\/li><li><span style=\"color: #a91913;\"><a style=\"color: #a91913;\" href=\"https:\/\/agustinosoala.org\/wp-content\/uploads\/2025\/11\/Documento-de-Bogota.pdf\" target=\"_blank\" rel=\"noopener\">Documento de Bogota<\/a><\/span><\/li><li><span style=\"color: #a91913;\"><a style=\"color: #a91913;\" href=\"https:\/\/agustinosoala.org\/wp-content\/uploads\/2025\/11\/Conclusion-Hilo-conductor-1994.pdf\" target=\"_blank\" rel=\"noopener\">Conclusi\u00f3n: Hilo conductor 1994<\/a><\/span><\/li><\/ul><\/div>\n\t\t\t\t\t\t\t\t\t\t\t\t\t<\/div>\n                    <\/div>\n\n                \n\t\t\t\t\t<div class=\"wpr-accordion-item-wrap\">\n\t\t\t\t\t\t<button class=\"wpr-acc-button\">\n\t\t\t\t\t\t\t<span class=\"wpr-acc-item-title\">\n\t\t\t\t\t\t\t\t\t\t\t\t<span class=\"wpr-title-icon\">\n\t\t\t\t\t<i aria-hidden=\"true\" class=\"fas fa-desktop\"><\/i>\t\t\t\t<\/span>\n\t\t\t\n\t\t\t\t\t\t\t\t<span class=\"wpr-acc-title-text\"> Guias de Accion para Animadores 1999<\/span>\n\t\t\t\t\t\t\t<\/span>\n\t\t\t\t\t\t\t\t\t\t\t<span class=\"wpr-toggle-icon wpr-ti-close\"><svg aria-hidden=\"true\" class=\"e-font-icon-svg e-fas-plus\" viewbox=\"0 0 448 512\" xmlns=\"http:\/\/www.w3.org\/2000\/svg\"><path d=\"M416 208H272V64c0-17.67-14.33-32-32-32h-32c-17.67 0-32 14.33-32 32v144H32c-17.67 0-32 14.33-32 32v32c0 17.67 14.33 32 32 32h144v144c0 17.67 14.33 32 32 32h32c17.67 0 32-14.33 32-32V304h144c17.67 0 32-14.33 32-32v-32c0-17.67-14.33-32-32-32z\"><\/path><\/svg><\/span>\n\t\t\t\t<span class=\"wpr-toggle-icon wpr-ti-open\"><i aria-hidden=\"true\" class=\"auxicon auxicon-close-1\"><\/i><\/span>\n\t\t\t\t\t\t\t\t\t<\/button>\n\n\t\t\t\t\t\t<div class=\"wpr-acc-panel\">\n\t\t\t\t\t\t\t\t\t\t\t\t\t\t\t<div class=\"wpr-acc-panel-content\"><ul><li><span style=\"color: #a91913;\"><a style=\"color: #a91913;\" href=\"https:\/\/agustinosoala.org\/wp-content\/uploads\/2025\/11\/Documento-C-GUIA-PARA-EL-DIA-DE-RETIRO.pdf\" target=\"_blank\" rel=\"noopener\">Guia para el d\u00eda de Retiro<\/a><\/span><\/li><li><span style=\"color: #a91913;\"><a style=\"color: #a91913;\" title=\"https:\/\/agustinosoala.org\/wp-content\/uploads\/2025\/11\/El-apostolado-educativo-agustiniano-y-la-cultura-de-la-paz.pdf\" href=\"https:\/\/agustinosoala.org\/wp-content\/uploads\/2025\/11\/Elaboracion-y-verificacion-de-los-contenidos-del-documento-C.pdf\" target=\"_blank\" rel=\"noopener\">Elaboraci\u00f3n y verificaci\u00f3n de los contenidos<\/a> <\/span><\/li><li><span style=\"color: #a91913;\"><a style=\"color: #a91913;\" href=\"https:\/\/agustinosoala.org\/wp-content\/uploads\/2025\/11\/EsquemaparaDocumentoD-H.pdf\" target=\"_blank\" rel=\"noopener\">Esquema para Documentos D-H<\/a> <\/span><\/li><li><span style=\"color: #a91913;\"><a style=\"color: #a91913;\" href=\"https:\/\/agustinosoala.org\/wp-content\/uploads\/2025\/11\/GUIA-DE-TRABAJO-D-H.pdf\" target=\"_blank\" rel=\"noopener\">Gu\u00eda de Trabajo D-H<\/a><\/span><\/li><li><span style=\"color: #a91913;\"><a style=\"color: #a91913;\" href=\"https:\/\/agustinosoala.org\/wp-content\/uploads\/2025\/11\/GUIA-PARA-EL-DIA-DE-ESTUDIO-DE-LA-COMUNIDAD-LOCAL.pdf\" target=\"_blank\" rel=\"noopener\">Gu\u00eda para el estudio de la comunidad Local<\/a> <\/span><\/li><li><span style=\"color: #a91913;\"><a style=\"color: #a91913;\" href=\"https:\/\/agustinosoala.org\/wp-content\/uploads\/2025\/11\/RED-DE-RELACIONES.pdf\" target=\"_blank\" rel=\"noopener\">Red de Relaciones<\/a><\/span><\/li><li><span style=\"color: #a91913;\"><a style=\"color: #a91913;\" title=\"https:\/\/agustinosoala.org\/wp-content\/uploads\/2025\/11\/El-apostolado-educativo-agustiniano-y-la-cultura-de-la-paz.pdf\" href=\"https:\/\/agustinosoala.org\/wp-content\/uploads\/2025\/11\/VISITA-DE-RENOVACION.pdf\" target=\"_blank\" rel=\"noopener\">Visita de Renovaci\u00f3n<\/a> <\/span><\/li><li><span style=\"color: #a91913;\"><a style=\"color: #a91913;\" href=\"https:\/\/agustinosoala.org\/wp-content\/uploads\/2025\/11\/CONTORNO-DE-LA-VIDA-Y-ACTIVIDAD-APOSTOLICA-DE-LA-CIRCUNSCRIPCION.pdf\" target=\"_blank\" rel=\"noopener\">Contorno de la vida y actividad apost\u00f3lica de la circunscripci\u00f3n<\/a><\/span><\/li><li><span style=\"color: #a91913;\"><a style=\"color: #a91913;\" title=\"https:\/\/agustinosoala.org\/wp-content\/uploads\/2025\/11\/El-apostolado-educativo-agustiniano-y-la-cultura-de-la-paz.pdf\" href=\"https:\/\/agustinosoala.org\/wp-content\/uploads\/2025\/11\/CONTEXTO-CULTURAL-DE-LOS-DESTINATARIOS.pdf\" target=\"_blank\" rel=\"noopener\">Contexto cultural de los destinatarios<\/a> <\/span><\/li><\/ul><\/div>\n\t\t\t\t\t\t\t\t\t\t\t\t\t<\/div>\n                    <\/div>\n\n                            <\/div>\n        \t\t\t\t<\/div>\n\t\t\t\t<\/div>\n\t\t\t\t<\/div>\n\t\t<div class=\"elementor-element elementor-element-b0f7071 e-con-full e-flex wpr-particle-no wpr-jarallax-no wpr-parallax-no wpr-sticky-section-no wpr-equal-height-no e-con e-child\" data-id=\"b0f7071\" data-element_type=\"container\" data-e-type=\"container\">\n\t\t\t\t<div class=\"elementor-element elementor-element-f32aea0 elementor-widget elementor-widget-elementskit-team\" data-id=\"f32aea0\" data-element_type=\"widget\" data-e-type=\"widget\" data-widget_type=\"elementskit-team.default\">\n\t\t\t\t<div class=\"elementor-widget-container\">\n\t\t\t\t\t<div class=\"ekit-wid-con\">\n\t\t\t\n\t\t\t\t<div class=\"profile-square-v square-v4 elementor-animation- ekit-team-style-hover_info\">\n\t\t\t\t\t<div class=\"profile-card text-center\">\n\t\t\t\t\t\t<div class=\"profile-header ekit-team-img\"  data-toggle=\"modal\" data-target=\"#ekit_team_modal_f32aea0_1316\" >\n\t\t\t\t\t\t\t<img fetchpriority=\"high\" decoding=\"async\" width=\"957\" height=\"1024\" src=\"https:\/\/agustinosoala.org\/wp-content\/uploads\/2025\/11\/OALA-IMAGEN-EDIT-2-957x1024.png\" class=\"attachment-large size-large wp-image-1159\" alt=\"\" \/>\t\t\t\t\t\t<\/div><!-- .profile-header END -->\n\t\t\t\t\t\t<div class=\"profile-body\">\n\t\t\t\t\t\t\t<h2 class=\"profile-title\">\n\t\t\t\t\t\t\t\t\t\t\t\t\t\t\t<a aria-label=\"profile\" href=\"javascript:void(0)\" data-mfp-src=\"#ekit_team_modal_f32aea0_1316\" class=\"ekit-team-popup\">\n\t\t\t\t\t\t\t\tFr. Jorge Mart\u00ednez Vizueta\t\t\t\t\t\t\t\t<\/a>\n\t\t\t\t\t\t\t\t\t\t\t\t\t\t\t<\/h2>\n\t\t\t\t\t\t\t<p class=\"profile-designation\">Responsable Actual del \u00c1rea<\/p>\n\t\t\t\t\t\t\t\t\t\t\t\t\t\t<ul class=\"ekit-team-social-list\">\n\t\t\t<li class=\"elementor-repeater-item-b21e89d\">\n\t\t\t<a href=\"https:\/\/facebook.com\" aria-label=\"Facebook\">\n\t\t\t\t<i aria-hidden=\"true\" class=\"icon icon-facebook\"><\/i>\t\t\t<\/a>\n\t\t<\/li>\n\t\t\t<li class=\"elementor-repeater-item-09239ac\">\n\t\t\t<a href=\"https:\/\/facebook.com\" aria-label=\"Gmail\">\n\t\t\t\t<i aria-hidden=\"true\" class=\"icon icon-email\"><\/i>\t\t\t<\/a>\n\t\t<\/li>\n\t<\/ul>\n\t\t\t\t\t\t<\/div>\n\t\t\t\t\t<\/div>\n\t\t\t\t<\/div>\n\t\t\t\n\t\t\t\t\t<div class=\"zoom-anim-dialog mfp-hide elementskit-team-popup team-popup-id-f32aea0\" id=\"ekit_team_modal_f32aea0_1316\" tabindex=\"-1\" role=\"dialog\" aria-modal=\"true\">\n\t\t\t\t<div class=\"modal-dialog modal-dialog-centered\" role=\"document\">\n\t\t\t\t\t<div class=\"modal-content\">\n\t\t\t\t\t\t<button type=\"button\" class=\"ekit-team-modal-close\">\n\t\t\t\t\t\t\t<svg aria-hidden=\"true\" class=\"e-font-icon-svg e-fas-times\" viewbox=\"0 0 352 512\" xmlns=\"http:\/\/www.w3.org\/2000\/svg\"><path d=\"M242.72 256l100.07-100.07c12.28-12.28 12.28-32.19 0-44.48l-22.24-22.24c-12.28-12.28-32.19-12.28-44.48 0L176 189.28 75.93 89.21c-12.28-12.28-32.19-12.28-44.48 0L9.21 111.45c-12.28 12.28-12.28 32.19 0 44.48L109.28 256 9.21 356.07c-12.28 12.28-12.28 32.19 0 44.48l22.24 22.24c12.28 12.28 32.2 12.28 44.48 0L176 322.72l100.07 100.07c12.28 12.28 32.2 12.28 44.48 0l22.24-22.24c12.28-12.28 12.28-32.19 0-44.48L242.72 256z\"><\/path><\/svg>\t\t\t\t\t\t<\/button>\n\n\t\t\t\t\t\t<div class=\"modal-body\">\n\t\t\t\t\t\t\t\t\t\t\t\t\t\t\t<div class=\"ekit-team-modal-img\">\n\t\t\t\t\t\t\t\t\t<img fetchpriority=\"high\" decoding=\"async\" width=\"957\" height=\"1024\" src=\"https:\/\/agustinosoala.org\/wp-content\/uploads\/2025\/11\/OALA-IMAGEN-EDIT-2-957x1024.png\" class=\"attachment-large size-large wp-image-1159\" alt=\"\" \/>\t\t\t\t\t\t\t\t<\/div>\n\t\t\t\t\t\t\t\n\t\t\t\t\t\t\t<div class=\"ekit-team-modal-info has-img\">\n\t\t\t\t\t\t\t\t<h2 class=\"ekit-team-modal-title\">Fr. Jorge Mart\u00ednez Vizueta<\/h2>\n\t\t\t\t\t\t\t\t<p class=\"ekit-team-modal-position\">Responsable Actual del \u00c1rea<\/p>\n\n\t\t\t\t\t\t\t\t<div class=\"ekit-team-modal-content\">\n\t\t\t\t\t\t\t\t\tUn peque\u00f1o r\u00edo llamado Duden fluye junto a su casa y la abastece de lo necesario\t\t\t\t\t\t\t\t<\/div>\n\n\t\t\t\t\t\t\t\t\t\t\t\t\t\t\t\t\t<ul class=\"ekit-team-modal-list\">\n\t\t\t\t\t\t\t\t\t\t\t\t\t\t\t\t\t\t\t\t\t<li><strong>Tel\u00e9fono:<\/strong><a href=\"tel:+1 (859) 254-6589\">+1 (859) 254-6589<\/a><\/li>\n\t\t\t\t\t\t\t\t\t\t\n\t\t\t\t\t\t\t\t\t\t\t\t\t\t\t\t\t\t\t\t\t<li><strong>Correo electr\u00f3nico:<\/strong><a href=\"mailto:info@example.com\">info@example.com<\/a><\/li>\n\t\t\t\t\t\t\t\t\t\t\t\t\t\t\t\t\t\t\t<\/ul>\n\t\t\t\t\t\t\t\t\n\t\t\t\t\t\t\t\t<ul class=\"ekit-team-social-list\">\n\t\t\t<li class=\"elementor-repeater-item-b21e89d\">\n\t\t\t<a href=\"https:\/\/facebook.com\" aria-label=\"Facebook\">\n\t\t\t\t<i aria-hidden=\"true\" class=\"icon icon-facebook\"><\/i>\t\t\t<\/a>\n\t\t<\/li>\n\t\t\t<li class=\"elementor-repeater-item-09239ac\">\n\t\t\t<a href=\"https:\/\/facebook.com\" aria-label=\"Gmail\">\n\t\t\t\t<i aria-hidden=\"true\" class=\"icon icon-email\"><\/i>\t\t\t<\/a>\n\t\t<\/li>\n\t<\/ul>\n\t\t\t\t\t\t\t<\/div>\n\t\t\t\t\t\t<\/div>\n\t\t\t\t\t<\/div>\n\t\t\t\t<\/div>\n\t\t\t<\/div>\n\t\t\t\t<\/div>\t\t\t\t<\/div>\n\t\t\t\t<\/div>\n\t\t\t\t<\/div>\n\t\t\t\t\t<\/div>\n\t\t\t\t<\/div>\n\t\t\t\t<\/div>","protected":false},"excerpt":{"rendered":"<p>\u00abNos hiciste, Se\u00f1or, para ti, y nuestro coraz\u00f3n est\u00e1 inquieto hasta que descanse en ti\u00bb San Agust\u00edn. Confessiones (Confesiones), Libro I, cap. 1. Formaci\u00f3n Inicial Evaluaci\u00f3n 2023 Evaluaci\u00f3n de la Gesti\u00f3n 2019-2023 Encuentro de profesos agustinos de la Regi\u00f3n Centro de OALA (Lima-Per\u00fa) Cr\u00f3nica del Encuentro Fotos del Encuentro Encuentro de Frailes J\u00f3venes 2016: M\u00e9xico Acta de los hermanos j\u00f3venes Oraci\u00f3n estudio trabajo recreaci\u00f3n Luis Guzm\u00e1n Encuentro de Formadores 2015: Brasil Espiritualidad Agustiniana Juan Antonio Gil Nuevos desaf\u00edos en la formaci\u00f3n Claudio Javier Arguello Encuentro de Formandos J\u00f3venes Buenos Aires 2012 Bloque 1 Bloque 1 Bloque 3 Bloque 4 Bloque 5 Bloque 6 Grupos de Trabajos Identificaci\u00f3n con el Carisma Amor Liquido La Correcci\u00f3n Fraterna Proyecto Comunitario de Vida Encuentro de Formadores Buenos Aires 2011 Propuesta de Trabajo Propuesta de Temas Desaf\u00edos de la Formaci\u00f3n hoy Criterios para el acompa\u00f1amiento formativo Formaci\u00f3n integral Mejorar la formaci\u00f3n para la VR Hacia Criterios comunes de Discernimiento Vocacional Encuetro de Formadores Lima 2009 Carta de Saludo Carta a Todos los Hermanos de Am\u00e9rica Latina y el Caribe Carta a los Hermanos en la Formaci\u00f3n Inicial de Am\u00e9rica Latina y El Caribe Propuestas de los Formadores a la Pr\u00f3xima Asamblea de OALA Homilia Final del Encuentro Encuentro de Frailes J\u00f3venes 2008 Encuentro de Agustinos J\u00f3venes 2008 La tradici\u00f3n misionera Los Agustinos al servicio de la misi\u00f3n Declaraci\u00f3n Final Encuentro de formadores Belo Horizonte 2006 Carta a los Formandos de Am\u00e9rica Latina Carta a los Hermanos Ficha de Acompa\u00f1amiento Nuevos Formadores para Am\u00e9rica Latina Evaluaci\u00f3n Encartes Encarte N\u00b0 1 Encarte N\u00b0 2 Encarte N\u00b0 3 Encartes 1-30 Documentos de Formadores Introducci\u00f3n Inculturaci\u00f3n de la Ratio Institutionis en Am\u00e9rica Latina Documento de San Jos\u00e9 Documento de Lima Documento de Conocoto Documento de Cochabamba Documento de Caracas Documento de Buenos Aires Documento de Bogota Conclusi\u00f3n: Hilo conductor 1994 Guias de Accion para Animadores 1999 Guia para el d\u00eda de Retiro Elaboraci\u00f3n y verificaci\u00f3n de los contenidos Esquema para Documentos D-H Gu\u00eda de Trabajo D-H Gu\u00eda para el estudio de la comunidad Local Red de Relaciones Visita de Renovaci\u00f3n Contorno de la vida y actividad apost\u00f3lica de la circunscripci\u00f3n Contexto cultural de los destinatarios Fr. Jorge Mart\u00ednez Vizueta Responsable Actual del \u00c1rea Fr. Jorge Mart\u00ednez Vizueta Responsable Actual del \u00c1rea Un peque\u00f1o r\u00edo llamado Duden fluye junto a su casa y la abastece de lo necesario Tel\u00e9fono:+1 (859) 254-6589 Correo electr\u00f3nico:info@example.com<\/p>","protected":false},"author":1,"featured_media":0,"comment_status":"closed","ping_status":"closed","sticky":false,"template":"elementor_header_footer","format":"standard","meta":{"inline_featured_image":false,"postBodyCss":"","postBodyMargin":[],"postBodyPadding":[],"postBodyBackground":{"backgroundType":"classic","gradient":""},"footnotes":""},"categories":[32],"tags":[37,36,44,45],"class_list":["post-1316","post","type-post","status-publish","format-standard","hentry","category-areas","tag-agustinos","tag-agustinos-latinoamerica","tag-formacion-oala","tag-formacion-organizacion-de-los-agustinos-de-america-latina"],"yoast_head":"<!-- This site is optimized with the Yoast SEO plugin v27.5 - https:\/\/yoast.com\/product\/yoast-seo-wordpress\/ -->\n<title>Formaci\u00f3n - OALA - Organizaci\u00f3n de los Agustinos de Am\u00e9rica Latina<\/title>\n<meta name=\"robots\" content=\"index, follow, max-snippet:-1, max-image-preview:large, max-video-preview:-1\" \/>\n<link rel=\"canonical\" href=\"https:\/\/agustinosoala.org\/pt\/formacion\/\" \/>\n<meta property=\"og:locale\" content=\"pt_BR\" \/>\n<meta property=\"og:type\" content=\"article\" \/>\n<meta property=\"og:title\" content=\"Formaci\u00f3n - OALA - Organizaci\u00f3n de los Agustinos de Am\u00e9rica Latina\" \/>\n<meta property=\"og:description\" content=\"\u00abNos hiciste, Se\u00f1or, para ti, y nuestro coraz\u00f3n est\u00e1 inquieto hasta que descanse en ti\u00bb San Agust\u00edn. Confessiones (Confesiones), Libro I, cap. 1. Formaci\u00f3n Inicial Evaluaci\u00f3n 2023 Evaluaci\u00f3n de la Gesti\u00f3n 2019-2023 Encuentro de profesos agustinos de la Regi\u00f3n Centro de OALA (Lima-Per\u00fa) Cr\u00f3nica del Encuentro Fotos del Encuentro Encuentro de Frailes J\u00f3venes 2016: M\u00e9xico Acta de los hermanos j\u00f3venes Oraci\u00f3n estudio trabajo recreaci\u00f3n Luis Guzm\u00e1n Encuentro de Formadores 2015: Brasil Espiritualidad Agustiniana Juan Antonio Gil Nuevos desaf\u00edos en la formaci\u00f3n Claudio Javier Arguello Encuentro de Formandos J\u00f3venes Buenos Aires 2012 Bloque 1 Bloque 1 Bloque 3 Bloque 4 Bloque 5 Bloque 6 Grupos de Trabajos Identificaci\u00f3n con el Carisma Amor Liquido La Correcci\u00f3n Fraterna Proyecto Comunitario de Vida Encuentro de Formadores Buenos Aires 2011 Propuesta de Trabajo Propuesta de Temas Desaf\u00edos de la Formaci\u00f3n hoy Criterios para el acompa\u00f1amiento formativo Formaci\u00f3n integral Mejorar la formaci\u00f3n para la VR Hacia Criterios comunes de Discernimiento Vocacional Encuetro de Formadores Lima 2009 Carta de Saludo Carta a Todos los Hermanos de Am\u00e9rica Latina y el Caribe Carta a los Hermanos en la Formaci\u00f3n Inicial de Am\u00e9rica Latina y El Caribe Propuestas de los Formadores a la Pr\u00f3xima Asamblea de OALA Homilia Final del Encuentro Encuentro de Frailes J\u00f3venes 2008 Encuentro de Agustinos J\u00f3venes 2008 La tradici\u00f3n misionera Los Agustinos al servicio de la misi\u00f3n Declaraci\u00f3n Final Encuentro de formadores Belo Horizonte 2006 Carta a los Formandos de Am\u00e9rica Latina Carta a los Hermanos Ficha de Acompa\u00f1amiento Nuevos Formadores para Am\u00e9rica Latina Evaluaci\u00f3n Encartes Encarte N\u00b0 1 Encarte N\u00b0 2 Encarte N\u00b0 3 Encartes 1-30 Documentos de Formadores Introducci\u00f3n Inculturaci\u00f3n de la Ratio Institutionis en Am\u00e9rica Latina Documento de San Jos\u00e9 Documento de Lima Documento de Conocoto Documento de Cochabamba Documento de Caracas Documento de Buenos Aires Documento de Bogota Conclusi\u00f3n: Hilo conductor 1994 Guias de Accion para Animadores 1999 Guia para el d\u00eda de Retiro Elaboraci\u00f3n y verificaci\u00f3n de los contenidos Esquema para Documentos D-H Gu\u00eda de Trabajo D-H Gu\u00eda para el estudio de la comunidad Local Red de Relaciones Visita de Renovaci\u00f3n Contorno de la vida y actividad apost\u00f3lica de la circunscripci\u00f3n Contexto cultural de los destinatarios Fr. Jorge Mart\u00ednez Vizueta Responsable Actual del \u00c1rea Fr. Jorge Mart\u00ednez Vizueta Responsable Actual del \u00c1rea Un peque\u00f1o r\u00edo llamado Duden fluye junto a su casa y la abastece de lo necesario Tel\u00e9fono:+1 (859) 254-6589 Correo electr\u00f3nico:info@example.com\" \/>\n<meta property=\"og:url\" content=\"https:\/\/agustinosoala.org\/pt\/formacion\/\" \/>\n<meta property=\"og:site_name\" content=\"OALA - Organizaci\u00f3n de los Agustinos de Am\u00e9rica Latina\" \/>\n<meta property=\"article:publisher\" content=\"https:\/\/www.facebook.com\/oalagustinos\" \/>\n<meta property=\"article:author\" content=\"https:\/\/www.facebook.com\/EdgarLizardo3006\/\" \/>\n<meta property=\"article:published_time\" content=\"2025-11-15T02:57:38+00:00\" \/>\n<meta property=\"article:modified_time\" content=\"2025-12-05T22:09:32+00:00\" \/>\n<meta property=\"og:image\" content=\"https:\/\/agustinosoala.org\/wp-content\/uploads\/2025\/11\/OALA-IMAGEN-EDIT-2-957x1024.png\" \/>\n<meta name=\"author\" content=\"Edgar F.A\" \/>\n<meta name=\"twitter:card\" content=\"summary_large_image\" \/>\n<meta name=\"twitter:creator\" content=\"@https:\/\/x.com\/EDGAR_LIZARDO30\" \/>\n<meta name=\"twitter:label1\" content=\"Written by\" \/>\n\t<meta name=\"twitter:data1\" content=\"Edgar F.A\" \/>\n\t<meta name=\"twitter:label2\" content=\"Est. reading time\" \/>\n\t<meta name=\"twitter:data2\" content=\"2 minutos\" \/>\n<script type=\"application\/ld+json\" class=\"yoast-schema-graph\">{\"@context\":\"https:\\\/\\\/schema.org\",\"@graph\":[{\"@type\":\"Article\",\"@id\":\"https:\\\/\\\/agustinosoala.org\\\/formacion\\\/#article\",\"isPartOf\":{\"@id\":\"https:\\\/\\\/agustinosoala.org\\\/formacion\\\/\"},\"author\":{\"name\":\"Edgar F.A\",\"@id\":\"https:\\\/\\\/agustinosoala.org\\\/#\\\/schema\\\/person\\\/178932e184c8d3466b6667113d199936\"},\"headline\":\"Formaci\u00f3n\",\"datePublished\":\"2025-11-15T02:57:38+00:00\",\"dateModified\":\"2025-12-05T22:09:32+00:00\",\"mainEntityOfPage\":{\"@id\":\"https:\\\/\\\/agustinosoala.org\\\/formacion\\\/\"},\"wordCount\":432,\"publisher\":{\"@id\":\"https:\\\/\\\/agustinosoala.org\\\/#organization\"},\"image\":{\"@id\":\"https:\\\/\\\/agustinosoala.org\\\/formacion\\\/#primaryimage\"},\"thumbnailUrl\":\"https:\\\/\\\/agustinosoala.org\\\/wp-content\\\/uploads\\\/2025\\\/11\\\/OALA-IMAGEN-EDIT-2-957x1024.png\",\"keywords\":[\"Agustinos\",\"Agustinos Latinoamerica\",\"Formaci\u00f3n Oala\",\"Formaci\u00f3n Organizaci\u00f3n de los Agustinos de Am\u00e9rica Latina\"],\"articleSection\":[\"Areas\"],\"inLanguage\":\"pt-BR\"},{\"@type\":\"WebPage\",\"@id\":\"https:\\\/\\\/agustinosoala.org\\\/formacion\\\/\",\"url\":\"https:\\\/\\\/agustinosoala.org\\\/formacion\\\/\",\"name\":\"Formaci\u00f3n - OALA - Organizaci\u00f3n de los Agustinos de Am\u00e9rica Latina\",\"isPartOf\":{\"@id\":\"https:\\\/\\\/agustinosoala.org\\\/#website\"},\"primaryImageOfPage\":{\"@id\":\"https:\\\/\\\/agustinosoala.org\\\/formacion\\\/#primaryimage\"},\"image\":{\"@id\":\"https:\\\/\\\/agustinosoala.org\\\/formacion\\\/#primaryimage\"},\"thumbnailUrl\":\"https:\\\/\\\/agustinosoala.org\\\/wp-content\\\/uploads\\\/2025\\\/11\\\/OALA-IMAGEN-EDIT-2-957x1024.png\",\"datePublished\":\"2025-11-15T02:57:38+00:00\",\"dateModified\":\"2025-12-05T22:09:32+00:00\",\"breadcrumb\":{\"@id\":\"https:\\\/\\\/agustinosoala.org\\\/formacion\\\/#breadcrumb\"},\"inLanguage\":\"pt-BR\",\"potentialAction\":[{\"@type\":\"ReadAction\",\"target\":[\"https:\\\/\\\/agustinosoala.org\\\/formacion\\\/\"]}]},{\"@type\":\"ImageObject\",\"inLanguage\":\"pt-BR\",\"@id\":\"https:\\\/\\\/agustinosoala.org\\\/formacion\\\/#primaryimage\",\"url\":\"https:\\\/\\\/agustinosoala.org\\\/wp-content\\\/uploads\\\/2025\\\/11\\\/OALA-IMAGEN-EDIT-2-957x1024.png\",\"contentUrl\":\"https:\\\/\\\/agustinosoala.org\\\/wp-content\\\/uploads\\\/2025\\\/11\\\/OALA-IMAGEN-EDIT-2-957x1024.png\"},{\"@type\":\"BreadcrumbList\",\"@id\":\"https:\\\/\\\/agustinosoala.org\\\/formacion\\\/#breadcrumb\",\"itemListElement\":[{\"@type\":\"ListItem\",\"position\":1,\"name\":\"Portada\",\"item\":\"https:\\\/\\\/agustinosoala.org\\\/\"},{\"@type\":\"ListItem\",\"position\":2,\"name\":\"Formaci\u00f3n\"}]},{\"@type\":\"WebSite\",\"@id\":\"https:\\\/\\\/agustinosoala.org\\\/#website\",\"url\":\"https:\\\/\\\/agustinosoala.org\\\/\",\"name\":\"Organizaci\u00f3n de los Agustinos de Am\u00e9rica Latina - OALA\",\"description\":\"&quot;Comunidad agustiniana comprometida con la fe, la misi\u00f3n y el servicio en latinoamerica.&quot;\",\"publisher\":{\"@id\":\"https:\\\/\\\/agustinosoala.org\\\/#organization\"},\"alternateName\":\"OALA\",\"potentialAction\":[{\"@type\":\"SearchAction\",\"target\":{\"@type\":\"EntryPoint\",\"urlTemplate\":\"https:\\\/\\\/agustinosoala.org\\\/?s={search_term_string}\"},\"query-input\":{\"@type\":\"PropertyValueSpecification\",\"valueRequired\":true,\"valueName\":\"search_term_string\"}}],\"inLanguage\":\"pt-BR\"},{\"@type\":\"Organization\",\"@id\":\"https:\\\/\\\/agustinosoala.org\\\/#organization\",\"name\":\"Organizaci\u00f3n de los Agustinos de Am\u00e9rica Latina - OALA\",\"alternateName\":\"OALA\",\"url\":\"https:\\\/\\\/agustinosoala.org\\\/\",\"logo\":{\"@type\":\"ImageObject\",\"inLanguage\":\"pt-BR\",\"@id\":\"https:\\\/\\\/agustinosoala.org\\\/#\\\/schema\\\/logo\\\/image\\\/\",\"url\":\"https:\\\/\\\/agustinosoala.org\\\/wp-content\\\/uploads\\\/2025\\\/09\\\/logo-oala.webp\",\"contentUrl\":\"https:\\\/\\\/agustinosoala.org\\\/wp-content\\\/uploads\\\/2025\\\/09\\\/logo-oala.webp\",\"width\":70,\"height\":70,\"caption\":\"Organizaci\u00f3n de los Agustinos de Am\u00e9rica Latina - OALA\"},\"image\":{\"@id\":\"https:\\\/\\\/agustinosoala.org\\\/#\\\/schema\\\/logo\\\/image\\\/\"},\"sameAs\":[\"https:\\\/\\\/www.facebook.com\\\/oalagustinos\",\"https:\\\/\\\/www.youtube.com\\\/@oalagustinos\",\"https:\\\/\\\/www.instagram.com\\\/oalagustinos_\\\/\"]},{\"@type\":\"Person\",\"@id\":\"https:\\\/\\\/agustinosoala.org\\\/#\\\/schema\\\/person\\\/178932e184c8d3466b6667113d199936\",\"name\":\"Edgar F.A\",\"image\":{\"@type\":\"ImageObject\",\"inLanguage\":\"pt-BR\",\"@id\":\"https:\\\/\\\/secure.gravatar.com\\\/avatar\\\/6c9a108d59d32f65fd46cd81d74f68e9d3b5f426c259d6576a17c714edb363b6?s=96&d=mm&r=g\",\"url\":\"https:\\\/\\\/secure.gravatar.com\\\/avatar\\\/6c9a108d59d32f65fd46cd81d74f68e9d3b5f426c259d6576a17c714edb363b6?s=96&d=mm&r=g\",\"contentUrl\":\"https:\\\/\\\/secure.gravatar.com\\\/avatar\\\/6c9a108d59d32f65fd46cd81d74f68e9d3b5f426c259d6576a17c714edb363b6?s=96&d=mm&r=g\",\"caption\":\"Edgar F.A\"},\"description\":\"Ingeniero de sistemas\",\"sameAs\":[\"https:\\\/\\\/agustinosoala.org\",\"https:\\\/\\\/www.facebook.com\\\/EdgarLizardo3006\\\/\",\"https:\\\/\\\/x.com\\\/https:\\\/\\\/x.com\\\/EDGAR_LIZARDO30\"]}]}<\/script>\n<!-- \/ Yoast SEO plugin. -->","yoast_head_json":{"title":"Formaci\u00f3n - OALA - Organizaci\u00f3n de los Agustinos de Am\u00e9rica Latina","robots":{"index":"index","follow":"follow","max-snippet":"max-snippet:-1","max-image-preview":"max-image-preview:large","max-video-preview":"max-video-preview:-1"},"canonical":"https:\/\/agustinosoala.org\/pt\/formacion\/","og_locale":"pt_BR","og_type":"article","og_title":"Formaci\u00f3n - OALA - Organizaci\u00f3n de los Agustinos de Am\u00e9rica Latina","og_description":"\u00abNos hiciste, Se\u00f1or, para ti, y nuestro coraz\u00f3n est\u00e1 inquieto hasta que descanse en ti\u00bb San Agust\u00edn. Confessiones (Confesiones), Libro I, cap. 1. Formaci\u00f3n Inicial Evaluaci\u00f3n 2023 Evaluaci\u00f3n de la Gesti\u00f3n 2019-2023 Encuentro de profesos agustinos de la Regi\u00f3n Centro de OALA (Lima-Per\u00fa) Cr\u00f3nica del Encuentro Fotos del Encuentro Encuentro de Frailes J\u00f3venes 2016: M\u00e9xico Acta de los hermanos j\u00f3venes Oraci\u00f3n estudio trabajo recreaci\u00f3n Luis Guzm\u00e1n Encuentro de Formadores 2015: Brasil Espiritualidad Agustiniana Juan Antonio Gil Nuevos desaf\u00edos en la formaci\u00f3n Claudio Javier Arguello Encuentro de Formandos J\u00f3venes Buenos Aires 2012 Bloque 1 Bloque 1 Bloque 3 Bloque 4 Bloque 5 Bloque 6 Grupos de Trabajos Identificaci\u00f3n con el Carisma Amor Liquido La Correcci\u00f3n Fraterna Proyecto Comunitario de Vida Encuentro de Formadores Buenos Aires 2011 Propuesta de Trabajo Propuesta de Temas Desaf\u00edos de la Formaci\u00f3n hoy Criterios para el acompa\u00f1amiento formativo Formaci\u00f3n integral Mejorar la formaci\u00f3n para la VR Hacia Criterios comunes de Discernimiento Vocacional Encuetro de Formadores Lima 2009 Carta de Saludo Carta a Todos los Hermanos de Am\u00e9rica Latina y el Caribe Carta a los Hermanos en la Formaci\u00f3n Inicial de Am\u00e9rica Latina y El Caribe Propuestas de los Formadores a la Pr\u00f3xima Asamblea de OALA Homilia Final del Encuentro Encuentro de Frailes J\u00f3venes 2008 Encuentro de Agustinos J\u00f3venes 2008 La tradici\u00f3n misionera Los Agustinos al servicio de la misi\u00f3n Declaraci\u00f3n Final Encuentro de formadores Belo Horizonte 2006 Carta a los Formandos de Am\u00e9rica Latina Carta a los Hermanos Ficha de Acompa\u00f1amiento Nuevos Formadores para Am\u00e9rica Latina Evaluaci\u00f3n Encartes Encarte N\u00b0 1 Encarte N\u00b0 2 Encarte N\u00b0 3 Encartes 1-30 Documentos de Formadores Introducci\u00f3n Inculturaci\u00f3n de la Ratio Institutionis en Am\u00e9rica Latina Documento de San Jos\u00e9 Documento de Lima Documento de Conocoto Documento de Cochabamba Documento de Caracas Documento de Buenos Aires Documento de Bogota Conclusi\u00f3n: Hilo conductor 1994 Guias de Accion para Animadores 1999 Guia para el d\u00eda de Retiro Elaboraci\u00f3n y verificaci\u00f3n de los contenidos Esquema para Documentos D-H Gu\u00eda de Trabajo D-H Gu\u00eda para el estudio de la comunidad Local Red de Relaciones Visita de Renovaci\u00f3n Contorno de la vida y actividad apost\u00f3lica de la circunscripci\u00f3n Contexto cultural de los destinatarios Fr. Jorge Mart\u00ednez Vizueta Responsable Actual del \u00c1rea Fr. Jorge Mart\u00ednez Vizueta Responsable Actual del \u00c1rea Un peque\u00f1o r\u00edo llamado Duden fluye junto a su casa y la abastece de lo necesario Tel\u00e9fono:+1 (859) 254-6589 Correo electr\u00f3nico:info@example.com","og_url":"https:\/\/agustinosoala.org\/pt\/formacion\/","og_site_name":"OALA - Organizaci\u00f3n de los Agustinos de Am\u00e9rica Latina","article_publisher":"https:\/\/www.facebook.com\/oalagustinos","article_author":"https:\/\/www.facebook.com\/EdgarLizardo3006\/","article_published_time":"2025-11-15T02:57:38+00:00","article_modified_time":"2025-12-05T22:09:32+00:00","og_image":[{"url":"https:\/\/agustinosoala.org\/wp-content\/uploads\/2025\/11\/OALA-IMAGEN-EDIT-2-957x1024.png","type":"","width":"","height":""}],"author":"Edgar F.A","twitter_card":"summary_large_image","twitter_creator":"@https:\/\/x.com\/EDGAR_LIZARDO30","twitter_misc":{"Written by":"Edgar F.A","Est. reading time":"2 minutos"},"schema":{"@context":"https:\/\/schema.org","@graph":[{"@type":"Article","@id":"https:\/\/agustinosoala.org\/formacion\/#article","isPartOf":{"@id":"https:\/\/agustinosoala.org\/formacion\/"},"author":{"name":"Edgar F.A","@id":"https:\/\/agustinosoala.org\/#\/schema\/person\/178932e184c8d3466b6667113d199936"},"headline":"Formaci\u00f3n","datePublished":"2025-11-15T02:57:38+00:00","dateModified":"2025-12-05T22:09:32+00:00","mainEntityOfPage":{"@id":"https:\/\/agustinosoala.org\/formacion\/"},"wordCount":432,"publisher":{"@id":"https:\/\/agustinosoala.org\/#organization"},"image":{"@id":"https:\/\/agustinosoala.org\/formacion\/#primaryimage"},"thumbnailUrl":"https:\/\/agustinosoala.org\/wp-content\/uploads\/2025\/11\/OALA-IMAGEN-EDIT-2-957x1024.png","keywords":["Agustinos","Agustinos Latinoamerica","Formaci\u00f3n Oala","Formaci\u00f3n Organizaci\u00f3n de los Agustinos de Am\u00e9rica Latina"],"articleSection":["Areas"],"inLanguage":"pt-BR"},{"@type":"WebPage","@id":"https:\/\/agustinosoala.org\/formacion\/","url":"https:\/\/agustinosoala.org\/formacion\/","name":"Formaci\u00f3n - OALA - Organizaci\u00f3n de los Agustinos de Am\u00e9rica Latina","isPartOf":{"@id":"https:\/\/agustinosoala.org\/#website"},"primaryImageOfPage":{"@id":"https:\/\/agustinosoala.org\/formacion\/#primaryimage"},"image":{"@id":"https:\/\/agustinosoala.org\/formacion\/#primaryimage"},"thumbnailUrl":"https:\/\/agustinosoala.org\/wp-content\/uploads\/2025\/11\/OALA-IMAGEN-EDIT-2-957x1024.png","datePublished":"2025-11-15T02:57:38+00:00","dateModified":"2025-12-05T22:09:32+00:00","breadcrumb":{"@id":"https:\/\/agustinosoala.org\/formacion\/#breadcrumb"},"inLanguage":"pt-BR","potentialAction":[{"@type":"ReadAction","target":["https:\/\/agustinosoala.org\/formacion\/"]}]},{"@type":"ImageObject","inLanguage":"pt-BR","@id":"https:\/\/agustinosoala.org\/formacion\/#primaryimage","url":"https:\/\/agustinosoala.org\/wp-content\/uploads\/2025\/11\/OALA-IMAGEN-EDIT-2-957x1024.png","contentUrl":"https:\/\/agustinosoala.org\/wp-content\/uploads\/2025\/11\/OALA-IMAGEN-EDIT-2-957x1024.png"},{"@type":"BreadcrumbList","@id":"https:\/\/agustinosoala.org\/formacion\/#breadcrumb","itemListElement":[{"@type":"ListItem","position":1,"name":"Portada","item":"https:\/\/agustinosoala.org\/"},{"@type":"ListItem","position":2,"name":"Formaci\u00f3n"}]},{"@type":"WebSite","@id":"https:\/\/agustinosoala.org\/#website","url":"https:\/\/agustinosoala.org\/","name":"Organizaci\u00f3n de los Agustinos de Am\u00e9rica Latina - OALA","description":"&quot;Comunidad agustiniana comprometida con la fe, la misi\u00f3n y el servicio en latinoamerica.&quot;","publisher":{"@id":"https:\/\/agustinosoala.org\/#organization"},"alternateName":"OALA","potentialAction":[{"@type":"SearchAction","target":{"@type":"EntryPoint","urlTemplate":"https:\/\/agustinosoala.org\/?s={search_term_string}"},"query-input":{"@type":"PropertyValueSpecification","valueRequired":true,"valueName":"search_term_string"}}],"inLanguage":"pt-BR"},{"@type":"Organization","@id":"https:\/\/agustinosoala.org\/#organization","name":"Organizaci\u00f3n de los Agustinos de Am\u00e9rica Latina - OALA","alternateName":"OALA","url":"https:\/\/agustinosoala.org\/","logo":{"@type":"ImageObject","inLanguage":"pt-BR","@id":"https:\/\/agustinosoala.org\/#\/schema\/logo\/image\/","url":"https:\/\/agustinosoala.org\/wp-content\/uploads\/2025\/09\/logo-oala.webp","contentUrl":"https:\/\/agustinosoala.org\/wp-content\/uploads\/2025\/09\/logo-oala.webp","width":70,"height":70,"caption":"Organizaci\u00f3n de los Agustinos de Am\u00e9rica Latina - OALA"},"image":{"@id":"https:\/\/agustinosoala.org\/#\/schema\/logo\/image\/"},"sameAs":["https:\/\/www.facebook.com\/oalagustinos","https:\/\/www.youtube.com\/@oalagustinos","https:\/\/www.instagram.com\/oalagustinos_\/"]},{"@type":"Person","@id":"https:\/\/agustinosoala.org\/#\/schema\/person\/178932e184c8d3466b6667113d199936","name":"Edgar F.A","image":{"@type":"ImageObject","inLanguage":"pt-BR","@id":"https:\/\/secure.gravatar.com\/avatar\/6c9a108d59d32f65fd46cd81d74f68e9d3b5f426c259d6576a17c714edb363b6?s=96&d=mm&r=g","url":"https:\/\/secure.gravatar.com\/avatar\/6c9a108d59d32f65fd46cd81d74f68e9d3b5f426c259d6576a17c714edb363b6?s=96&d=mm&r=g","contentUrl":"https:\/\/secure.gravatar.com\/avatar\/6c9a108d59d32f65fd46cd81d74f68e9d3b5f426c259d6576a17c714edb363b6?s=96&d=mm&r=g","caption":"Edgar F.A"},"description":"Ingeniero de sistemas","sameAs":["https:\/\/agustinosoala.org","https:\/\/www.facebook.com\/EdgarLizardo3006\/","https:\/\/x.com\/https:\/\/x.com\/EDGAR_LIZARDO30"]}]}},"_links":{"self":[{"href":"https:\/\/agustinosoala.org\/pt\/wp-json\/wp\/v2\/posts\/1316","targetHints":{"allow":["GET"]}}],"collection":[{"href":"https:\/\/agustinosoala.org\/pt\/wp-json\/wp\/v2\/posts"}],"about":[{"href":"https:\/\/agustinosoala.org\/pt\/wp-json\/wp\/v2\/types\/post"}],"author":[{"embeddable":true,"href":"https:\/\/agustinosoala.org\/pt\/wp-json\/wp\/v2\/users\/1"}],"replies":[{"embeddable":true,"href":"https:\/\/agustinosoala.org\/pt\/wp-json\/wp\/v2\/comments?post=1316"}],"version-history":[{"count":16,"href":"https:\/\/agustinosoala.org\/pt\/wp-json\/wp\/v2\/posts\/1316\/revisions"}],"predecessor-version":[{"id":2324,"href":"https:\/\/agustinosoala.org\/pt\/wp-json\/wp\/v2\/posts\/1316\/revisions\/2324"}],"wp:attachment":[{"href":"https:\/\/agustinosoala.org\/pt\/wp-json\/wp\/v2\/media?parent=1316"}],"wp:term":[{"taxonomy":"category","embeddable":true,"href":"https:\/\/agustinosoala.org\/pt\/wp-json\/wp\/v2\/categories?post=1316"},{"taxonomy":"post_tag","embeddable":true,"href":"https:\/\/agustinosoala.org\/pt\/wp-json\/wp\/v2\/tags?post=1316"}],"curies":[{"name":"wp","href":"https:\/\/api.w.org\/{rel}","templated":true}]}}