{"id":1467,"date":"2025-11-15T17:34:36","date_gmt":"2025-11-15T17:34:36","guid":{"rendered":"https:\/\/agustinosoala.org\/?p=1467"},"modified":"2025-12-14T02:49:49","modified_gmt":"2025-12-14T02:49:49","slug":"equipo-animacion-continental","status":"publish","type":"post","link":"https:\/\/agustinosoala.org\/pt\/equipo-animacion-continental\/","title":{"rendered":"Equipo de Animaci\u00f3n Continental"},"content":{"rendered":"<div data-elementor-type=\"wp-post\" data-elementor-id=\"1467\" class=\"elementor elementor-1467\">\n\t\t\t\t<div class=\"aux-parallax-section elementor-element elementor-element-33a60ada e-flex e-con-boxed wpr-particle-no wpr-jarallax-no wpr-parallax-no wpr-sticky-section-no wpr-equal-height-no e-con e-parent\" data-id=\"33a60ada\" data-element_type=\"container\" data-e-type=\"container\" data-settings=\"{&quot;background_background&quot;:&quot;classic&quot;}\">\n\t\t\t\t\t<div class=\"e-con-inner\">\n\t\t<div class=\"elementor-element elementor-element-9b217fd e-con-full e-flex wpr-particle-no wpr-jarallax-no wpr-parallax-no wpr-sticky-section-no wpr-equal-height-no e-con e-child\" data-id=\"9b217fd\" data-element_type=\"container\" data-e-type=\"container\" data-settings=\"{&quot;background_background&quot;:&quot;classic&quot;}\">\n\t\t\t\t<div class=\"elementor-element elementor-element-4bd98263 elementor-widget elementor-widget-elementskit-heading\" data-id=\"4bd98263\" data-element_type=\"widget\" data-e-type=\"widget\" data-widget_type=\"elementskit-heading.default\">\n\t\t\t\t\t<div class=\"ekit-wid-con\" ><div class=\"ekit-heading elementskit-section-title-wraper text_center   ekit_heading_tablet-   ekit_heading_mobile-\"><h3 class=\"ekit-heading--title elementskit-section-title\"><span><span>\"<\/span><\/span>Nos hiciste, Se\u00f1or, para ti, y nuestro coraz\u00f3n est\u00e1 inquieto hasta que descanse en ti<span><span>\"<\/span><\/span> <span><span>San Agust\u00edn. Confessiones (Confesiones), Libro I, cap. 1.<\/span><\/span><\/h3><\/div><\/div>\t\t\t\t<\/div>\n\t\t\t\t<\/div>\n\t\t\t\t\t<\/div>\n\t\t\t\t<\/div>\n\t\t<div class=\"aux-parallax-section elementor-element elementor-element-39d0159e e-flex e-con-boxed wpr-particle-no wpr-jarallax-no wpr-parallax-no wpr-sticky-section-no wpr-equal-height-no e-con e-parent\" data-id=\"39d0159e\" data-element_type=\"container\" data-e-type=\"container\">\n\t\t\t\t\t<div class=\"e-con-inner\">\n\t\t<div class=\"elementor-element elementor-element-2777525d e-con-full e-flex wpr-particle-no wpr-jarallax-no wpr-parallax-no wpr-sticky-section-no wpr-equal-height-no e-con e-child\" data-id=\"2777525d\" data-element_type=\"container\" data-e-type=\"container\">\n\t\t\t\t<div class=\"elementor-element elementor-element-4dc5cae9 elementor-widget elementor-widget-heading\" data-id=\"4dc5cae9\" data-element_type=\"widget\" data-e-type=\"widget\" data-widget_type=\"heading.default\">\n\t\t\t\t\t<h2 class=\"elementor-heading-title elementor-size-default\">Espiritualidad y Animaci\u00f3n Comunitaria<\/h2>\t\t\t\t<\/div>\n\t\t\t\t<\/div>\n\t\t\t\t\t<\/div>\n\t\t\t\t<\/div>\n\t\t<div class=\"aux-parallax-section elementor-element elementor-element-a6c7b9f e-flex e-con-boxed wpr-particle-no wpr-jarallax-no wpr-parallax-no wpr-sticky-section-no wpr-equal-height-no e-con e-parent\" data-id=\"a6c7b9f\" data-element_type=\"container\" data-e-type=\"container\">\n\t\t\t\t\t<div class=\"e-con-inner\">\n\t\t<div class=\"elementor-element elementor-element-314015b e-con-full e-flex wpr-particle-no wpr-jarallax-no wpr-parallax-no wpr-sticky-section-no wpr-equal-height-no e-con e-child\" data-id=\"314015b\" data-element_type=\"container\" data-e-type=\"container\">\n\t\t<div class=\"elementor-element elementor-element-9ad81c8 e-con-full e-flex wpr-particle-no wpr-jarallax-no wpr-parallax-no wpr-sticky-section-no wpr-equal-height-no e-con e-child\" data-id=\"9ad81c8\" data-element_type=\"container\" data-e-type=\"container\">\n\t\t\t\t<div class=\"elementor-element elementor-element-9e32de0 wpr-advanced-accordion-icon-no-box elementor-widget elementor-widget-wpr-advanced-accordion\" data-id=\"9e32de0\" data-element_type=\"widget\" data-e-type=\"widget\" data-settings=\"{&quot;active_item&quot;:0}\" data-widget_type=\"wpr-advanced-accordion.default\">\n\t\t\t\t\t\n            <div class=\"wpr-advanced-accordion\" data-accordion-type=\"accordion\" data-active-index=\"0\" data-accordion-trigger=\"click\" data-interaction-speed=\"0.4\">\n\n\t\t\t\n                \n\t\t\t\t\t<div class=\"wpr-accordion-item-wrap\">\n\t\t\t\t\t\t<button class=\"wpr-acc-button\">\n\t\t\t\t\t\t\t<span class=\"wpr-acc-item-title\">\n\t\t\t\t\t\t\t\t\t\t\t\t<span class=\"wpr-title-icon\">\n\t\t\t\t\t<i aria-hidden=\"true\" class=\"fas fa-desktop\"><\/i>\t\t\t\t<\/span>\n\t\t\t\n\t\t\t\t\t\t\t\t<span class=\"wpr-acc-title-text\">Luz Agustiniana, un nuevo portal que nace en Bel\u00e9n - Diciembre 2025<\/span>\n\t\t\t\t\t\t\t<\/span>\n\t\t\t\t\t\t\t\t\t\t\t<span class=\"wpr-toggle-icon wpr-ti-close\"><svg aria-hidden=\"true\" class=\"e-font-icon-svg e-fas-plus\" viewbox=\"0 0 448 512\" xmlns=\"http:\/\/www.w3.org\/2000\/svg\"><path d=\"M416 208H272V64c0-17.67-14.33-32-32-32h-32c-17.67 0-32 14.33-32 32v144H32c-17.67 0-32 14.33-32 32v32c0 17.67 14.33 32 32 32h144v144c0 17.67 14.33 32 32 32h32c17.67 0 32-14.33 32-32V304h144c17.67 0 32-14.33 32-32v-32c0-17.67-14.33-32-32-32z\"><\/path><\/svg><\/span>\n\t\t\t\t<span class=\"wpr-toggle-icon wpr-ti-open\"><i aria-hidden=\"true\" class=\"auxicon auxicon-close-1\"><\/i><\/span>\n\t\t\t\t\t\t\t\t\t<\/button>\n\n\t\t\t\t\t\t<div class=\"wpr-acc-panel\">\n\t\t\t\t\t\t\t\t\t\t\t\t\t\t\t<div class=\"wpr-acc-panel-content\"><ul><li><span style=\"color: #a91913;\"><a style=\"color: #a91913;\" href=\"https:\/\/agustinosoala.org\/wp-content\/uploads\/2025\/12\/Luz-Agustiniana-un-nuevo-portal-que-nace-en-Belen.pdf\" target=\"_blank\" rel=\"noopener\">Luz Agustiniana, un nuevo portal que nace en Bel\u00e9n - Presentaci\u00f3n<\/a><\/span><\/li><li><span style=\"color: #a91913;\"><a style=\"color: #a91913;\" href=\"https:\/\/agustinosoala.org\/wp-content\/uploads\/2025\/12\/Acta_Evento_Com_Animacion.pdf\" target=\"_blank\" rel=\"noopener\">Acta_Evento_Com_Animacion<\/a><\/span><\/li><li><span style=\"color: #a91913;\"><a style=\"color: #a91913;\" href=\"https:\/\/agustinosoala.org\/wp-content\/uploads\/2025\/12\/Video-Agradecimiento-Padre-Marcio.mp4\" target=\"_blank\" rel=\"noopener\">Video Agradecimiento Padre<\/a><\/span><\/li><\/ul><\/div>\n\t\t\t\t\t\t\t\t\t\t\t\t\t<\/div>\n                    <\/div>\n\n                \n\t\t\t\t\t<div class=\"wpr-accordion-item-wrap\">\n\t\t\t\t\t\t<button class=\"wpr-acc-button\">\n\t\t\t\t\t\t\t<span class=\"wpr-acc-item-title\">\n\t\t\t\t\t\t\t\t\t\t\t\t<span class=\"wpr-title-icon\">\n\t\t\t\t\t<i aria-hidden=\"true\" class=\"fas fa-desktop\"><\/i>\t\t\t\t<\/span>\n\t\t\t\n\t\t\t\t\t\t\t\t<span class=\"wpr-acc-title-text\">Proyecto Espiritualidad 2024<\/span>\n\t\t\t\t\t\t\t<\/span>\n\t\t\t\t\t\t\t\t\t\t\t<span class=\"wpr-toggle-icon wpr-ti-close\"><svg aria-hidden=\"true\" class=\"e-font-icon-svg e-fas-plus\" viewbox=\"0 0 448 512\" xmlns=\"http:\/\/www.w3.org\/2000\/svg\"><path d=\"M416 208H272V64c0-17.67-14.33-32-32-32h-32c-17.67 0-32 14.33-32 32v144H32c-17.67 0-32 14.33-32 32v32c0 17.67 14.33 32 32 32h144v144c0 17.67 14.33 32 32 32h32c17.67 0 32-14.33 32-32V304h144c17.67 0 32-14.33 32-32v-32c0-17.67-14.33-32-32-32z\"><\/path><\/svg><\/span>\n\t\t\t\t<span class=\"wpr-toggle-icon wpr-ti-open\"><i aria-hidden=\"true\" class=\"auxicon auxicon-close-1\"><\/i><\/span>\n\t\t\t\t\t\t\t\t\t<\/button>\n\n\t\t\t\t\t\t<div class=\"wpr-acc-panel\">\n\t\t\t\t\t\t\t\t\t\t\t\t\t\t\t<div class=\"wpr-acc-panel-content\"><ul><li><span style=\"color: #a91913;\"><a style=\"color: #a91913;\" href=\"https:\/\/agustinosoala.org\/wp-content\/uploads\/2025\/12\/Nuevo-Proyecto-de-Espiritualidad-de-OALA.pdf\" target=\"_blank\" rel=\"noopener\">Desde la Comunidad hacia la Sinolidad<\/a><\/span><\/li><\/ul><\/div>\n\t\t\t\t\t\t\t\t\t\t\t\t\t<\/div>\n                    <\/div>\n\n                \n\t\t\t\t\t<div class=\"wpr-accordion-item-wrap\">\n\t\t\t\t\t\t<button class=\"wpr-acc-button\">\n\t\t\t\t\t\t\t<span class=\"wpr-acc-item-title\">\n\t\t\t\t\t\t\t\t\t\t\t\t<span class=\"wpr-title-icon\">\n\t\t\t\t\t<i aria-hidden=\"true\" class=\"fas fa-desktop\"><\/i>\t\t\t\t<\/span>\n\t\t\t\n\t\t\t\t\t\t\t\t<span class=\"wpr-acc-title-text\">Evaluaci\u00f3n 2023<\/span>\n\t\t\t\t\t\t\t<\/span>\n\t\t\t\t\t\t\t\t\t\t\t<span class=\"wpr-toggle-icon wpr-ti-close\"><svg aria-hidden=\"true\" class=\"e-font-icon-svg e-fas-plus\" viewbox=\"0 0 448 512\" xmlns=\"http:\/\/www.w3.org\/2000\/svg\"><path d=\"M416 208H272V64c0-17.67-14.33-32-32-32h-32c-17.67 0-32 14.33-32 32v144H32c-17.67 0-32 14.33-32 32v32c0 17.67 14.33 32 32 32h144v144c0 17.67 14.33 32 32 32h32c17.67 0 32-14.33 32-32V304h144c17.67 0 32-14.33 32-32v-32c0-17.67-14.33-32-32-32z\"><\/path><\/svg><\/span>\n\t\t\t\t<span class=\"wpr-toggle-icon wpr-ti-open\"><i aria-hidden=\"true\" class=\"auxicon auxicon-close-1\"><\/i><\/span>\n\t\t\t\t\t\t\t\t\t<\/button>\n\n\t\t\t\t\t\t<div class=\"wpr-acc-panel\">\n\t\t\t\t\t\t\t\t\t\t\t\t\t\t\t<div class=\"wpr-acc-panel-content\"><ul><li><span style=\"color: #a91913;\"><a style=\"color: #a91913;\" href=\"https:\/\/agustinosoala.org\/wp-content\/uploads\/2025\/12\/COMISION-DE-ESPIRITUALIDAD.pdf\" target=\"_blank\" rel=\"noopener\"> CEAC Per\u00edodo 2019 - 2023<\/a><\/span><\/li><li><span style=\"color: #a91913;\"><a style=\"color: #a91913;\" href=\"https:\/\/agustinosoala.org\/wp-content\/uploads\/2025\/12\/Evaluacion-del-Proyecto-Revitalizacion-3ra-ETAPA.pptx\" target=\"_blank\" rel=\"noopener\">Proyecto Revitalizaci\u00f3n Tercera Etapa<\/a><\/span><\/li><\/ul><\/div>\n\t\t\t\t\t\t\t\t\t\t\t\t\t<\/div>\n                    <\/div>\n\n                \n\t\t\t\t\t<div class=\"wpr-accordion-item-wrap\">\n\t\t\t\t\t\t<button class=\"wpr-acc-button\">\n\t\t\t\t\t\t\t<span class=\"wpr-acc-item-title\">\n\t\t\t\t\t\t\t\t\t\t\t\t<span class=\"wpr-title-icon\">\n\t\t\t\t\t<i aria-hidden=\"true\" class=\"fas fa-desktop\"><\/i>\t\t\t\t<\/span>\n\t\t\t\n\t\t\t\t\t\t\t\t<span class=\"wpr-acc-title-text\">Ejercicios Espirituales 2021<\/span>\n\t\t\t\t\t\t\t<\/span>\n\t\t\t\t\t\t\t\t\t\t\t<span class=\"wpr-toggle-icon wpr-ti-close\"><svg aria-hidden=\"true\" class=\"e-font-icon-svg e-fas-plus\" viewbox=\"0 0 448 512\" xmlns=\"http:\/\/www.w3.org\/2000\/svg\"><path d=\"M416 208H272V64c0-17.67-14.33-32-32-32h-32c-17.67 0-32 14.33-32 32v144H32c-17.67 0-32 14.33-32 32v32c0 17.67 14.33 32 32 32h144v144c0 17.67 14.33 32 32 32h32c17.67 0 32-14.33 32-32V304h144c17.67 0 32-14.33 32-32v-32c0-17.67-14.33-32-32-32z\"><\/path><\/svg><\/span>\n\t\t\t\t<span class=\"wpr-toggle-icon wpr-ti-open\"><i aria-hidden=\"true\" class=\"auxicon auxicon-close-1\"><\/i><\/span>\n\t\t\t\t\t\t\t\t\t<\/button>\n\n\t\t\t\t\t\t<div class=\"wpr-acc-panel\">\n\t\t\t\t\t\t\t\t\t\t\t\t\t\t\t<div class=\"wpr-acc-panel-content\"><ul><li><span style=\"color: #a91913;\"><a style=\"color: #a91913;\" href=\"https:\/\/agustinosoala.org\/wp-content\/uploads\/2025\/11\/Creyentes-en-Tiempos-de-Pandemia.pdf\" target=\"_blank\" rel=\"noopener\">Creyentes en Tiempos de Pandemia<\/a><\/span><\/li><\/ul><\/div>\n\t\t\t\t\t\t\t\t\t\t\t\t\t<\/div>\n                    <\/div>\n\n                \n\t\t\t\t\t<div class=\"wpr-accordion-item-wrap\">\n\t\t\t\t\t\t<button class=\"wpr-acc-button\">\n\t\t\t\t\t\t\t<span class=\"wpr-acc-item-title\">\n\t\t\t\t\t\t\t\t\t\t\t\t<span class=\"wpr-title-icon\">\n\t\t\t\t\t<i aria-hidden=\"true\" class=\"fas fa-desktop\"><\/i>\t\t\t\t<\/span>\n\t\t\t\n\t\t\t\t\t\t\t\t<span class=\"wpr-acc-title-text\">Ejercicios Espirituales 2020<\/span>\n\t\t\t\t\t\t\t<\/span>\n\t\t\t\t\t\t\t\t\t\t\t<span class=\"wpr-toggle-icon wpr-ti-close\"><svg aria-hidden=\"true\" class=\"e-font-icon-svg e-fas-plus\" viewbox=\"0 0 448 512\" xmlns=\"http:\/\/www.w3.org\/2000\/svg\"><path d=\"M416 208H272V64c0-17.67-14.33-32-32-32h-32c-17.67 0-32 14.33-32 32v144H32c-17.67 0-32 14.33-32 32v32c0 17.67 14.33 32 32 32h144v144c0 17.67 14.33 32 32 32h32c17.67 0 32-14.33 32-32V304h144c17.67 0 32-14.33 32-32v-32c0-17.67-14.33-32-32-32z\"><\/path><\/svg><\/span>\n\t\t\t\t<span class=\"wpr-toggle-icon wpr-ti-open\"><i aria-hidden=\"true\" class=\"auxicon auxicon-close-1\"><\/i><\/span>\n\t\t\t\t\t\t\t\t\t<\/button>\n\n\t\t\t\t\t\t<div class=\"wpr-acc-panel\">\n\t\t\t\t\t\t\t\t\t\t\t\t\t\t\t<div class=\"wpr-acc-panel-content\"><ul><li><span style=\"color: #a91913;\"><a style=\"color: #a91913;\" href=\"https:\/\/agustinosoala.org\/wp-content\/uploads\/2025\/12\/EE.EE_.-2020-OALA.pdf\" target=\"_blank\" rel=\"noopener\">La Vida Religiosa Agustina, un llamado constante a la comuni\u00f3n y profec\u00eda.<\/a><\/span><\/li><\/ul><\/div>\n\t\t\t\t\t\t\t\t\t\t\t\t\t<\/div>\n                    <\/div>\n\n                \n\t\t\t\t\t<div class=\"wpr-accordion-item-wrap\">\n\t\t\t\t\t\t<button class=\"wpr-acc-button\">\n\t\t\t\t\t\t\t<span class=\"wpr-acc-item-title\">\n\t\t\t\t\t\t\t\t\t\t\t\t<span class=\"wpr-title-icon\">\n\t\t\t\t\t<i aria-hidden=\"true\" class=\"fas fa-desktop\"><\/i>\t\t\t\t<\/span>\n\t\t\t\n\t\t\t\t\t\t\t\t<span class=\"wpr-acc-title-text\">Ejercicios Espirituales 2019<\/span>\n\t\t\t\t\t\t\t<\/span>\n\t\t\t\t\t\t\t\t\t\t\t<span class=\"wpr-toggle-icon wpr-ti-close\"><svg aria-hidden=\"true\" class=\"e-font-icon-svg e-fas-plus\" viewbox=\"0 0 448 512\" xmlns=\"http:\/\/www.w3.org\/2000\/svg\"><path d=\"M416 208H272V64c0-17.67-14.33-32-32-32h-32c-17.67 0-32 14.33-32 32v144H32c-17.67 0-32 14.33-32 32v32c0 17.67 14.33 32 32 32h144v144c0 17.67 14.33 32 32 32h32c17.67 0 32-14.33 32-32V304h144c17.67 0 32-14.33 32-32v-32c0-17.67-14.33-32-32-32z\"><\/path><\/svg><\/span>\n\t\t\t\t<span class=\"wpr-toggle-icon wpr-ti-open\"><i aria-hidden=\"true\" class=\"auxicon auxicon-close-1\"><\/i><\/span>\n\t\t\t\t\t\t\t\t\t<\/button>\n\n\t\t\t\t\t\t<div class=\"wpr-acc-panel\">\n\t\t\t\t\t\t\t\t\t\t\t\t\t\t\t<div class=\"wpr-acc-panel-content\"><ul><li><span style=\"color: #a91913;\"><a style=\"color: #a91913;\" href=\"https:\/\/agustinosoala.org\/wp-content\/uploads\/2025\/11\/Ejercicios-Espirituales-2019.pdf\" target=\"_blank\" rel=\"noopener\">Ejercicios Espirituales 2019<\/a><\/span><\/li><\/ul><\/div>\n\t\t\t\t\t\t\t\t\t\t\t\t\t<\/div>\n                    <\/div>\n\n                \n\t\t\t\t\t<div class=\"wpr-accordion-item-wrap\">\n\t\t\t\t\t\t<button class=\"wpr-acc-button\">\n\t\t\t\t\t\t\t<span class=\"wpr-acc-item-title\">\n\t\t\t\t\t\t\t\t\t\t\t\t<span class=\"wpr-title-icon\">\n\t\t\t\t\t<i aria-hidden=\"true\" class=\"fas fa-desktop\"><\/i>\t\t\t\t<\/span>\n\t\t\t\n\t\t\t\t\t\t\t\t<span class=\"wpr-acc-title-text\">Ejercicios Espirituales 2018<\/span>\n\t\t\t\t\t\t\t<\/span>\n\t\t\t\t\t\t\t\t\t\t\t<span class=\"wpr-toggle-icon wpr-ti-close\"><svg aria-hidden=\"true\" class=\"e-font-icon-svg e-fas-plus\" viewbox=\"0 0 448 512\" xmlns=\"http:\/\/www.w3.org\/2000\/svg\"><path d=\"M416 208H272V64c0-17.67-14.33-32-32-32h-32c-17.67 0-32 14.33-32 32v144H32c-17.67 0-32 14.33-32 32v32c0 17.67 14.33 32 32 32h144v144c0 17.67 14.33 32 32 32h32c17.67 0 32-14.33 32-32V304h144c17.67 0 32-14.33 32-32v-32c0-17.67-14.33-32-32-32z\"><\/path><\/svg><\/span>\n\t\t\t\t<span class=\"wpr-toggle-icon wpr-ti-open\"><i aria-hidden=\"true\" class=\"auxicon auxicon-close-1\"><\/i><\/span>\n\t\t\t\t\t\t\t\t\t<\/button>\n\n\t\t\t\t\t\t<div class=\"wpr-acc-panel\">\n\t\t\t\t\t\t\t\t\t\t\t\t\t\t\t<div class=\"wpr-acc-panel-content\"><ul><li><span style=\"color: #a91913;\"><a style=\"color: #a91913;\" href=\"https:\/\/agustinosoala.org\/wp-content\/uploads\/2025\/11\/Ejercicios-Espirituales-2018.pdf\" target=\"_blank\" rel=\"noopener\">Ejercicios Espirituales 2018<\/a><\/span><\/li><\/ul><\/div>\n\t\t\t\t\t\t\t\t\t\t\t\t\t<\/div>\n                    <\/div>\n\n                \n\t\t\t\t\t<div class=\"wpr-accordion-item-wrap\">\n\t\t\t\t\t\t<button class=\"wpr-acc-button\">\n\t\t\t\t\t\t\t<span class=\"wpr-acc-item-title\">\n\t\t\t\t\t\t\t\t\t\t\t\t<span class=\"wpr-title-icon\">\n\t\t\t\t\t<i aria-hidden=\"true\" class=\"fas fa-desktop\"><\/i>\t\t\t\t<\/span>\n\t\t\t\n\t\t\t\t\t\t\t\t<span class=\"wpr-acc-title-text\">Tiempos Fuertes 2018<\/span>\n\t\t\t\t\t\t\t<\/span>\n\t\t\t\t\t\t\t\t\t\t\t<span class=\"wpr-toggle-icon wpr-ti-close\"><svg aria-hidden=\"true\" class=\"e-font-icon-svg e-fas-plus\" viewbox=\"0 0 448 512\" xmlns=\"http:\/\/www.w3.org\/2000\/svg\"><path d=\"M416 208H272V64c0-17.67-14.33-32-32-32h-32c-17.67 0-32 14.33-32 32v144H32c-17.67 0-32 14.33-32 32v32c0 17.67 14.33 32 32 32h144v144c0 17.67 14.33 32 32 32h32c17.67 0 32-14.33 32-32V304h144c17.67 0 32-14.33 32-32v-32c0-17.67-14.33-32-32-32z\"><\/path><\/svg><\/span>\n\t\t\t\t<span class=\"wpr-toggle-icon wpr-ti-open\"><i aria-hidden=\"true\" class=\"auxicon auxicon-close-1\"><\/i><\/span>\n\t\t\t\t\t\t\t\t\t<\/button>\n\n\t\t\t\t\t\t<div class=\"wpr-acc-panel\">\n\t\t\t\t\t\t\t\t\t\t\t\t\t\t\t<div class=\"wpr-acc-panel-content\"><ul><li><span style=\"color: #a91913;\"><a style=\"color: #a91913;\" href=\"https:\/\/agustinosoala.org\/wp-content\/uploads\/2025\/11\/ADVIENTO2018.pdf\" target=\"_blank\" rel=\"noopener\">Adviento 2018<\/a><\/span><\/li><li><span style=\"color: #a91913;\"><a style=\"color: #a91913;\" href=\"https:\/\/agustinosoala.org\/wp-content\/uploads\/2025\/11\/SAN-AGUSTIN-2018.pdf\" target=\"_blank\" rel=\"noopener\">San Agust\u00edn 2018<\/a><\/span><\/li><li><span style=\"color: #a91913;\"><a style=\"color: #a91913;\" href=\"https:\/\/agustinosoala.org\/wp-content\/uploads\/2025\/11\/RETIRO-ESPIRITUAL-PARA-EL-TIEMPO-DE-PASCUA-2018.pdf\" target=\"_blank\" rel=\"noopener\">Retiro espiritual para el tiempo de Pascua 2018<\/a><\/span><\/li><li><span style=\"color: #a91913;\"><a style=\"color: #a91913;\" href=\"https:\/\/agustinosoala.org\/wp-content\/uploads\/2025\/11\/TIEMPOS-FUERTES-ADVIENTO-2017.pdf\" target=\"_blank\" rel=\"noopener\">Tiempos Fuertes Adviento 2017<\/a><\/span><\/li><\/ul><\/div>\n\t\t\t\t\t\t\t\t\t\t\t\t\t<\/div>\n                    <\/div>\n\n                \n\t\t\t\t\t<div class=\"wpr-accordion-item-wrap\">\n\t\t\t\t\t\t<button class=\"wpr-acc-button\">\n\t\t\t\t\t\t\t<span class=\"wpr-acc-item-title\">\n\t\t\t\t\t\t\t\t\t\t\t\t<span class=\"wpr-title-icon\">\n\t\t\t\t\t<i aria-hidden=\"true\" class=\"fas fa-desktop\"><\/i>\t\t\t\t<\/span>\n\t\t\t\n\t\t\t\t\t\t\t\t<span class=\"wpr-acc-title-text\">Ejercicios Espirituales 2017<\/span>\n\t\t\t\t\t\t\t<\/span>\n\t\t\t\t\t\t\t\t\t\t\t<span class=\"wpr-toggle-icon wpr-ti-close\"><svg aria-hidden=\"true\" class=\"e-font-icon-svg e-fas-plus\" viewbox=\"0 0 448 512\" xmlns=\"http:\/\/www.w3.org\/2000\/svg\"><path d=\"M416 208H272V64c0-17.67-14.33-32-32-32h-32c-17.67 0-32 14.33-32 32v144H32c-17.67 0-32 14.33-32 32v32c0 17.67 14.33 32 32 32h144v144c0 17.67 14.33 32 32 32h32c17.67 0 32-14.33 32-32V304h144c17.67 0 32-14.33 32-32v-32c0-17.67-14.33-32-32-32z\"><\/path><\/svg><\/span>\n\t\t\t\t<span class=\"wpr-toggle-icon wpr-ti-open\"><i aria-hidden=\"true\" class=\"auxicon auxicon-close-1\"><\/i><\/span>\n\t\t\t\t\t\t\t\t\t<\/button>\n\n\t\t\t\t\t\t<div class=\"wpr-acc-panel\">\n\t\t\t\t\t\t\t\t\t\t\t\t\t\t\t<div class=\"wpr-acc-panel-content\"><ul><li><span style=\"color: #a91913;\"><a style=\"color: #a91913;\" href=\"https:\/\/agustinosoala.org\/wp-content\/uploads\/2025\/11\/EjerciciosEspirituales2017.pdf\" target=\"_blank\" rel=\"noopener\">Ejercicios Espirituales 2017<\/a><\/span><\/li><\/ul><\/div>\n\t\t\t\t\t\t\t\t\t\t\t\t\t<\/div>\n                    <\/div>\n\n                \n\t\t\t\t\t<div class=\"wpr-accordion-item-wrap\">\n\t\t\t\t\t\t<button class=\"wpr-acc-button\">\n\t\t\t\t\t\t\t<span class=\"wpr-acc-item-title\">\n\t\t\t\t\t\t\t\t\t\t\t\t<span class=\"wpr-title-icon\">\n\t\t\t\t\t<i aria-hidden=\"true\" class=\"fas fa-desktop\"><\/i>\t\t\t\t<\/span>\n\t\t\t\n\t\t\t\t\t\t\t\t<span class=\"wpr-acc-title-text\">Folleto 2\u00b0 Itinerario de Comuni\u00f3n y Servicio<\/span>\n\t\t\t\t\t\t\t<\/span>\n\t\t\t\t\t\t\t\t\t\t\t<span class=\"wpr-toggle-icon wpr-ti-close\"><svg aria-hidden=\"true\" class=\"e-font-icon-svg e-fas-plus\" viewbox=\"0 0 448 512\" xmlns=\"http:\/\/www.w3.org\/2000\/svg\"><path d=\"M416 208H272V64c0-17.67-14.33-32-32-32h-32c-17.67 0-32 14.33-32 32v144H32c-17.67 0-32 14.33-32 32v32c0 17.67 14.33 32 32 32h144v144c0 17.67 14.33 32 32 32h32c17.67 0 32-14.33 32-32V304h144c17.67 0 32-14.33 32-32v-32c0-17.67-14.33-32-32-32z\"><\/path><\/svg><\/span>\n\t\t\t\t<span class=\"wpr-toggle-icon wpr-ti-open\"><i aria-hidden=\"true\" class=\"auxicon auxicon-close-1\"><\/i><\/span>\n\t\t\t\t\t\t\t\t\t<\/button>\n\n\t\t\t\t\t\t<div class=\"wpr-acc-panel\">\n\t\t\t\t\t\t\t\t\t\t\t\t\t\t\t<div class=\"wpr-acc-panel-content\"><ul><li><span style=\"color: #a91913;\"><a style=\"color: #a91913;\" href=\"https:\/\/agustinosoala.org\/wp-content\/uploads\/2025\/11\/Folleto-2\u00b0-Itinerario-de-Comunion-y-Servicio.pdf\" target=\"_blank\" rel=\"noopener\">Folleto del Nuevo Itinerario de OALA 2\u00b0 Etapa<\/a><\/span><\/li><\/ul><\/div>\n\t\t\t\t\t\t\t\t\t\t\t\t\t<\/div>\n                    <\/div>\n\n                \n\t\t\t\t\t<div class=\"wpr-accordion-item-wrap\">\n\t\t\t\t\t\t<button class=\"wpr-acc-button\">\n\t\t\t\t\t\t\t<span class=\"wpr-acc-item-title\">\n\t\t\t\t\t\t\t\t\t\t\t\t<span class=\"wpr-title-icon\">\n\t\t\t\t\t<i aria-hidden=\"true\" class=\"fas fa-desktop\"><\/i>\t\t\t\t<\/span>\n\t\t\t\n\t\t\t\t\t\t\t\t<span class=\"wpr-acc-title-text\">Ejercicios Espirituales y retiros tiempos fuertes<\/span>\n\t\t\t\t\t\t\t<\/span>\n\t\t\t\t\t\t\t\t\t\t\t<span class=\"wpr-toggle-icon wpr-ti-close\"><svg aria-hidden=\"true\" class=\"e-font-icon-svg e-fas-plus\" viewbox=\"0 0 448 512\" xmlns=\"http:\/\/www.w3.org\/2000\/svg\"><path d=\"M416 208H272V64c0-17.67-14.33-32-32-32h-32c-17.67 0-32 14.33-32 32v144H32c-17.67 0-32 14.33-32 32v32c0 17.67 14.33 32 32 32h144v144c0 17.67 14.33 32 32 32h32c17.67 0 32-14.33 32-32V304h144c17.67 0 32-14.33 32-32v-32c0-17.67-14.33-32-32-32z\"><\/path><\/svg><\/span>\n\t\t\t\t<span class=\"wpr-toggle-icon wpr-ti-open\"><i aria-hidden=\"true\" class=\"auxicon auxicon-close-1\"><\/i><\/span>\n\t\t\t\t\t\t\t\t\t<\/button>\n\n\t\t\t\t\t\t<div class=\"wpr-acc-panel\">\n\t\t\t\t\t\t\t\t\t\t\t\t\t\t\t<div class=\"wpr-acc-panel-content\"><ul><li><span style=\"color: #a91913;\"><a style=\"color: #a91913;\" href=\"https:\/\/agustinosoala.org\/wp-content\/uploads\/2025\/11\/Retiro-para-tiempos-fuertes.-SANAGUSTIN-2017.pdf\" target=\"_blank\" rel=\"noopener\">Retiro para tiempos fuertes. San Agust\u00edn 2017<\/a><\/span><\/li><li><span style=\"color: #a91913;\"><a style=\"color: #a91913;\" href=\"https:\/\/agustinosoala.org\/wp-content\/uploads\/2025\/11\/Retiro-para-tiempos-fuertes.-PASCUA-2017.pdf\" target=\"_blank\" rel=\"noopener\">Retiro para tiempos fuertes. Pascua 2017<\/a><\/span><\/li><li><span style=\"color: #a91913;\"><a style=\"color: #a91913;\" href=\"https:\/\/agustinosoala.org\/wp-content\/uploads\/2025\/11\/Retiro-para-tiempos-fuertes.-Adviento-2016.pdf\" target=\"_blank\" rel=\"noopener\">Retiro para tiempos fuertes. Adviento 2016<\/a><\/span><\/li><li><span style=\"color: #a91913;\"><a style=\"color: #a91913;\" href=\"https:\/\/agustinosoala.org\/wp-content\/uploads\/2025\/11\/Retiro-para-tiempos-fuertes.-San-Agustin-2016.pdf\" target=\"_blank\" rel=\"noopener\">Retiro para tiempos fuertes. San Agust\u00edn 2016<\/a><\/span><\/li><li><span style=\"color: #a91913;\"><a style=\"color: #a91913;\" href=\"https:\/\/agustinosoala.org\/wp-content\/uploads\/2025\/11\/Retiro-para-tiempos-fuertes.-Pascua-2016.pdf\" target=\"_blank\" rel=\"noopener\">Retiro para tiempos fuertes. Pascua 2016<\/a><\/span><\/li><li><span style=\"color: #a91913;\"><a style=\"color: #a91913;\" href=\"https:\/\/agustinosoala.org\/wp-content\/uploads\/2025\/11\/Retiro-para-tiempos-fuertes.-Adviento-2015.pdf\" target=\"_blank\" rel=\"noopener\">Retiro para tiempos fuertes. Adviento 2015<\/a><\/span><\/li><li><span style=\"color: #a91913;\"><a style=\"color: #a91913;\" href=\"https:\/\/agustinosoala.org\/wp-content\/uploads\/2025\/11\/Ejercicos-Espirituales-2016-Tamano-A4.pdf\" target=\"_blank\" rel=\"noopener\">Ejercicos Espirituales 2016<\/a><\/span><\/li><\/ul><\/div>\n\t\t\t\t\t\t\t\t\t\t\t\t\t<\/div>\n                    <\/div>\n\n                \n\t\t\t\t\t<div class=\"wpr-accordion-item-wrap\">\n\t\t\t\t\t\t<button class=\"wpr-acc-button\">\n\t\t\t\t\t\t\t<span class=\"wpr-acc-item-title\">\n\t\t\t\t\t\t\t\t\t\t\t\t<span class=\"wpr-title-icon\">\n\t\t\t\t\t<i aria-hidden=\"true\" class=\"fas fa-desktop\"><\/i>\t\t\t\t<\/span>\n\t\t\t\n\t\t\t\t\t\t\t\t<span class=\"wpr-acc-title-text\">Nuevo Itinerario de Comuni\u00f3n y Servicio<\/span>\n\t\t\t\t\t\t\t<\/span>\n\t\t\t\t\t\t\t\t\t\t\t<span class=\"wpr-toggle-icon wpr-ti-close\"><svg aria-hidden=\"true\" class=\"e-font-icon-svg e-fas-plus\" viewbox=\"0 0 448 512\" xmlns=\"http:\/\/www.w3.org\/2000\/svg\"><path d=\"M416 208H272V64c0-17.67-14.33-32-32-32h-32c-17.67 0-32 14.33-32 32v144H32c-17.67 0-32 14.33-32 32v32c0 17.67 14.33 32 32 32h144v144c0 17.67 14.33 32 32 32h32c17.67 0 32-14.33 32-32V304h144c17.67 0 32-14.33 32-32v-32c0-17.67-14.33-32-32-32z\"><\/path><\/svg><\/span>\n\t\t\t\t<span class=\"wpr-toggle-icon wpr-ti-open\"><i aria-hidden=\"true\" class=\"auxicon auxicon-close-1\"><\/i><\/span>\n\t\t\t\t\t\t\t\t\t<\/button>\n\n\t\t\t\t\t\t<div class=\"wpr-acc-panel\">\n\t\t\t\t\t\t\t\t\t\t\t\t\t\t\t<div class=\"wpr-acc-panel-content\"><ul><li><span style=\"color: #a91913;\"><a style=\"color: #a91913;\" href=\"https:\/\/agustinosoala.org\/wp-content\/uploads\/2025\/11\/Descargar-Oracion.pdf\" target=\"_blank\" rel=\"noopener\">Oraci\u00f3n<\/a><\/span><\/li><li><span style=\"color: #a91913;\"><a style=\"color: #a91913;\" title=\"https:\/\/agustinosoala.org\/wp-content\/uploads\/2025\/11\/El-apostolado-educativo-agustiniano-y-la-cultura-de-la-paz.pdf\" href=\"https:\/\/agustinosoala.org\/wp-content\/uploads\/2025\/11\/Descargar-el-Texto-Espiritu-Nuevo.pdf\" target=\"_blank\" rel=\"noopener\">Texto Esp\u00edritu Nuevo<\/a> <\/span><\/li><li><span style=\"color: #a91913;\"><a style=\"color: #a91913;\" href=\"https:\/\/agustinosoala.org\/wp-content\/uploads\/2025\/11\/Etapas.pdf\" target=\"_blank\" rel=\"noopener\">Etapas<\/a> <\/span><\/li><li><span style=\"color: #a91913;\"><a style=\"color: #a91913;\" href=\"https:\/\/agustinosoala.org\/wp-content\/uploads\/2025\/11\/Carta-del-Secretario-General.pdf\" target=\"_blank\" rel=\"noopener\">Carta del Secretario General<\/a><\/span><\/li><li><span style=\"color: #a91913;\"><a style=\"color: #a91913;\" href=\"https:\/\/agustinosoala.org\/wp-content\/uploads\/2025\/11\/Retiro-tarde-te-ame.pdf\" target=\"_blank\" rel=\"noopener\">Retiro tarde te am\u00e9<\/a> <\/span><\/li><li><span style=\"color: #a91913;\"><a style=\"color: #a91913;\" href=\"https:\/\/agustinosoala.org\/wp-content\/uploads\/2025\/11\/Conferencia-P.-General.pdf\" target=\"_blank\" rel=\"noopener\">Conferencia P. General<\/a><\/span><\/li><li><span style=\"color: #a91913;\"><a style=\"color: #a91913;\" title=\"https:\/\/agustinosoala.org\/wp-content\/uploads\/2025\/11\/El-apostolado-educativo-agustiniano-y-la-cultura-de-la-paz.pdf\" href=\"https:\/\/agustinosoala.org\/wp-content\/uploads\/2025\/11\/Guia-1.pdf\" target=\"_blank\" rel=\"noopener\">Gu\u00eda 1- Parte 1<\/a> <\/span><\/li><li><span style=\"color: #a91913;\"><a style=\"color: #a91913;\" href=\"https:\/\/agustinosoala.org\/wp-content\/uploads\/2025\/11\/Guia-1-Parte-2.pdf\" target=\"_blank\" rel=\"noopener\">Gu\u00eda 1-Parte 2<\/a><\/span><\/li><li><span style=\"color: #a91913;\"><a style=\"color: #a91913;\" title=\"https:\/\/agustinosoala.org\/wp-content\/uploads\/2025\/11\/El-apostolado-educativo-agustiniano-y-la-cultura-de-la-paz.pdf\" href=\"https:\/\/agustinosoala.org\/wp-content\/uploads\/2025\/11\/Guia-2.pdf\" target=\"_blank\" rel=\"noopener\">Gu\u00eda 2<\/a> <\/span><\/li><li><span style=\"color: #a91913;\"><a style=\"color: #a91913;\" href=\"https:\/\/agustinosoala.org\/wp-content\/uploads\/2025\/11\/Guia-3.pdf\" target=\"_blank\" rel=\"noopener\">Gu\u00eda 3<\/a> <\/span><\/li><li><span style=\"color: #a91913;\"><a style=\"color: #a91913;\" href=\"https:\/\/agustinosoala.org\/wp-content\/uploads\/2025\/11\/Guia-4.pdf\" target=\"_blank\" rel=\"noopener\">Gu\u00eda 4<\/a><\/span><\/li><li><span style=\"color: #a91913;\"><a style=\"color: #a91913;\" href=\"https:\/\/agustinosoala.org\/wp-content\/uploads\/2025\/11\/Guia-5.pdf\" target=\"_blank\" rel=\"noopener\">Gu\u00eda 5<\/a> <\/span><\/li><li><span style=\"color: #a91913;\"><a style=\"color: #a91913;\" href=\"https:\/\/agustinosoala.org\/wp-content\/uploads\/2025\/11\/Guia-6.pdf\" target=\"_blank\" rel=\"noopener\">Gu\u00eda 6<\/a><\/span><\/li><li><span style=\"color: #a91913;\"><a style=\"color: #a91913;\" title=\"https:\/\/agustinosoala.org\/wp-content\/uploads\/2025\/11\/El-apostolado-educativo-agustiniano-y-la-cultura-de-la-paz.pdf\" href=\"https:\/\/agustinosoala.org\/wp-content\/uploads\/2025\/11\/Guia-7.pdf\" target=\"_blank\" rel=\"noopener\">Gu\u00eda 7<\/a><\/span><\/li><li><span style=\"color: #a91913;\"><a style=\"color: #a91913;\" title=\"https:\/\/agustinosoala.org\/wp-content\/uploads\/2025\/11\/El-apostolado-educativo-agustiniano-y-la-cultura-de-la-paz.pdf\" href=\"https:\/\/agustinosoala.org\/wp-content\/uploads\/2025\/11\/Guia-8.pdf\" target=\"_blank\" rel=\"noopener\">Gu\u00eda 8<\/a> <\/span><\/li><li><span style=\"color: #a91913;\"><a style=\"color: #a91913;\" href=\"https:\/\/agustinosoala.org\/wp-content\/uploads\/2025\/11\/Materiales-para-las-Guias.pdf\" target=\"_blank\" rel=\"noopener\">Materiales para las Gu\u00edas<\/a><\/span><\/li><\/ul><\/div>\n\t\t\t\t\t\t\t\t\t\t\t\t\t<\/div>\n                    <\/div>\n\n                \n\t\t\t\t\t<div class=\"wpr-accordion-item-wrap\">\n\t\t\t\t\t\t<button class=\"wpr-acc-button\">\n\t\t\t\t\t\t\t<span class=\"wpr-acc-item-title\">\n\t\t\t\t\t\t\t\t\t\t\t\t<span class=\"wpr-title-icon\">\n\t\t\t\t\t<i aria-hidden=\"true\" class=\"fas fa-desktop\"><\/i>\t\t\t\t<\/span>\n\t\t\t\n\t\t\t\t\t\t\t\t<span class=\"wpr-acc-title-text\">Tesis Arturo Purcaro<\/span>\n\t\t\t\t\t\t\t<\/span>\n\t\t\t\t\t\t\t\t\t\t\t<span class=\"wpr-toggle-icon wpr-ti-close\"><svg aria-hidden=\"true\" class=\"e-font-icon-svg e-fas-plus\" viewbox=\"0 0 448 512\" xmlns=\"http:\/\/www.w3.org\/2000\/svg\"><path d=\"M416 208H272V64c0-17.67-14.33-32-32-32h-32c-17.67 0-32 14.33-32 32v144H32c-17.67 0-32 14.33-32 32v32c0 17.67 14.33 32 32 32h144v144c0 17.67 14.33 32 32 32h32c17.67 0 32-14.33 32-32V304h144c17.67 0 32-14.33 32-32v-32c0-17.67-14.33-32-32-32z\"><\/path><\/svg><\/span>\n\t\t\t\t<span class=\"wpr-toggle-icon wpr-ti-open\"><i aria-hidden=\"true\" class=\"auxicon auxicon-close-1\"><\/i><\/span>\n\t\t\t\t\t\t\t\t\t<\/button>\n\n\t\t\t\t\t\t<div class=\"wpr-acc-panel\">\n\t\t\t\t\t\t\t\t\t\t\t\t\t\t\t<div class=\"wpr-acc-panel-content\"><ul><li><span style=\"color: #a91913;\"><a style=\"color: #a91913;\" href=\"https:\/\/agustinosoala.org\/wp-content\/uploads\/2025\/11\/La-Santidad-Comunitaria.pdf\" target=\"_blank\" rel=\"noopener\">La Santidad Comunitaria<\/a><\/span><\/li><\/ul><\/div>\n\t\t\t\t\t\t\t\t\t\t\t\t\t<\/div>\n                    <\/div>\n\n                \n\t\t\t\t\t<div class=\"wpr-accordion-item-wrap\">\n\t\t\t\t\t\t<button class=\"wpr-acc-button\">\n\t\t\t\t\t\t\t<span class=\"wpr-acc-item-title\">\n\t\t\t\t\t\t\t\t\t\t\t\t<span class=\"wpr-title-icon\">\n\t\t\t\t\t<i aria-hidden=\"true\" class=\"fas fa-desktop\"><\/i>\t\t\t\t<\/span>\n\t\t\t\n\t\t\t\t\t\t\t\t<span class=\"wpr-acc-title-text\">Encuentro del Proyecto Hipona Buenos Aires 2007<\/span>\n\t\t\t\t\t\t\t<\/span>\n\t\t\t\t\t\t\t\t\t\t\t<span class=\"wpr-toggle-icon wpr-ti-close\"><svg aria-hidden=\"true\" class=\"e-font-icon-svg e-fas-plus\" viewbox=\"0 0 448 512\" xmlns=\"http:\/\/www.w3.org\/2000\/svg\"><path d=\"M416 208H272V64c0-17.67-14.33-32-32-32h-32c-17.67 0-32 14.33-32 32v144H32c-17.67 0-32 14.33-32 32v32c0 17.67 14.33 32 32 32h144v144c0 17.67 14.33 32 32 32h32c17.67 0 32-14.33 32-32V304h144c17.67 0 32-14.33 32-32v-32c0-17.67-14.33-32-32-32z\"><\/path><\/svg><\/span>\n\t\t\t\t<span class=\"wpr-toggle-icon wpr-ti-open\"><i aria-hidden=\"true\" class=\"auxicon auxicon-close-1\"><\/i><\/span>\n\t\t\t\t\t\t\t\t\t<\/button>\n\n\t\t\t\t\t\t<div class=\"wpr-acc-panel\">\n\t\t\t\t\t\t\t\t\t\t\t\t\t\t\t<div class=\"wpr-acc-panel-content\"><ul><li><span style=\"color: #a91913;\"><a style=\"color: #a91913;\" href=\"https:\/\/agustinosoala.org\/wp-content\/uploads\/2025\/11\/Carta-del-Prior-General-Al-Terminar-el-Proyecto-Hipona.pdf\" target=\"_blank\" rel=\"noopener\">Carta del Prior General Al Terminar el Proyecto Hipona<\/a><\/span><\/li><li><span style=\"color: #a91913;\"><a style=\"color: #a91913;\" href=\"https:\/\/agustinosoala.org\/wp-content\/uploads\/2025\/11\/Cronica-Encuentro-del-Proyecto-Hipona-Buenos-Aires-2007.pdf\" target=\"_blank\" rel=\"noopener\">Cr\u00f3nica: Encuentro del Proyecto Hipona Buenos Aires 2007<\/a><\/span><\/li><li><span style=\"color: #a91913;\"><a style=\"color: #a91913;\" href=\"https:\/\/agustinosoala.org\/wp-content\/uploads\/2025\/11\/La-Vida-Religiosa-en-America-Latina-y-el-Caribe-Ignacio-Madera-Vargas.pdf\" target=\"_blank\" rel=\"noopener\">La Vida Religiosa en Am\u00e9rica Latina y el Caribe: Ignacio Madera Vargas<\/a><\/span><\/li><li><span style=\"color: #a91913;\"><a style=\"color: #a91913;\" title=\"https:\/\/agustinosoala.org\/wp-content\/uploads\/2025\/11\/El-apostolado-educativo-agustiniano-y-la-cultura-de-la-paz.pdf\" href=\"https:\/\/agustinosoala.org\/wp-content\/uploads\/2025\/11\/Tercera-Etapa-Corazon-Nuevo.pdf\" target=\"_blank\" rel=\"noopener\">Tercera Etapa: Coraz\u00f3n Nuevo<\/a> <\/span><\/li><\/ul><\/div>\n\t\t\t\t\t\t\t\t\t\t\t\t\t<\/div>\n                    <\/div>\n\n                \n\t\t\t\t\t<div class=\"wpr-accordion-item-wrap\">\n\t\t\t\t\t\t<button class=\"wpr-acc-button\">\n\t\t\t\t\t\t\t<span class=\"wpr-acc-item-title\">\n\t\t\t\t\t\t\t\t\t\t\t\t<span class=\"wpr-title-icon\">\n\t\t\t\t\t<i aria-hidden=\"true\" class=\"fas fa-desktop\"><\/i>\t\t\t\t<\/span>\n\t\t\t\n\t\t\t\t\t\t\t\t<span class=\"wpr-acc-title-text\">Encuentro del Proyecto Hipona Sao Pablo Brasil 2003<\/span>\n\t\t\t\t\t\t\t<\/span>\n\t\t\t\t\t\t\t\t\t\t\t<span class=\"wpr-toggle-icon wpr-ti-close\"><svg aria-hidden=\"true\" class=\"e-font-icon-svg e-fas-plus\" viewbox=\"0 0 448 512\" xmlns=\"http:\/\/www.w3.org\/2000\/svg\"><path d=\"M416 208H272V64c0-17.67-14.33-32-32-32h-32c-17.67 0-32 14.33-32 32v144H32c-17.67 0-32 14.33-32 32v32c0 17.67 14.33 32 32 32h144v144c0 17.67 14.33 32 32 32h32c17.67 0 32-14.33 32-32V304h144c17.67 0 32-14.33 32-32v-32c0-17.67-14.33-32-32-32z\"><\/path><\/svg><\/span>\n\t\t\t\t<span class=\"wpr-toggle-icon wpr-ti-open\"><i aria-hidden=\"true\" class=\"auxicon auxicon-close-1\"><\/i><\/span>\n\t\t\t\t\t\t\t\t\t<\/button>\n\n\t\t\t\t\t\t<div class=\"wpr-acc-panel\">\n\t\t\t\t\t\t\t\t\t\t\t\t\t\t\t<div class=\"wpr-acc-panel-content\"><ul><li><span style=\"color: #a91913;\"><a style=\"color: #a91913;\" href=\"https:\/\/agustinosoala.org\/wp-content\/uploads\/2025\/11\/Caminar-desde-Cristo.pdf\" target=\"_blank\" rel=\"noopener\">Caminar desde Cristo<\/a><\/span><\/li><li><span style=\"color: #a91913;\"><a style=\"color: #a91913;\" title=\"https:\/\/agustinosoala.org\/wp-content\/uploads\/2025\/11\/El-apostolado-educativo-agustiniano-y-la-cultura-de-la-paz.pdf\" href=\"https:\/\/agustinosoala.org\/wp-content\/uploads\/2025\/11\/Cronica-encontro-vida-sempre-nova-Brasil-2003.pdf\" target=\"_blank\" rel=\"noopener\">Cr\u00f3nica encontro vida sempre nova Brasil 2003<\/a> <\/span><\/li><li><span style=\"color: #a91913;\"><a style=\"color: #a91913;\" href=\"https:\/\/agustinosoala.org\/wp-content\/uploads\/2025\/11\/Homilia-Prior-General.pdf\" target=\"_blank\" rel=\"noopener\">Homil\u00eda Prior General<\/a> <\/span><\/li><\/ul><\/div>\n\t\t\t\t\t\t\t\t\t\t\t\t\t<\/div>\n                    <\/div>\n\n                \n\t\t\t\t\t<div class=\"wpr-accordion-item-wrap\">\n\t\t\t\t\t\t<button class=\"wpr-acc-button\">\n\t\t\t\t\t\t\t<span class=\"wpr-acc-item-title\">\n\t\t\t\t\t\t\t\t\t\t\t\t<span class=\"wpr-title-icon\">\n\t\t\t\t\t<i aria-hidden=\"true\" class=\"fas fa-desktop\"><\/i>\t\t\t\t<\/span>\n\t\t\t\n\t\t\t\t\t\t\t\t<span class=\"wpr-acc-title-text\">Encuentro Vida Nueva Santa Fe de Bogot\u00e1, junio 2001<\/span>\n\t\t\t\t\t\t\t<\/span>\n\t\t\t\t\t\t\t\t\t\t\t<span class=\"wpr-toggle-icon wpr-ti-close\"><svg aria-hidden=\"true\" class=\"e-font-icon-svg e-fas-plus\" viewbox=\"0 0 448 512\" xmlns=\"http:\/\/www.w3.org\/2000\/svg\"><path d=\"M416 208H272V64c0-17.67-14.33-32-32-32h-32c-17.67 0-32 14.33-32 32v144H32c-17.67 0-32 14.33-32 32v32c0 17.67 14.33 32 32 32h144v144c0 17.67 14.33 32 32 32h32c17.67 0 32-14.33 32-32V304h144c17.67 0 32-14.33 32-32v-32c0-17.67-14.33-32-32-32z\"><\/path><\/svg><\/span>\n\t\t\t\t<span class=\"wpr-toggle-icon wpr-ti-open\"><i aria-hidden=\"true\" class=\"auxicon auxicon-close-1\"><\/i><\/span>\n\t\t\t\t\t\t\t\t\t<\/button>\n\n\t\t\t\t\t\t<div class=\"wpr-acc-panel\">\n\t\t\t\t\t\t\t\t\t\t\t\t\t\t\t<div class=\"wpr-acc-panel-content\"><ul><li><span style=\"color: #a91913;\"><a style=\"color: #a91913;\" href=\"https:\/\/agustinosoala.org\/wp-content\/uploads\/2025\/11\/Preces.pdf\" target=\"_blank\" rel=\"noopener\">Preces<\/a><\/span><\/li><li><span style=\"color: #a91913;\"><a style=\"color: #a91913;\" title=\"https:\/\/agustinosoala.org\/wp-content\/uploads\/2025\/11\/El-apostolado-educativo-agustiniano-y-la-cultura-de-la-paz.pdf\" href=\"https:\/\/agustinosoala.org\/wp-content\/uploads\/2025\/11\/Propuesta-de-vida-y-accion-apostolica-de-la-circunscripcion.pdf\" target=\"_blank\" rel=\"noopener\">Propuesta de vida y acci\u00f3n apost\u00f3lica de la circunscripci\u00f3n<\/a> <\/span><\/li><li><span style=\"color: #a91913;\"><a style=\"color: #a91913;\" href=\"https:\/\/agustinosoala.org\/wp-content\/uploads\/2025\/11\/Guia-de-estudio-preparatorio-para-la-Asamblea-de-obras-y-servicios-de-la-circunscripcion.pdf\" target=\"_blank\" rel=\"noopener\">Gu\u00eda de estudio preparatorio para la Asamblea de obras y servicios de la circunscripci\u00f3n<\/a> <\/span><\/li><li><span style=\"color: #a91913;\"><a style=\"color: #a91913;\" href=\"https:\/\/agustinosoala.org\/wp-content\/uploads\/2025\/11\/Guia-para-la-Asamblea-Visa-Nueva-para-la-circunscripcion.pdf\" target=\"_blank\" rel=\"noopener\">Gu\u00eda para la Asamblea: Visa Nueva para la circunscripci\u00f3n<\/a><\/span><\/li><li><span style=\"color: #a91913;\"><a style=\"color: #a91913;\" href=\"https:\/\/agustinosoala.org\/wp-content\/uploads\/2025\/11\/La-planificacion-comunitaria.pdf\" target=\"_blank\" rel=\"noopener\">La planificaci\u00f3n comunitaria<\/a><\/span><\/li><li><span style=\"color: #a91913;\"><a style=\"color: #a91913;\" title=\"https:\/\/agustinosoala.org\/wp-content\/uploads\/2025\/11\/El-apostolado-educativo-agustiniano-y-la-cultura-de-la-paz.pdf\" href=\"https:\/\/agustinosoala.org\/wp-content\/uploads\/2025\/11\/Niveles-de-accion.pdf\" target=\"_blank\" rel=\"noopener\">Niveles de acci\u00f3n<\/a> <\/span><\/li><li><span style=\"color: #a91913;\"><a style=\"color: #a91913;\" href=\"https:\/\/agustinosoala.org\/wp-content\/uploads\/2025\/11\/Evaluacion-fase-A.pdf\" target=\"_blank\" rel=\"noopener\">Evaluaci\u00f3n fase A<\/a> <\/span><\/li><\/ul><\/div>\n\t\t\t\t\t\t\t\t\t\t\t\t\t<\/div>\n                    <\/div>\n\n                \n\t\t\t\t\t<div class=\"wpr-accordion-item-wrap\">\n\t\t\t\t\t\t<button class=\"wpr-acc-button\">\n\t\t\t\t\t\t\t<span class=\"wpr-acc-item-title\">\n\t\t\t\t\t\t\t\t\t\t\t\t<span class=\"wpr-title-icon\">\n\t\t\t\t\t<i aria-hidden=\"true\" class=\"fas fa-desktop\"><\/i>\t\t\t\t<\/span>\n\t\t\t\n\t\t\t\t\t\t\t\t<span class=\"wpr-acc-title-text\">Proyecto Hipona:Coraz\u00f3n Nuevo Encuentro Esp\u00edritu Nuevo Lima, enero 1999<\/span>\n\t\t\t\t\t\t\t<\/span>\n\t\t\t\t\t\t\t\t\t\t\t<span class=\"wpr-toggle-icon wpr-ti-close\"><svg aria-hidden=\"true\" class=\"e-font-icon-svg e-fas-plus\" viewbox=\"0 0 448 512\" xmlns=\"http:\/\/www.w3.org\/2000\/svg\"><path d=\"M416 208H272V64c0-17.67-14.33-32-32-32h-32c-17.67 0-32 14.33-32 32v144H32c-17.67 0-32 14.33-32 32v32c0 17.67 14.33 32 32 32h144v144c0 17.67 14.33 32 32 32h32c17.67 0 32-14.33 32-32V304h144c17.67 0 32-14.33 32-32v-32c0-17.67-14.33-32-32-32z\"><\/path><\/svg><\/span>\n\t\t\t\t<span class=\"wpr-toggle-icon wpr-ti-open\"><i aria-hidden=\"true\" class=\"auxicon auxicon-close-1\"><\/i><\/span>\n\t\t\t\t\t\t\t\t\t<\/button>\n\n\t\t\t\t\t\t<div class=\"wpr-acc-panel\">\n\t\t\t\t\t\t\t\t\t\t\t\t\t\t\t<div class=\"wpr-acc-panel-content\"><ul><li><span style=\"color: #a91913;\"><a style=\"color: #a91913;\" href=\"https:\/\/agustinosoala.org\/wp-content\/uploads\/2025\/11\/Cronica-1.pdf\" target=\"_blank\" rel=\"noopener\">Cr\u00f3nica<\/a><\/span><\/li><li><span style=\"color: #a91913;\"><a style=\"color: #a91913;\" title=\"https:\/\/agustinosoala.org\/wp-content\/uploads\/2025\/11\/El-apostolado-educativo-agustiniano-y-la-cultura-de-la-paz.pdf\" href=\"https:\/\/agustinosoala.org\/wp-content\/uploads\/2025\/11\/Discurso-de-apertura.pdf\" target=\"_blank\" rel=\"noopener\">Discurso de apertura<\/a> <\/span><\/li><li><span style=\"color: #a91913;\"><a style=\"color: #a91913;\" href=\"https:\/\/agustinosoala.org\/wp-content\/uploads\/2025\/11\/Breve-Historia-del-Desarrollo-del-Proyecto-de-Revitalizacion-de-la-Orden-en-America-Latina.pdf\" target=\"_blank\" rel=\"noopener\">Breve Historia del Desarrollo del Proyecto de Revitalizaci\u00f3n de la Orden en Am\u00e9rica Latina<\/a> <\/span><\/li><li><span style=\"color: #a91913;\"><a style=\"color: #a91913;\" href=\"https:\/\/agustinosoala.org\/wp-content\/uploads\/2025\/11\/El-futuro-de-la-Iglesia-y-de-la-VR.pdf\" target=\"_blank\" rel=\"noopener\">El futuro de la Iglesia y de la VR<\/a><\/span><\/li><li><span style=\"color: #a91913;\"><a style=\"color: #a91913;\" href=\"https:\/\/agustinosoala.org\/wp-content\/uploads\/2025\/11\/Homilia-de-clausura.pdf\" target=\"_blank\" rel=\"noopener\">Homilia de clausura<\/a> <\/span><\/li><li><span style=\"color: #a91913;\"><a style=\"color: #a91913;\" href=\"https:\/\/agustinosoala.org\/wp-content\/uploads\/2025\/11\/articulo-de-reflexion.pdf\" target=\"_blank\" rel=\"noopener\">Art\u00edculo de reflexi\u00f3n<\/a><\/span><\/li><\/ul><\/div>\n\t\t\t\t\t\t\t\t\t\t\t\t\t<\/div>\n                    <\/div>\n\n                \n\t\t\t\t\t<div class=\"wpr-accordion-item-wrap\">\n\t\t\t\t\t\t<button class=\"wpr-acc-button\">\n\t\t\t\t\t\t\t<span class=\"wpr-acc-item-title\">\n\t\t\t\t\t\t\t\t\t\t\t\t<span class=\"wpr-title-icon\">\n\t\t\t\t\t<i aria-hidden=\"true\" class=\"fas fa-desktop\"><\/i>\t\t\t\t<\/span>\n\t\t\t\n\t\t\t\t\t\t\t\t<span class=\"wpr-acc-title-text\">Guias de Accion para Animadores 1999<\/span>\n\t\t\t\t\t\t\t<\/span>\n\t\t\t\t\t\t\t\t\t\t\t<span class=\"wpr-toggle-icon wpr-ti-close\"><svg aria-hidden=\"true\" class=\"e-font-icon-svg e-fas-plus\" viewbox=\"0 0 448 512\" xmlns=\"http:\/\/www.w3.org\/2000\/svg\"><path d=\"M416 208H272V64c0-17.67-14.33-32-32-32h-32c-17.67 0-32 14.33-32 32v144H32c-17.67 0-32 14.33-32 32v32c0 17.67 14.33 32 32 32h144v144c0 17.67 14.33 32 32 32h32c17.67 0 32-14.33 32-32V304h144c17.67 0 32-14.33 32-32v-32c0-17.67-14.33-32-32-32z\"><\/path><\/svg><\/span>\n\t\t\t\t<span class=\"wpr-toggle-icon wpr-ti-open\"><i aria-hidden=\"true\" class=\"auxicon auxicon-close-1\"><\/i><\/span>\n\t\t\t\t\t\t\t\t\t<\/button>\n\n\t\t\t\t\t\t<div class=\"wpr-acc-panel\">\n\t\t\t\t\t\t\t\t\t\t\t\t\t\t\t<div class=\"wpr-acc-panel-content\"><ul><li><span style=\"color: #a91913;\"><a style=\"color: #a91913;\" href=\"https:\/\/agustinosoala.org\/wp-content\/uploads\/2025\/11\/Documento-C-Guia-para-dia-de-retiro.pdf\" target=\"_blank\" rel=\"noopener\">Documento C Guia para d\u00eda de retiro<\/a><\/span><\/li><li><span style=\"color: #a91913;\"><a style=\"color: #a91913;\" title=\"https:\/\/agustinosoala.org\/wp-content\/uploads\/2025\/11\/El-apostolado-educativo-agustiniano-y-la-cultura-de-la-paz.pdf\" href=\"https:\/\/agustinosoala.org\/wp-content\/uploads\/2025\/11\/Elaboracion-y-verificacion-de-los-contenidos-del-documento-C-1.pdf\" target=\"_blank\" rel=\"noopener\">Elaboraci\u00f3n y verificaci\u00f3n de los contenidos del documento C<\/a> <\/span><\/li><li><span style=\"color: #a91913;\"><a style=\"color: #a91913;\" href=\"https:\/\/agustinosoala.org\/wp-content\/uploads\/2025\/11\/Esquema-para-Documentos-D-H.pdf\" target=\"_blank\" rel=\"noopener\">Esquema para Documentos D-H<\/a> <\/span><\/li><li><span style=\"color: #a91913;\"><a style=\"color: #a91913;\" href=\"https:\/\/agustinosoala.org\/wp-content\/uploads\/2025\/11\/Guia-de-trabajo-D-H.pdf\" target=\"_blank\" rel=\"noopener\">Guia de trabajo D-H<\/a><\/span><\/li><li><span style=\"color: #a91913;\"><a style=\"color: #a91913;\" href=\"https:\/\/agustinosoala.org\/wp-content\/uploads\/2025\/11\/GUIA-PARA-EL-DIA-DE-ESTUDIO-DE-LA-COMUNIDAD-LOCAL.pdf\" target=\"_blank\" rel=\"noopener\">Gu\u00eda para el estudio de la comunidad Local<\/a> <\/span><\/li><li><span style=\"color: #a91913;\"><a style=\"color: #a91913;\" href=\"https:\/\/agustinosoala.org\/wp-content\/uploads\/2025\/11\/RED-DE-RELACIONES.pdf\" target=\"_blank\" rel=\"noopener\">Red de Relaciones<\/a><\/span><\/li><li><span style=\"color: #a91913;\"><a style=\"color: #a91913;\" title=\"https:\/\/agustinosoala.org\/wp-content\/uploads\/2025\/11\/El-apostolado-educativo-agustiniano-y-la-cultura-de-la-paz.pdf\" href=\"https:\/\/agustinosoala.org\/wp-content\/uploads\/2025\/11\/VISITA-DE-RENOVACION.pdf\" target=\"_blank\" rel=\"noopener\">Visita de Renovaci\u00f3n<\/a> <\/span><\/li><li><span style=\"color: #a91913;\"><a style=\"color: #a91913;\" href=\"https:\/\/agustinosoala.org\/wp-content\/uploads\/2025\/11\/CONTORNO-DE-LA-VIDA-Y-ACTIVIDAD-APOSTOLICA-DE-LA-CIRCUNSCRIPCION.pdf\" target=\"_blank\" rel=\"noopener\">Contorno de la vida y actividad apost\u00f3lica de la circunscripci\u00f3n<\/a><\/span><\/li><li><span style=\"color: #a91913;\"><a style=\"color: #a91913;\" title=\"https:\/\/agustinosoala.org\/wp-content\/uploads\/2025\/11\/El-apostolado-educativo-agustiniano-y-la-cultura-de-la-paz.pdf\" href=\"https:\/\/agustinosoala.org\/wp-content\/uploads\/2025\/11\/CONTEXTO-CULTURAL-DE-LOS-DESTINATARIOS.pdf\" target=\"_blank\" rel=\"noopener\">Contexto cultural de los destinatarios<\/a> <\/span><\/li><\/ul><\/div>\n\t\t\t\t\t\t\t\t\t\t\t\t\t<\/div>\n                    <\/div>\n\n                \n\t\t\t\t\t<div class=\"wpr-accordion-item-wrap\">\n\t\t\t\t\t\t<button class=\"wpr-acc-button\">\n\t\t\t\t\t\t\t<span class=\"wpr-acc-item-title\">\n\t\t\t\t\t\t\t\t\t\t\t\t<span class=\"wpr-title-icon\">\n\t\t\t\t\t<i aria-hidden=\"true\" class=\"fas fa-desktop\"><\/i>\t\t\t\t<\/span>\n\t\t\t\n\t\t\t\t\t\t\t\t<span class=\"wpr-acc-title-text\">Hipona Coraz\u00f3n Nuevo 1996<\/span>\n\t\t\t\t\t\t\t<\/span>\n\t\t\t\t\t\t\t\t\t\t\t<span class=\"wpr-toggle-icon wpr-ti-close\"><svg aria-hidden=\"true\" class=\"e-font-icon-svg e-fas-plus\" viewbox=\"0 0 448 512\" xmlns=\"http:\/\/www.w3.org\/2000\/svg\"><path d=\"M416 208H272V64c0-17.67-14.33-32-32-32h-32c-17.67 0-32 14.33-32 32v144H32c-17.67 0-32 14.33-32 32v32c0 17.67 14.33 32 32 32h144v144c0 17.67 14.33 32 32 32h32c17.67 0 32-14.33 32-32V304h144c17.67 0 32-14.33 32-32v-32c0-17.67-14.33-32-32-32z\"><\/path><\/svg><\/span>\n\t\t\t\t<span class=\"wpr-toggle-icon wpr-ti-open\"><i aria-hidden=\"true\" class=\"auxicon auxicon-close-1\"><\/i><\/span>\n\t\t\t\t\t\t\t\t\t<\/button>\n\n\t\t\t\t\t\t<div class=\"wpr-acc-panel\">\n\t\t\t\t\t\t\t\t\t\t\t\t\t\t\t<div class=\"wpr-acc-panel-content\"><ul><li><span style=\"color: #a91913;\"><a style=\"color: #a91913;\" href=\"https:\/\/agustinosoala.org\/wp-content\/uploads\/2025\/11\/Hipona-Corazon-Nuevo-1996.pdf\" target=\"_blank\" rel=\"noopener\">Documento Hipona Coraz\u00f3n Nuevo 1996 Serie Azul N\u00b0 4<\/a><\/span><\/li><\/ul><\/div>\n\t\t\t\t\t\t\t\t\t\t\t\t\t<\/div>\n                    <\/div>\n\n                \n\t\t\t\t\t<div class=\"wpr-accordion-item-wrap\">\n\t\t\t\t\t\t<button class=\"wpr-acc-button\">\n\t\t\t\t\t\t\t<span class=\"wpr-acc-item-title\">\n\t\t\t\t\t\t\t\t\t\t\t\t<span class=\"wpr-title-icon\">\n\t\t\t\t\t<i aria-hidden=\"true\" class=\"fas fa-desktop\"><\/i>\t\t\t\t<\/span>\n\t\t\t\n\t\t\t\t\t\t\t\t<span class=\"wpr-acc-title-text\">Ejercicios Espirituales 1994- 2003<\/span>\n\t\t\t\t\t\t\t<\/span>\n\t\t\t\t\t\t\t\t\t\t\t<span class=\"wpr-toggle-icon wpr-ti-close\"><svg aria-hidden=\"true\" class=\"e-font-icon-svg e-fas-plus\" viewbox=\"0 0 448 512\" xmlns=\"http:\/\/www.w3.org\/2000\/svg\"><path d=\"M416 208H272V64c0-17.67-14.33-32-32-32h-32c-17.67 0-32 14.33-32 32v144H32c-17.67 0-32 14.33-32 32v32c0 17.67 14.33 32 32 32h144v144c0 17.67 14.33 32 32 32h32c17.67 0 32-14.33 32-32V304h144c17.67 0 32-14.33 32-32v-32c0-17.67-14.33-32-32-32z\"><\/path><\/svg><\/span>\n\t\t\t\t<span class=\"wpr-toggle-icon wpr-ti-open\"><i aria-hidden=\"true\" class=\"auxicon auxicon-close-1\"><\/i><\/span>\n\t\t\t\t\t\t\t\t\t<\/button>\n\n\t\t\t\t\t\t<div class=\"wpr-acc-panel\">\n\t\t\t\t\t\t\t\t\t\t\t\t\t\t\t<div class=\"wpr-acc-panel-content\"><ul><li><span style=\"color: #a91913;\"><a style=\"color: #a91913;\" href=\"https:\/\/agustinosoala.org\/wp-content\/uploads\/2025\/11\/Novena.pdf\" target=\"_blank\" rel=\"noopener\">Novena<\/a><\/span><\/li><li><span style=\"color: #a91913;\"><a style=\"color: #a91913;\" title=\"https:\/\/agustinosoala.org\/wp-content\/uploads\/2025\/11\/El-apostolado-educativo-agustiniano-y-la-cultura-de-la-paz.pdf\" href=\"https:\/\/agustinosoala.org\/wp-content\/uploads\/2025\/11\/Ejercicios-Espirituales-1994.pdf\" target=\"_blank\" rel=\"noopener\">Ejercicios Espirituales 1994<\/a> <\/span><\/li><li><span style=\"color: #a91913;\"><a style=\"color: #a91913;\" href=\"https:\/\/agustinosoala.org\/wp-content\/uploads\/2025\/11\/Ejercicios-Espirituales-1995.pdf\" target=\"_blank\" rel=\"noopener\">Ejercicios Espirituales 1995<\/a> <\/span><\/li><li><span style=\"color: #a91913;\"><a style=\"color: #a91913;\" href=\"https:\/\/agustinosoala.org\/wp-content\/uploads\/2025\/11\/Ejercicios-Espirituales-1996.pdf\" target=\"_blank\" rel=\"noopener\">Ejercicios Espirituales 1996<\/a><\/span><\/li><li><span style=\"color: #a91913;\"><a style=\"color: #a91913;\" href=\"https:\/\/agustinosoala.org\/wp-content\/uploads\/2025\/11\/Ejercicios-Espirituales-1997.pdf\" target=\"_blank\" rel=\"noopener\">Ejercicios Espirituales 1997<\/a> <\/span><\/li><li><span style=\"color: #a91913;\"><a style=\"color: #a91913;\" href=\"https:\/\/agustinosoala.org\/wp-content\/uploads\/2025\/11\/Ejercicios-Espirituales-1998.pdf\" target=\"_blank\" rel=\"noopener\">Ejercicios Espirituales 1998<\/a><\/span><\/li><li><span style=\"color: #a91913;\"><a style=\"color: #a91913;\" title=\"https:\/\/agustinosoala.org\/wp-content\/uploads\/2025\/11\/El-apostolado-educativo-agustiniano-y-la-cultura-de-la-paz.pdf\" href=\"https:\/\/agustinosoala.org\/wp-content\/uploads\/2025\/11\/Ejercicios-Espirituales-1999.pdf\" target=\"_blank\" rel=\"noopener\">Ejercicios Espirituales 1999<\/a> <\/span><\/li><li><span style=\"color: #a91913;\"><a style=\"color: #a91913;\" href=\"https:\/\/agustinosoala.org\/wp-content\/uploads\/2025\/11\/Ejercicios-Espirituales-2000.pdf\" target=\"_blank\" rel=\"noopener\">Ejercicios Espirituales 2000<\/a><\/span><\/li><li><span style=\"color: #a91913;\"><a style=\"color: #a91913;\" title=\"https:\/\/agustinosoala.org\/wp-content\/uploads\/2025\/11\/El-apostolado-educativo-agustiniano-y-la-cultura-de-la-paz.pdf\" href=\"https:\/\/agustinosoala.org\/wp-content\/uploads\/2025\/11\/Ejercicios-Espirituales-2001.pdf\" target=\"_blank\" rel=\"noopener\">Ejercicios Espirituales 2001<\/a> <\/span><\/li><li><span style=\"color: #a91913;\"><a style=\"color: #a91913;\" href=\"https:\/\/agustinosoala.org\/wp-content\/uploads\/2025\/11\/Ejercicios-Espirituales-2002.pdf\" target=\"_blank\" rel=\"noopener\">Ejercicios Espirituales 2002<\/a><\/span><\/li><li><span style=\"color: #a91913;\"><a style=\"color: #a91913;\" href=\"https:\/\/agustinosoala.org\/wp-content\/uploads\/2025\/11\/Ejercicios-Espirituales-2003.pdf\" target=\"_blank\" rel=\"noopener\">Ejercicios Espirituales 2003<\/a><\/span><\/li><\/ul><\/div>\n\t\t\t\t\t\t\t\t\t\t\t\t\t<\/div>\n                    <\/div>\n\n                \n\t\t\t\t\t<div class=\"wpr-accordion-item-wrap\">\n\t\t\t\t\t\t<button class=\"wpr-acc-button\">\n\t\t\t\t\t\t\t<span class=\"wpr-acc-item-title\">\n\t\t\t\t\t\t\t\t\t\t\t\t<span class=\"wpr-title-icon\">\n\t\t\t\t\t<i aria-hidden=\"true\" class=\"fas fa-desktop\"><\/i>\t\t\t\t<\/span>\n\t\t\t\n\t\t\t\t\t\t\t\t<span class=\"wpr-acc-title-text\">Retiros comunitarios 1994-2014<\/span>\n\t\t\t\t\t\t\t<\/span>\n\t\t\t\t\t\t\t\t\t\t\t<span class=\"wpr-toggle-icon wpr-ti-close\"><svg aria-hidden=\"true\" class=\"e-font-icon-svg e-fas-plus\" viewbox=\"0 0 448 512\" xmlns=\"http:\/\/www.w3.org\/2000\/svg\"><path d=\"M416 208H272V64c0-17.67-14.33-32-32-32h-32c-17.67 0-32 14.33-32 32v144H32c-17.67 0-32 14.33-32 32v32c0 17.67 14.33 32 32 32h144v144c0 17.67 14.33 32 32 32h32c17.67 0 32-14.33 32-32V304h144c17.67 0 32-14.33 32-32v-32c0-17.67-14.33-32-32-32z\"><\/path><\/svg><\/span>\n\t\t\t\t<span class=\"wpr-toggle-icon wpr-ti-open\"><i aria-hidden=\"true\" class=\"auxicon auxicon-close-1\"><\/i><\/span>\n\t\t\t\t\t\t\t\t\t<\/button>\n\n\t\t\t\t\t\t<div class=\"wpr-acc-panel\">\n\t\t\t\t\t\t\t\t\t\t\t\t\t\t\t<div class=\"wpr-acc-panel-content\"><ul><li><span style=\"color: #a91913;\"><a style=\"color: #a91913;\" href=\"https:\/\/agustinosoala.org\/wp-content\/uploads\/2025\/11\/Retiro-2014.pdf\" target=\"_blank\" rel=\"noopener\">Retiro 2014<\/a><\/span><\/li><li><span style=\"color: #a91913;\"><a style=\"color: #a91913;\" title=\"https:\/\/agustinosoala.org\/wp-content\/uploads\/2025\/11\/El-apostolado-educativo-agustiniano-y-la-cultura-de-la-paz.pdf\" href=\"https:\/\/agustinosoala.org\/wp-content\/uploads\/2025\/11\/Retiro-2013.pdf\" target=\"_blank\" rel=\"noopener\">Retiro 2013<\/a> <\/span><\/li><li><span style=\"color: #a91913;\"><a style=\"color: #a91913;\" href=\"https:\/\/agustinosoala.org\/wp-content\/uploads\/2025\/11\/Retiro-2012-2.pdf\" target=\"_blank\" rel=\"noopener\">Retiro 2012-2<\/a> <\/span><\/li><li><span style=\"color: #a91913;\"><a style=\"color: #a91913;\" href=\"https:\/\/agustinosoala.org\/wp-content\/uploads\/2025\/11\/Retiro-2012-1.pdf\" target=\"_blank\" rel=\"noopener\">Retiro 2012-1<\/a><\/span><\/li><li><span style=\"color: #a91913;\"><a style=\"color: #a91913;\" href=\"https:\/\/agustinosoala.org\/wp-content\/uploads\/2025\/11\/Retiro-2009.pdf\" target=\"_blank\" rel=\"noopener\">Retiro 2009<\/a> <\/span><\/li><li><span style=\"color: #a91913;\"><a style=\"color: #a91913;\" href=\"https:\/\/agustinosoala.org\/wp-content\/uploads\/2025\/11\/Retiro-de-Pascua-2007.pdf\" target=\"_blank\" rel=\"noopener\">Retiro de Pascua 2007<\/a><\/span><\/li><li><span style=\"color: #a91913;\"><a style=\"color: #a91913;\" title=\"https:\/\/agustinosoala.org\/wp-content\/uploads\/2025\/11\/El-apostolado-educativo-agustiniano-y-la-cultura-de-la-paz.pdf\" href=\"https:\/\/agustinosoala.org\/wp-content\/uploads\/2025\/11\/Retiro-de-Agustin-2006.pdf\" target=\"_blank\" rel=\"noopener\">Retiro de Agust\u00edn 2006<\/a> <\/span><\/li><li><span style=\"color: #a91913;\"><a style=\"color: #a91913;\" href=\"https:\/\/agustinosoala.org\/wp-content\/uploads\/2025\/11\/Retiro-para-las-comunidades-2006.pdf\" target=\"_blank\" rel=\"noopener\">Retiro para las comunidades 2006<\/a><\/span><\/li><li><span style=\"color: #a91913;\"><a style=\"color: #a91913;\" title=\"https:\/\/agustinosoala.org\/wp-content\/uploads\/2025\/11\/El-apostolado-educativo-agustiniano-y-la-cultura-de-la-paz.pdf\" href=\"https:\/\/agustinosoala.org\/wp-content\/uploads\/2025\/11\/Retiro-el-desafio-de-la-Gran-Union-2005.pdf\" target=\"_blank\" rel=\"noopener\">Retiro el desaf\u00edo de la Gran Uni\u00f3n 2005<\/a> <\/span><\/li><li><span style=\"color: #a91913;\"><a style=\"color: #a91913;\" href=\"https:\/\/agustinosoala.org\/wp-content\/uploads\/2025\/11\/Retiro-2004-1.pdf\" target=\"_blank\" rel=\"noopener\">Retiro 2004-1<\/a><\/span><\/li><li><span style=\"color: #a91913;\"><a style=\"color: #a91913;\" href=\"https:\/\/agustinosoala.org\/wp-content\/uploads\/2025\/11\/Retiro-2004-2.pdf\" target=\"_blank\" rel=\"noopener\">Retiro 2004-2<\/a><\/span><\/li><li><span style=\"color: #a91913;\"><a style=\"color: #a91913;\" href=\"https:\/\/agustinosoala.org\/wp-content\/uploads\/2025\/11\/Retiro-Obendiencia-y-autoridad-en-la-VR-2003.pdf\" target=\"_blank\" rel=\"noopener\">Retiro Obendiencia y autoridad en la VR 2003<\/a><\/span><\/li><li><span style=\"color: #a91913;\"><a style=\"color: #a91913;\" title=\"https:\/\/agustinosoala.org\/wp-content\/uploads\/2025\/11\/El-apostolado-educativo-agustiniano-y-la-cultura-de-la-paz.pdf\" href=\"https:\/\/agustinosoala.org\/wp-content\/uploads\/2025\/11\/Guia-retiro-2003.pdf\" target=\"_blank\" rel=\"noopener\">Guia retiro 2003<\/a> <\/span><\/li><li><span style=\"color: #a91913;\"><a style=\"color: #a91913;\" href=\"https:\/\/agustinosoala.org\/wp-content\/uploads\/2025\/11\/Guia-retiro-La-comunion-de-bienes-2002.pdf\" target=\"_blank\" rel=\"noopener\">Guia retiro La comuni\u00f3n de bienes 2002<\/a> <\/span><\/li><li><span style=\"color: #a91913;\"><a style=\"color: #a91913;\" href=\"https:\/\/agustinosoala.org\/wp-content\/uploads\/2025\/11\/Sobre-el-proyecto-de-vida-de-la-OSA-EN-America-Latina.pdf\" target=\"_blank\" rel=\"noopener\">Sobre el proyecto de vida de la OSA EN Am\u00e9rica Latina<\/a><\/span><\/li><li><span style=\"color: #a91913;\"><a style=\"color: #a91913;\" href=\"https:\/\/agustinosoala.org\/wp-content\/uploads\/2025\/11\/Retiro-2001-1.pdf\" target=\"_blank\" rel=\"noopener\">Retiro 2001-1<\/a> <\/span><\/li><li><span style=\"color: #a91913;\"><a style=\"color: #a91913;\" href=\"https:\/\/agustinosoala.org\/wp-content\/uploads\/2025\/11\/Retiro-2001-2.pdf\" target=\"_blank\" rel=\"noopener\">Retiro 2001-2<\/a><\/span><\/li><li><span style=\"color: #a91913;\"><a style=\"color: #a91913;\" title=\"https:\/\/agustinosoala.org\/wp-content\/uploads\/2025\/11\/El-apostolado-educativo-agustiniano-y-la-cultura-de-la-paz.pdf\" href=\"https:\/\/agustinosoala.org\/wp-content\/uploads\/2025\/11\/Retiro-2000-1.pdf\" target=\"_blank\" rel=\"noopener\">Retiro 2000-1<\/a> <\/span><\/li><li><span style=\"color: #a91913;\"><a style=\"color: #a91913;\" href=\"https:\/\/agustinosoala.org\/wp-content\/uploads\/2025\/11\/Retiro-2000-2.pdf\" target=\"_blank\" rel=\"noopener\">Retiro 2000-2<\/a><\/span><\/li><li><span style=\"color: #a91913;\"><a style=\"color: #a91913;\" title=\"https:\/\/agustinosoala.org\/wp-content\/uploads\/2025\/11\/El-apostolado-educativo-agustiniano-y-la-cultura-de-la-paz.pdf\" href=\"https:\/\/agustinosoala.org\/wp-content\/uploads\/2025\/11\/Retiro-San-Agustin-1999.pdf\" target=\"_blank\" rel=\"noopener\">Retiro San Agustin 1999<\/a> <\/span><\/li><li><span style=\"color: #a91913;\"><a style=\"color: #a91913;\" href=\"https:\/\/agustinosoala.org\/wp-content\/uploads\/2025\/11\/Retiro-Pascua-1999.pdf\" target=\"_blank\" rel=\"noopener\">Retiro Pascua 1999<\/a><\/span><\/li><li><span style=\"color: #a91913;\"><a style=\"color: #a91913;\" href=\"https:\/\/agustinosoala.org\/wp-content\/uploads\/2025\/11\/Retiro-1998-1.pdf\" target=\"_blank\" rel=\"noopener\">Retiro 1998-1<\/a><\/span><\/li><li><span style=\"color: #a91913;\"><a style=\"color: #a91913;\" href=\"https:\/\/agustinosoala.org\/wp-content\/uploads\/2025\/11\/Retiro-1998-2.pdf\" target=\"_blank\" rel=\"noopener\">Retiro 1998-2<\/a><\/span><\/li><li><span style=\"color: #a91913;\"><a style=\"color: #a91913;\" title=\"https:\/\/agustinosoala.org\/wp-content\/uploads\/2025\/11\/El-apostolado-educativo-agustiniano-y-la-cultura-de-la-paz.pdf\" href=\"https:\/\/agustinosoala.org\/wp-content\/uploads\/2025\/11\/Retiro-1998-3.pdf\" target=\"_blank\" rel=\"noopener\">Retiro 1998-3<\/a> <\/span><\/li><li><span style=\"color: #a91913;\"><a style=\"color: #a91913;\" href=\"https:\/\/agustinosoala.org\/wp-content\/uploads\/2025\/11\/Retiro-1997-1.pdf\" target=\"_blank\" rel=\"noopener\">Retiro 1997-1<\/a> <\/span><\/li><li><span style=\"color: #a91913;\"><a style=\"color: #a91913;\" href=\"https:\/\/agustinosoala.org\/wp-content\/uploads\/2025\/11\/Retiro-1997-2.pdf\" target=\"_blank\" rel=\"noopener\">Retiro 1997-2<\/a><\/span><\/li><li><span style=\"color: #a91913;\"><a style=\"color: #a91913;\" href=\"https:\/\/agustinosoala.org\/wp-content\/uploads\/2025\/11\/Retiro-1996-3.pdf\" target=\"_blank\" rel=\"noopener\">Retiro 1997-3<\/a> <\/span><\/li><li><span style=\"color: #a91913;\"><a style=\"color: #a91913;\" href=\"https:\/\/agustinosoala.org\/wp-content\/uploads\/2025\/11\/Retiro-1996.pdf\" target=\"_blank\" rel=\"noopener\">Retiro 1996<\/a><\/span><\/li><li><span style=\"color: #a91913;\"><a style=\"color: #a91913;\" title=\"https:\/\/agustinosoala.org\/wp-content\/uploads\/2025\/11\/El-apostolado-educativo-agustiniano-y-la-cultura-de-la-paz.pdf\" href=\"https:\/\/agustinosoala.org\/wp-content\/uploads\/2025\/11\/Retiro-1996-2.pdf\" target=\"_blank\" rel=\"noopener\">Retiro 1996-2<\/a> <\/span><\/li><li><span style=\"color: #a91913;\"><a style=\"color: #a91913;\" href=\"https:\/\/agustinosoala.org\/wp-content\/uploads\/2025\/11\/Retiro-1996-3.pdf\" target=\"_blank\" rel=\"noopener\">Retiro 1996-3<\/a><\/span><\/li><li><span style=\"color: #a91913;\"><a style=\"color: #a91913;\" title=\"https:\/\/agustinosoala.org\/wp-content\/uploads\/2025\/11\/El-apostolado-educativo-agustiniano-y-la-cultura-de-la-paz.pdf\" href=\"https:\/\/agustinosoala.org\/wp-content\/uploads\/2025\/11\/Retiro-1995.pdf\" target=\"_blank\" rel=\"noopener\">Retiro 1995<\/a> <\/span><\/li><li><span style=\"color: #a91913;\"><a style=\"color: #a91913;\" href=\"https:\/\/agustinosoala.org\/wp-content\/uploads\/2025\/11\/Retiro-1994.pdf\" target=\"_blank\" rel=\"noopener\">Retiro 1994<\/a><\/span><\/li><\/ul><\/div>\n\t\t\t\t\t\t\t\t\t\t\t\t\t<\/div>\n                    <\/div>\n\n                \n\t\t\t\t\t<div class=\"wpr-accordion-item-wrap\">\n\t\t\t\t\t\t<button class=\"wpr-acc-button\">\n\t\t\t\t\t\t\t<span class=\"wpr-acc-item-title\">\n\t\t\t\t\t\t\t\t\t\t\t\t<span class=\"wpr-title-icon\">\n\t\t\t\t\t<i aria-hidden=\"true\" class=\"fas fa-desktop\"><\/i>\t\t\t\t<\/span>\n\t\t\t\n\t\t\t\t\t\t\t\t<span class=\"wpr-acc-title-text\">Conocoto 1993<\/span>\n\t\t\t\t\t\t\t<\/span>\n\t\t\t\t\t\t\t\t\t\t\t<span class=\"wpr-toggle-icon wpr-ti-close\"><svg aria-hidden=\"true\" class=\"e-font-icon-svg e-fas-plus\" viewbox=\"0 0 448 512\" xmlns=\"http:\/\/www.w3.org\/2000\/svg\"><path d=\"M416 208H272V64c0-17.67-14.33-32-32-32h-32c-17.67 0-32 14.33-32 32v144H32c-17.67 0-32 14.33-32 32v32c0 17.67 14.33 32 32 32h144v144c0 17.67 14.33 32 32 32h32c17.67 0 32-14.33 32-32V304h144c17.67 0 32-14.33 32-32v-32c0-17.67-14.33-32-32-32z\"><\/path><\/svg><\/span>\n\t\t\t\t<span class=\"wpr-toggle-icon wpr-ti-open\"><i aria-hidden=\"true\" class=\"auxicon auxicon-close-1\"><\/i><\/span>\n\t\t\t\t\t\t\t\t\t<\/button>\n\n\t\t\t\t\t\t<div class=\"wpr-acc-panel\">\n\t\t\t\t\t\t\t\t\t\t\t\t\t\t\t<div class=\"wpr-acc-panel-content\"><p><span style=\"text-decoration: underline;\"><strong>- <span style=\"color: #a91913; text-decoration: underline;\">DOCUMENTO EL ESP\u00cdRITU DE CONOCOTO :<\/span><\/strong><\/span><\/p><ul><li><span style=\"color: #a91913;\"><a style=\"color: #a91913;\" href=\"https:\/\/agustinosoala.org\/wp-content\/uploads\/2025\/11\/El-Espiritu-de-Conocoto-1993.pdf\" target=\"_blank\" rel=\"noopener\">El Espiritu de Conocoto 1993<\/a><\/span><\/li><\/ul><p><span style=\"text-decoration: underline;\"><strong>- <span style=\"color: #a91913; text-decoration: underline;\">DESARROLLO DE CONOCOTO 1993 :<\/span><\/strong><\/span><\/p><ul><li><span style=\"color: #a91913;\"><a style=\"color: #a91913;\" title=\"https:\/\/agustinosoala.org\/wp-content\/uploads\/2025\/11\/El-apostolado-educativo-agustiniano-y-la-cultura-de-la-paz.pdf\" href=\"https:\/\/agustinosoala.org\/wp-content\/uploads\/2025\/11\/Organizacion-Horario-liturgia-grupos-Circunscripciones-papel-del-animador.pdf\" target=\"_blank\" rel=\"noopener\">Organizaci\u00f3n (Horario, liturgia, grupos), Circunscripciones, papel del animador<\/a> <\/span><\/li><li><span style=\"color: #a91913;\"><a style=\"color: #a91913;\" href=\"https:\/\/agustinosoala.org\/wp-content\/uploads\/2025\/11\/Equema-de-Dialogo-lineas-de-accion-resumen-temores-esperanzas-resumen-trabajos-en-grupos.pdf\" target=\"_blank\" rel=\"noopener\">Equema de Di\u00e1logo, l\u00edneas de acci\u00f3n, res\u00famen temores, esperanzas, res\u00famen trabajos en grupos<\/a> <\/span><\/li><li><span style=\"color: #a91913;\"><a style=\"color: #a91913;\" href=\"https:\/\/agustinosoala.org\/wp-content\/uploads\/2025\/11\/Luces-priorizacion-de-las-luces-Sombras.pdf\" target=\"_blank\" rel=\"noopener\">Luces, priorizaci\u00f3n de las luces, Sombras<\/a><\/span><\/li><li><span style=\"color: #a91913;\"><a style=\"color: #a91913;\" href=\"https:\/\/agustinosoala.org\/wp-content\/uploads\/2025\/11\/Celebracion-de-Reconciliacion-de-esperanza-y-compromiso-N.-Castellanos.pdf\" target=\"_blank\" rel=\"noopener\">Celebraci\u00f3n de Reconciliaci\u00f3n de esperanza y compromiso: N. Castellanos<\/a> <\/span><\/li><li><span style=\"color: #a91913;\"><a style=\"color: #a91913;\" href=\"https:\/\/agustinosoala.org\/wp-content\/uploads\/2025\/11\/Proyecto-de-espiritualidad-manifiesto-de-los-Jovenes.pdf\" target=\"_blank\" rel=\"noopener\">Proyecto de espiritualidad, manifiesto de los J\u00f3venes<\/a><\/span><\/li><li><span style=\"color: #a91913;\"><a style=\"color: #a91913;\" title=\"https:\/\/agustinosoala.org\/wp-content\/uploads\/2025\/11\/El-apostolado-educativo-agustiniano-y-la-cultura-de-la-paz.pdf\" href=\"https:\/\/agustinosoala.org\/wp-content\/uploads\/2025\/11\/Mensaje-de-los-Hermanos-reunidos-en-Conocoto.pdf\" target=\"_blank\" rel=\"noopener\">Mensaje de los Hermanos reunidos en Conocoto<\/a> <\/span><\/li><li><span style=\"color: #a91913;\"><a style=\"color: #a91913;\" href=\"https:\/\/agustinosoala.org\/wp-content\/uploads\/2025\/11\/Cronica-de-Conocoto.pdf\" target=\"_blank\" rel=\"noopener\">Cr\u00f3nica de Conocoto<\/a><\/span><\/li><li><span style=\"color: #a91913;\"><a style=\"color: #a91913;\" title=\"https:\/\/agustinosoala.org\/wp-content\/uploads\/2025\/11\/El-apostolado-educativo-agustiniano-y-la-cultura-de-la-paz.pdf\" href=\"https:\/\/agustinosoala.org\/wp-content\/uploads\/2025\/11\/Homilia-del-Secretario-General-de-OALA.pdf\" target=\"_blank\" rel=\"noopener\">Homilia del Secretario General de OALA<\/a> <\/span><\/li><li><span style=\"color: #a91913;\"><a style=\"color: #a91913;\" href=\"https:\/\/agustinosoala.org\/wp-content\/uploads\/2025\/11\/Carta-del-Prior-General.pdf\" target=\"_blank\" rel=\"noopener\">Carta del Prior General<\/a><\/span><\/li><\/ul><p><span style=\"text-decoration: underline;\"><strong>- <span style=\"color: #a91913; text-decoration: underline;\">ANTECEDENTES - PREPARATIVOS PARA CONOCOTO :<\/span><\/strong><\/span><\/p><ul><li><span style=\"color: #a91913;\"><a style=\"color: #a91913;\" href=\"https:\/\/agustinosoala.org\/wp-content\/uploads\/2025\/11\/Resena-Convocatoria-Objetivo-del-Encuentro.pdf\" target=\"_blank\" rel=\"noopener\">Rese\u00f1a, Convocatoria, Objetivo del Encuentro<\/a><\/span><\/li><li><span style=\"color: #a91913;\"><a style=\"color: #a91913;\" href=\"https:\/\/agustinosoala.org\/wp-content\/uploads\/2025\/11\/Cuestionario-sobre-la-presencia-de-la-Orden-en-America-Latina.pdf\" target=\"_blank\" rel=\"noopener\">Cuestionario sobre la presencia de la Orden en Am\u00e9rica Latina<\/a><\/span><\/li><li><span style=\"color: #a91913;\"><a style=\"color: #a91913;\" title=\"https:\/\/agustinosoala.org\/wp-content\/uploads\/2025\/11\/El-apostolado-educativo-agustiniano-y-la-cultura-de-la-paz.pdf\" href=\"https:\/\/agustinosoala.org\/wp-content\/uploads\/2025\/11\/Resultados-de-la-Encuesta-sobre-la-Presencia-de-los-Agustinos-en-A.L.pdf\" target=\"_blank\" rel=\"noopener\">Resultados de la Encuesta sobre la Presencia de los Agustinos en A.L<\/a> <\/span><\/li><li><span style=\"color: #a91913;\"><a style=\"color: #a91913;\" href=\"https:\/\/agustinosoala.org\/wp-content\/uploads\/2025\/11\/Indicaciones-practicas-sobre-el-encuentro-de-Conocoto.pdf\" target=\"_blank\" rel=\"noopener\">Indicaciones pr\u00e1cticas sobre el encuentro de Conocoto<\/a> <\/span><\/li><li><span style=\"color: #a91913;\"><a style=\"color: #a91913;\" href=\"https:\/\/agustinosoala.org\/wp-content\/uploads\/2025\/11\/Carta-del-Padre-Provincial-de-Ecuador-a-los-Superiores-Mayores.pdf\" target=\"_blank\" rel=\"noopener\">Carta del Padre Provincial de Ecuador a los Superiores Mayores<\/a><\/span><\/li><\/ul><p><span style=\"text-decoration: underline;\"><strong>- <span style=\"color: #a91913; text-decoration: underline;\">CONFERENCIAS Y BIBLIOGRAF\u00cdA REFERENTE :<\/span><\/strong><\/span><\/p><ul><li><span style=\"color: #a91913;\"><a style=\"color: #a91913;\" href=\"https:\/\/agustinosoala.org\/wp-content\/uploads\/2025\/11\/Indice-de-Conferencias-y-Bibliografia-de-Referencia.pdf\" target=\"_blank\" rel=\"noopener\">Indice de Conferencias y Bibliograf\u00eda de Referencia<\/a> <\/span><\/li><li><span style=\"color: #a91913;\"><a style=\"color: #a91913;\" href=\"https:\/\/agustinosoala.org\/wp-content\/uploads\/2025\/11\/Estructura-del-Documento-de-Santo-Domingo.pdf\" target=\"_blank\" rel=\"noopener\">Estructura del Documento de Santo Domingo<\/a><\/span><\/li><li><span style=\"color: #a91913;\"><a style=\"color: #a91913;\" title=\"https:\/\/agustinosoala.org\/wp-content\/uploads\/2025\/11\/El-apostolado-educativo-agustiniano-y-la-cultura-de-la-paz.pdf\" href=\"https:\/\/agustinosoala.org\/wp-content\/uploads\/2025\/11\/Luces-y-sombras-de-la-Iglesia-AL.pdf\" target=\"_blank\" rel=\"noopener\">Luces y sombras de la Iglesia AL<\/a> <\/span><\/li><li><span style=\"color: #a91913;\"><a style=\"color: #a91913;\" href=\"https:\/\/agustinosoala.org\/wp-content\/uploads\/2025\/11\/Nueva-Evangelizacion-Antonio-Gonzalez.pdf\" target=\"_blank\" rel=\"noopener\">Nueva Evangelizaci\u00f3n:Antonio Gonzalez<\/a><\/span><\/li><li><span style=\"color: #a91913;\"><a style=\"color: #a91913;\" title=\"https:\/\/agustinosoala.org\/wp-content\/uploads\/2025\/11\/El-apostolado-educativo-agustiniano-y-la-cultura-de-la-paz.pdf\" href=\"https:\/\/agustinosoala.org\/wp-content\/uploads\/2025\/11\/La-Vida-Religiosa-en-Santo-Domingo-Victor-Codina.pdf\" target=\"_blank\" rel=\"noopener\">La Vida Religiosa en Santo Domingo: Victor Codina<\/a> <\/span><\/li><li><span style=\"color: #a91913;\"><a style=\"color: #a91913;\" href=\"https:\/\/agustinosoala.org\/wp-content\/uploads\/2025\/11\/Santo-Domingo-mas-que-un-documento.pdf\" target=\"_blank\" rel=\"noopener\">Santo Domingo mas que un documento<\/a><\/span><\/li><li><span style=\"color: #a91913;\"><a style=\"color: #a91913;\" href=\"https:\/\/agustinosoala.org\/wp-content\/uploads\/2025\/11\/La-Nueva-Evangelizacion-Origen-y-desarrollo-Miguel-Angel-Keller.pdf\" target=\"_blank\" rel=\"noopener\">La Nueva Evangelizaci\u00f3n, Origen y desarrollo Miguel Angel Keller<\/a><\/span><\/li><li><span style=\"color: #a91913;\"><a style=\"color: #a91913;\" href=\"https:\/\/agustinosoala.org\/wp-content\/uploads\/2025\/11\/Nuevos-Rostros-en-Santo-Domingo-Victor-Codina.pdf\" target=\"_blank\" rel=\"noopener\">Nuevos Rostros en Santo Domingo: Victor Codina<\/a><\/span><\/li><li><span style=\"color: #a91913;\"><a style=\"color: #a91913;\" title=\"https:\/\/agustinosoala.org\/wp-content\/uploads\/2025\/11\/El-apostolado-educativo-agustiniano-y-la-cultura-de-la-paz.pdf\" href=\"https:\/\/agustinosoala.org\/wp-content\/uploads\/2025\/11\/Para-Comprender-Santo-Domingo-Colectivo-de-Teologoss.pdf\" target=\"_blank\" rel=\"noopener\">Para Comprender Santo Domingo: Colectivo de Te\u00f3logos<\/a> <\/span><\/li><li><span style=\"color: #a91913;\"><a style=\"color: #a91913;\" href=\"https:\/\/agustinosoala.org\/wp-content\/uploads\/2025\/11\/Los-caminos-desde-Santo-Domingo-hasta-nosotros-Gaston-Garatea.pdf\" target=\"_blank\" rel=\"noopener\">Los caminos desde Santo Domingo hasta nosotros: Gast\u00f3n Garatea<\/a> <\/span><\/li><li><span style=\"color: #a91913;\"><a style=\"color: #a91913;\" href=\"https:\/\/agustinosoala.org\/wp-content\/uploads\/2025\/11\/Una-Agenda-la-IV-Conferencia-de-Sto-Domingo-Gustavo-Gutierrez.pdf\" target=\"_blank\" rel=\"noopener\">Una Agenda: la IV Conferencia de Sto Domingo: Gustavo Gutierrez<\/a><\/span><\/li><li><span style=\"color: #a91913;\"><a style=\"color: #a91913;\" href=\"https:\/\/agustinosoala.org\/wp-content\/uploads\/2025\/11\/Reflexiones-Metodologicas-en-Sto-Domingo-Luis-G.-del-Valle.pdf\" target=\"_blank\" rel=\"noopener\">Reflexiones Metodol\u00f3gicas en Sto Domingo: Luis G. del Valle<\/a> <\/span><\/li><li><span style=\"color: #a91913;\"><a style=\"color: #a91913;\" href=\"https:\/\/agustinosoala.org\/wp-content\/uploads\/2025\/11\/Partir-de-la-Doctrina-o-la-Realidad-Sebastian-Mier.pdf\" target=\"_blank\" rel=\"noopener\">Partir de la Doctrina o la Realidad: Sebastian Mier<\/a><\/span><\/li><li><span style=\"color: #a91913;\"><a style=\"color: #a91913;\" title=\"https:\/\/agustinosoala.org\/wp-content\/uploads\/2025\/11\/El-apostolado-educativo-agustiniano-y-la-cultura-de-la-paz.pdf\" href=\"https:\/\/agustinosoala.org\/wp-content\/uploads\/2025\/11\/Fundamentos-Biblicos-de-la-inculturacion-del-Evangelio.pdf\" target=\"_blank\" rel=\"noopener\">Fundamentos Biblicos de la inculturaci\u00f3n del Evangelio<\/a> <\/span><\/li><li><span style=\"color: #a91913;\"><a style=\"color: #a91913;\" href=\"https:\/\/agustinosoala.org\/wp-content\/uploads\/2025\/11\/La-inculturacion-en-el-Documento-de-Sto-Domingo-Scanone.pdf\" target=\"_blank\" rel=\"noopener\">La inculturaci\u00f3n en el Documento de Sto Domingo: Scanone<\/a><\/span><\/li><li><span style=\"color: #a91913;\"><a style=\"color: #a91913;\" title=\"https:\/\/agustinosoala.org\/wp-content\/uploads\/2025\/11\/El-apostolado-educativo-agustiniano-y-la-cultura-de-la-paz.pdf\" href=\"https:\/\/agustinosoala.org\/wp-content\/uploads\/2025\/11\/La-realidad-Santo-Domingo-y-Juan-Pablo-II-Chamberlain.pdf\" target=\"_blank\" rel=\"noopener\">La realidad, Santo Domingo y Juan Pablo II: Chamberlain<\/a> <\/span><\/li><li><span style=\"color: #a91913;\"><a style=\"color: #a91913;\" href=\"https:\/\/agustinosoala.org\/wp-content\/uploads\/2025\/11\/Una-Iglesia-promotora-de-la-integracion-en-America-Latina-Gonzalez-Dorado.pdf\" target=\"_blank\" rel=\"noopener\">Una Iglesia promotora de la integraci\u00f3n en Am\u00e9rica Latina: Gonzalez Dorado<\/a><\/span><\/li><li><span style=\"color: #a91913;\"><a style=\"color: #a91913;\" title=\"https:\/\/agustinosoala.org\/wp-content\/uploads\/2025\/11\/El-apostolado-educativo-agustiniano-y-la-cultura-de-la-paz.pdf\" href=\"https:\/\/agustinosoala.org\/wp-content\/uploads\/2025\/11\/Una-Celebraion-alternativa-del-V-Centenario-de-la-Evangelizacion-de-A.L-Gonzalez-Dorado.pdf\" target=\"_blank\" rel=\"noopener\">Una Celebrai\u00f3n alternativa del V Centenario de la Evangelizaci\u00f3n de A.L: Gonzalez Dorado<\/a> <\/span><\/li><\/ul><\/div>\n\t\t\t\t\t\t\t\t\t\t\t\t\t<\/div>\n                    <\/div>\n\n                            <\/div>\n        \t\t\t\t<\/div>\n\t\t\t\t<\/div>\n\t\t\t\t<\/div>\n\t\t<div class=\"elementor-element elementor-element-b0f7071 e-con-full e-flex wpr-particle-no wpr-jarallax-no wpr-parallax-no wpr-sticky-section-no wpr-equal-height-no e-con e-child\" data-id=\"b0f7071\" data-element_type=\"container\" data-e-type=\"container\">\n\t\t\t\t<div class=\"elementor-element elementor-element-f32aea0 elementor-widget elementor-widget-elementskit-team\" data-id=\"f32aea0\" data-element_type=\"widget\" data-e-type=\"widget\" data-widget_type=\"elementskit-team.default\">\n\t\t\t\t<div class=\"elementor-widget-container\">\n\t\t\t\t\t<div class=\"ekit-wid-con\">\n\t\t\t\n\t\t\t\t<div class=\"profile-square-v square-v4 elementor-animation- ekit-team-style-hover_info\">\n\t\t\t\t\t<div class=\"profile-card text-center\">\n\t\t\t\t\t\t<div class=\"profile-header ekit-team-img\"  data-toggle=\"modal\" data-target=\"#ekit_team_modal_f32aea0_1467\" >\n\t\t\t\t\t\t\t<img fetchpriority=\"high\" decoding=\"async\" width=\"957\" height=\"1024\" src=\"https:\/\/agustinosoala.org\/wp-content\/uploads\/2025\/11\/OALA-IMAGEN-EDIT-2-957x1024.png\" class=\"attachment-large size-large wp-image-1159\" alt=\"\" \/>\t\t\t\t\t\t<\/div><!-- .profile-header END -->\n\t\t\t\t\t\t<div class=\"profile-body\">\n\t\t\t\t\t\t\t<h2 class=\"profile-title\">\n\t\t\t\t\t\t\t\t\t\t\t\t\t\t\t<a aria-label=\"profile\" href=\"javascript:void(0)\" data-mfp-src=\"#ekit_team_modal_f32aea0_1467\" class=\"ekit-team-popup\">\n\t\t\t\t\t\t\t\tFr. Gioberty Calle Calle\t\t\t\t\t\t\t\t<\/a>\n\t\t\t\t\t\t\t\t\t\t\t\t\t\t\t<\/h2>\n\t\t\t\t\t\t\t<p class=\"profile-designation\">Responsable Actual del \u00c1rea<\/p>\n\t\t\t\t\t\t\t\t\t\t\t\t\t\t<ul class=\"ekit-team-social-list\">\n\t\t\t<li class=\"elementor-repeater-item-b21e89d\">\n\t\t\t<a href=\"https:\/\/facebook.com\" aria-label=\"Facebook\">\n\t\t\t\t<i aria-hidden=\"true\" class=\"icon icon-facebook\"><\/i>\t\t\t<\/a>\n\t\t<\/li>\n\t\t\t<li class=\"elementor-repeater-item-09239ac\">\n\t\t\t<a href=\"https:\/\/facebook.com\" aria-label=\"Gmail\">\n\t\t\t\t<i aria-hidden=\"true\" class=\"icon icon-email\"><\/i>\t\t\t<\/a>\n\t\t<\/li>\n\t<\/ul>\n\t\t\t\t\t\t<\/div>\n\t\t\t\t\t<\/div>\n\t\t\t\t<\/div>\n\t\t\t\n\t\t\t\t\t<div class=\"zoom-anim-dialog mfp-hide elementskit-team-popup team-popup-id-f32aea0\" id=\"ekit_team_modal_f32aea0_1467\" tabindex=\"-1\" role=\"dialog\" aria-modal=\"true\">\n\t\t\t\t<div class=\"modal-dialog modal-dialog-centered\" role=\"document\">\n\t\t\t\t\t<div class=\"modal-content\">\n\t\t\t\t\t\t<button type=\"button\" class=\"ekit-team-modal-close\">\n\t\t\t\t\t\t\t<svg aria-hidden=\"true\" class=\"e-font-icon-svg e-fas-times\" viewbox=\"0 0 352 512\" xmlns=\"http:\/\/www.w3.org\/2000\/svg\"><path d=\"M242.72 256l100.07-100.07c12.28-12.28 12.28-32.19 0-44.48l-22.24-22.24c-12.28-12.28-32.19-12.28-44.48 0L176 189.28 75.93 89.21c-12.28-12.28-32.19-12.28-44.48 0L9.21 111.45c-12.28 12.28-12.28 32.19 0 44.48L109.28 256 9.21 356.07c-12.28 12.28-12.28 32.19 0 44.48l22.24 22.24c12.28 12.28 32.2 12.28 44.48 0L176 322.72l100.07 100.07c12.28 12.28 32.2 12.28 44.48 0l22.24-22.24c12.28-12.28 12.28-32.19 0-44.48L242.72 256z\"><\/path><\/svg>\t\t\t\t\t\t<\/button>\n\n\t\t\t\t\t\t<div class=\"modal-body\">\n\t\t\t\t\t\t\t\t\t\t\t\t\t\t\t<div class=\"ekit-team-modal-img\">\n\t\t\t\t\t\t\t\t\t<img fetchpriority=\"high\" decoding=\"async\" width=\"957\" height=\"1024\" src=\"https:\/\/agustinosoala.org\/wp-content\/uploads\/2025\/11\/OALA-IMAGEN-EDIT-2-957x1024.png\" class=\"attachment-large size-large wp-image-1159\" alt=\"\" \/>\t\t\t\t\t\t\t\t<\/div>\n\t\t\t\t\t\t\t\n\t\t\t\t\t\t\t<div class=\"ekit-team-modal-info has-img\">\n\t\t\t\t\t\t\t\t<h2 class=\"ekit-team-modal-title\">Fr. Gioberty Calle Calle<\/h2>\n\t\t\t\t\t\t\t\t<p class=\"ekit-team-modal-position\">Responsable Actual del \u00c1rea<\/p>\n\n\t\t\t\t\t\t\t\t<div class=\"ekit-team-modal-content\">\n\t\t\t\t\t\t\t\t\tUn peque\u00f1o r\u00edo llamado Duden fluye junto a su casa y la abastece de lo necesario\t\t\t\t\t\t\t\t<\/div>\n\n\t\t\t\t\t\t\t\t\t\t\t\t\t\t\t\t\t<ul class=\"ekit-team-modal-list\">\n\t\t\t\t\t\t\t\t\t\t\t\t\t\t\t\t\t\t\t\t\t<li><strong>Tel\u00e9fono:<\/strong><a href=\"tel:+1 (859) 254-6589\">+1 (859) 254-6589<\/a><\/li>\n\t\t\t\t\t\t\t\t\t\t\n\t\t\t\t\t\t\t\t\t\t\t\t\t\t\t\t\t\t\t\t\t<li><strong>Correo electr\u00f3nico:<\/strong><a href=\"mailto:info@example.com\">info@example.com<\/a><\/li>\n\t\t\t\t\t\t\t\t\t\t\t\t\t\t\t\t\t\t\t<\/ul>\n\t\t\t\t\t\t\t\t\n\t\t\t\t\t\t\t\t<ul class=\"ekit-team-social-list\">\n\t\t\t<li class=\"elementor-repeater-item-b21e89d\">\n\t\t\t<a href=\"https:\/\/facebook.com\" aria-label=\"Facebook\">\n\t\t\t\t<i aria-hidden=\"true\" class=\"icon icon-facebook\"><\/i>\t\t\t<\/a>\n\t\t<\/li>\n\t\t\t<li class=\"elementor-repeater-item-09239ac\">\n\t\t\t<a href=\"https:\/\/facebook.com\" aria-label=\"Gmail\">\n\t\t\t\t<i aria-hidden=\"true\" class=\"icon icon-email\"><\/i>\t\t\t<\/a>\n\t\t<\/li>\n\t<\/ul>\n\t\t\t\t\t\t\t<\/div>\n\t\t\t\t\t\t<\/div>\n\t\t\t\t\t<\/div>\n\t\t\t\t<\/div>\n\t\t\t<\/div>\n\t\t\t\t<\/div>\t\t\t\t<\/div>\n\t\t\t\t<\/div>\n\t\t\t\t<\/div>\n\t\t\t\t\t<\/div>\n\t\t\t\t<\/div>\n\t\t\t\t<\/div>","protected":false},"excerpt":{"rendered":"<p>\u00abNos hiciste, Se\u00f1or, para ti, y nuestro coraz\u00f3n est\u00e1 inquieto hasta que descanse en ti\u00bb San Agust\u00edn. Confessiones (Confesiones), Libro I, cap. 1. Espiritualidad y Animaci\u00f3n Comunitaria Luz Agustiniana, un nuevo portal que nace en Bel\u00e9n &#8211; Diciembre 2025 Luz Agustiniana, un nuevo portal que nace en Bel\u00e9n &#8211; Presentaci\u00f3n Acta_Evento_Com_Animacion Video Agradecimiento Padre Proyecto Espiritualidad 2024 Desde la Comunidad hacia la Sinolidad Evaluaci\u00f3n 2023 CEAC Per\u00edodo 2019 &#8211; 2023 Proyecto Revitalizaci\u00f3n Tercera Etapa Ejercicios Espirituales 2021 Creyentes en Tiempos de Pandemia Ejercicios Espirituales 2020 La Vida Religiosa Agustina, un llamado constante a la comuni\u00f3n y profec\u00eda. Ejercicios Espirituales 2019 Ejercicios Espirituales 2019 Ejercicios Espirituales 2018 Ejercicios Espirituales 2018 Tiempos Fuertes 2018 Adviento 2018 San Agust\u00edn 2018 Retiro espiritual para el tiempo de Pascua 2018 Tiempos Fuertes Adviento 2017 Ejercicios Espirituales 2017 Ejercicios Espirituales 2017 Folleto 2\u00b0 Itinerario de Comuni\u00f3n y Servicio Folleto del Nuevo Itinerario de OALA 2\u00b0 Etapa Ejercicios Espirituales y retiros tiempos fuertes Retiro para tiempos fuertes. San Agust\u00edn 2017 Retiro para tiempos fuertes. Pascua 2017 Retiro para tiempos fuertes. Adviento 2016 Retiro para tiempos fuertes. San Agust\u00edn 2016 Retiro para tiempos fuertes. Pascua 2016 Retiro para tiempos fuertes. Adviento 2015 Ejercicos Espirituales 2016 Nuevo Itinerario de Comuni\u00f3n y Servicio Oraci\u00f3n Texto Esp\u00edritu Nuevo Etapas Carta del Secretario General Retiro tarde te am\u00e9 Conferencia P. General Gu\u00eda 1- Parte 1 Gu\u00eda 1-Parte 2 Gu\u00eda 2 Gu\u00eda 3 Gu\u00eda 4 Gu\u00eda 5 Gu\u00eda 6 Gu\u00eda 7 Gu\u00eda 8 Materiales para las Gu\u00edas Tesis Arturo Purcaro La Santidad Comunitaria Encuentro del Proyecto Hipona Buenos Aires 2007 Carta del Prior General Al Terminar el Proyecto Hipona Cr\u00f3nica: Encuentro del Proyecto Hipona Buenos Aires 2007 La Vida Religiosa en Am\u00e9rica Latina y el Caribe: Ignacio Madera Vargas Tercera Etapa: Coraz\u00f3n Nuevo Encuentro del Proyecto Hipona Sao Pablo Brasil 2003 Caminar desde Cristo Cr\u00f3nica encontro vida sempre nova Brasil 2003 Homil\u00eda Prior General Encuentro Vida Nueva Santa Fe de Bogot\u00e1, junio 2001 Preces Propuesta de vida y acci\u00f3n apost\u00f3lica de la circunscripci\u00f3n Gu\u00eda de estudio preparatorio para la Asamblea de obras y servicios de la circunscripci\u00f3n Gu\u00eda para la Asamblea: Visa Nueva para la circunscripci\u00f3n La planificaci\u00f3n comunitaria Niveles de acci\u00f3n Evaluaci\u00f3n fase A Proyecto Hipona:Coraz\u00f3n Nuevo Encuentro Esp\u00edritu Nuevo Lima, enero 1999 Cr\u00f3nica Discurso de apertura Breve Historia del Desarrollo del Proyecto de Revitalizaci\u00f3n de la Orden en Am\u00e9rica Latina El futuro de la Iglesia y de la VR Homilia de clausura Art\u00edculo de reflexi\u00f3n Guias de Accion para Animadores 1999 Documento C Guia para d\u00eda de retiro Elaboraci\u00f3n y verificaci\u00f3n de los contenidos del documento C Esquema para Documentos D-H Guia de trabajo D-H Gu\u00eda para el estudio de la comunidad Local Red de Relaciones Visita de Renovaci\u00f3n Contorno de la vida y actividad apost\u00f3lica de la circunscripci\u00f3n Contexto cultural de los destinatarios Hipona Coraz\u00f3n Nuevo 1996 Documento Hipona Coraz\u00f3n Nuevo 1996 Serie Azul N\u00b0 4 Ejercicios Espirituales 1994- 2003 Novena Ejercicios Espirituales 1994 Ejercicios Espirituales 1995 Ejercicios Espirituales 1996 Ejercicios Espirituales 1997 Ejercicios Espirituales 1998 Ejercicios Espirituales 1999 Ejercicios Espirituales 2000 Ejercicios Espirituales 2001 Ejercicios Espirituales 2002 Ejercicios Espirituales 2003 Retiros comunitarios 1994-2014 Retiro 2014 Retiro 2013 Retiro 2012-2 Retiro 2012-1 Retiro 2009 Retiro de Pascua 2007 Retiro de Agust\u00edn 2006 Retiro para las comunidades 2006 Retiro el desaf\u00edo de la Gran Uni\u00f3n 2005 Retiro 2004-1 Retiro 2004-2 Retiro Obendiencia y autoridad en la VR 2003 Guia retiro 2003 Guia retiro La comuni\u00f3n de bienes 2002 Sobre el proyecto de vida de la OSA EN Am\u00e9rica Latina Retiro 2001-1 Retiro 2001-2 Retiro 2000-1 Retiro 2000-2 Retiro San Agustin 1999 Retiro Pascua 1999 Retiro 1998-1 Retiro 1998-2 Retiro 1998-3 Retiro 1997-1 Retiro 1997-2 Retiro 1997-3 Retiro 1996 Retiro 1996-2 Retiro 1996-3 Retiro 1995 Retiro 1994 Conocoto 1993 &#8211; DOCUMENTO EL ESP\u00cdRITU DE CONOCOTO : El Espiritu de Conocoto 1993 &#8211; DESARROLLO DE CONOCOTO 1993 : Organizaci\u00f3n (Horario, liturgia, grupos), Circunscripciones, papel del animador Equema de Di\u00e1logo, l\u00edneas de acci\u00f3n, res\u00famen temores, esperanzas, res\u00famen trabajos en grupos Luces, priorizaci\u00f3n de las luces, Sombras Celebraci\u00f3n de Reconciliaci\u00f3n de esperanza y compromiso: N. Castellanos Proyecto de espiritualidad, manifiesto de los J\u00f3venes Mensaje de los Hermanos reunidos en Conocoto Cr\u00f3nica de Conocoto Homilia del Secretario General de OALA Carta del Prior General &#8211; ANTECEDENTES &#8211; PREPARATIVOS PARA CONOCOTO : Rese\u00f1a, Convocatoria, Objetivo del Encuentro Cuestionario sobre la presencia de la Orden en Am\u00e9rica Latina Resultados de la Encuesta sobre la Presencia de los Agustinos en A.L Indicaciones pr\u00e1cticas sobre el encuentro de Conocoto Carta del Padre Provincial de Ecuador a los Superiores Mayores &#8211; CONFERENCIAS Y BIBLIOGRAF\u00cdA REFERENTE : Indice de Conferencias y Bibliograf\u00eda de Referencia Estructura del Documento de Santo Domingo Luces y sombras de la Iglesia AL Nueva Evangelizaci\u00f3n:Antonio Gonzalez La Vida Religiosa en Santo Domingo: Victor Codina Santo Domingo mas que un documento La Nueva Evangelizaci\u00f3n, Origen y desarrollo Miguel Angel Keller Nuevos Rostros en Santo Domingo: Victor Codina Para Comprender Santo Domingo: Colectivo de Te\u00f3logos Los caminos desde Santo Domingo hasta nosotros: Gast\u00f3n Garatea Una Agenda: la IV Conferencia de Sto Domingo: Gustavo Gutierrez Reflexiones Metodol\u00f3gicas en Sto Domingo: Luis G. del Valle Partir de la Doctrina o la Realidad: Sebastian Mier Fundamentos Biblicos de la inculturaci\u00f3n del Evangelio La inculturaci\u00f3n en el Documento de Sto Domingo: Scanone La realidad, Santo Domingo y Juan Pablo II: Chamberlain Una Iglesia promotora de la integraci\u00f3n en Am\u00e9rica Latina: Gonzalez Dorado Una Celebrai\u00f3n alternativa del V Centenario de la Evangelizaci\u00f3n de A.L: Gonzalez Dorado Fr. Gioberty Calle Calle Responsable Actual del \u00c1rea Fr. Gioberty Calle Calle Responsable Actual del \u00c1rea Un peque\u00f1o r\u00edo llamado Duden fluye junto a su casa y la abastece de lo necesario Tel\u00e9fono:+1 (859) 254-6589 Correo electr\u00f3nico:info@example.com<\/p>","protected":false},"author":1,"featured_media":0,"comment_status":"closed","ping_status":"closed","sticky":false,"template":"elementor_header_footer","format":"standard","meta":{"inline_featured_image":false,"postBodyCss":"","postBodyMargin":[],"postBodyPadding":[],"postBodyBackground":{"backgroundType":"classic","gradient":""},"footnotes":""},"categories":[32],"tags":[37,36,48,49],"class_list":["post-1467","post","type-post","status-publish","format-standard","hentry","category-areas","tag-agustinos","tag-agustinos-latinoamerica","tag-animacion-continental-oala","tag-animacion-continental-organizacion-de-los-agustinos-de-america-latina"],"yoast_head":"<!-- This site is optimized with the Yoast SEO plugin v27.5 - https:\/\/yoast.com\/product\/yoast-seo-wordpress\/ -->\n<title>Equipo de Animaci\u00f3n Continental - OALA - Organizaci\u00f3n de los Agustinos de Am\u00e9rica Latina<\/title>\n<meta name=\"robots\" content=\"index, follow, max-snippet:-1, max-image-preview:large, max-video-preview:-1\" \/>\n<link rel=\"canonical\" href=\"https:\/\/agustinosoala.org\/pt\/equipo-animacion-continental\/\" \/>\n<meta property=\"og:locale\" content=\"pt_BR\" \/>\n<meta property=\"og:type\" content=\"article\" \/>\n<meta property=\"og:title\" content=\"Equipo de Animaci\u00f3n Continental - OALA - Organizaci\u00f3n de los Agustinos de Am\u00e9rica Latina\" \/>\n<meta property=\"og:description\" content=\"\u00abNos hiciste, Se\u00f1or, para ti, y nuestro coraz\u00f3n est\u00e1 inquieto hasta que descanse en ti\u00bb San Agust\u00edn. Confessiones (Confesiones), Libro I, cap. 1. Espiritualidad y Animaci\u00f3n Comunitaria Luz Agustiniana, un nuevo portal que nace en Bel\u00e9n &#8211; Diciembre 2025 Luz Agustiniana, un nuevo portal que nace en Bel\u00e9n &#8211; Presentaci\u00f3n Acta_Evento_Com_Animacion Video Agradecimiento Padre Proyecto Espiritualidad 2024 Desde la Comunidad hacia la Sinolidad Evaluaci\u00f3n 2023 CEAC Per\u00edodo 2019 &#8211; 2023 Proyecto Revitalizaci\u00f3n Tercera Etapa Ejercicios Espirituales 2021 Creyentes en Tiempos de Pandemia Ejercicios Espirituales 2020 La Vida Religiosa Agustina, un llamado constante a la comuni\u00f3n y profec\u00eda. Ejercicios Espirituales 2019 Ejercicios Espirituales 2019 Ejercicios Espirituales 2018 Ejercicios Espirituales 2018 Tiempos Fuertes 2018 Adviento 2018 San Agust\u00edn 2018 Retiro espiritual para el tiempo de Pascua 2018 Tiempos Fuertes Adviento 2017 Ejercicios Espirituales 2017 Ejercicios Espirituales 2017 Folleto 2\u00b0 Itinerario de Comuni\u00f3n y Servicio Folleto del Nuevo Itinerario de OALA 2\u00b0 Etapa Ejercicios Espirituales y retiros tiempos fuertes Retiro para tiempos fuertes. San Agust\u00edn 2017 Retiro para tiempos fuertes. Pascua 2017 Retiro para tiempos fuertes. Adviento 2016 Retiro para tiempos fuertes. San Agust\u00edn 2016 Retiro para tiempos fuertes. Pascua 2016 Retiro para tiempos fuertes. Adviento 2015 Ejercicos Espirituales 2016 Nuevo Itinerario de Comuni\u00f3n y Servicio Oraci\u00f3n Texto Esp\u00edritu Nuevo Etapas Carta del Secretario General Retiro tarde te am\u00e9 Conferencia P. General Gu\u00eda 1- Parte 1 Gu\u00eda 1-Parte 2 Gu\u00eda 2 Gu\u00eda 3 Gu\u00eda 4 Gu\u00eda 5 Gu\u00eda 6 Gu\u00eda 7 Gu\u00eda 8 Materiales para las Gu\u00edas Tesis Arturo Purcaro La Santidad Comunitaria Encuentro del Proyecto Hipona Buenos Aires 2007 Carta del Prior General Al Terminar el Proyecto Hipona Cr\u00f3nica: Encuentro del Proyecto Hipona Buenos Aires 2007 La Vida Religiosa en Am\u00e9rica Latina y el Caribe: Ignacio Madera Vargas Tercera Etapa: Coraz\u00f3n Nuevo Encuentro del Proyecto Hipona Sao Pablo Brasil 2003 Caminar desde Cristo Cr\u00f3nica encontro vida sempre nova Brasil 2003 Homil\u00eda Prior General Encuentro Vida Nueva Santa Fe de Bogot\u00e1, junio 2001 Preces Propuesta de vida y acci\u00f3n apost\u00f3lica de la circunscripci\u00f3n Gu\u00eda de estudio preparatorio para la Asamblea de obras y servicios de la circunscripci\u00f3n Gu\u00eda para la Asamblea: Visa Nueva para la circunscripci\u00f3n La planificaci\u00f3n comunitaria Niveles de acci\u00f3n Evaluaci\u00f3n fase A Proyecto Hipona:Coraz\u00f3n Nuevo Encuentro Esp\u00edritu Nuevo Lima, enero 1999 Cr\u00f3nica Discurso de apertura Breve Historia del Desarrollo del Proyecto de Revitalizaci\u00f3n de la Orden en Am\u00e9rica Latina El futuro de la Iglesia y de la VR Homilia de clausura Art\u00edculo de reflexi\u00f3n Guias de Accion para Animadores 1999 Documento C Guia para d\u00eda de retiro Elaboraci\u00f3n y verificaci\u00f3n de los contenidos del documento C Esquema para Documentos D-H Guia de trabajo D-H Gu\u00eda para el estudio de la comunidad Local Red de Relaciones Visita de Renovaci\u00f3n Contorno de la vida y actividad apost\u00f3lica de la circunscripci\u00f3n Contexto cultural de los destinatarios Hipona Coraz\u00f3n Nuevo 1996 Documento Hipona Coraz\u00f3n Nuevo 1996 Serie Azul N\u00b0 4 Ejercicios Espirituales 1994- 2003 Novena Ejercicios Espirituales 1994 Ejercicios Espirituales 1995 Ejercicios Espirituales 1996 Ejercicios Espirituales 1997 Ejercicios Espirituales 1998 Ejercicios Espirituales 1999 Ejercicios Espirituales 2000 Ejercicios Espirituales 2001 Ejercicios Espirituales 2002 Ejercicios Espirituales 2003 Retiros comunitarios 1994-2014 Retiro 2014 Retiro 2013 Retiro 2012-2 Retiro 2012-1 Retiro 2009 Retiro de Pascua 2007 Retiro de Agust\u00edn 2006 Retiro para las comunidades 2006 Retiro el desaf\u00edo de la Gran Uni\u00f3n 2005 Retiro 2004-1 Retiro 2004-2 Retiro Obendiencia y autoridad en la VR 2003 Guia retiro 2003 Guia retiro La comuni\u00f3n de bienes 2002 Sobre el proyecto de vida de la OSA EN Am\u00e9rica Latina Retiro 2001-1 Retiro 2001-2 Retiro 2000-1 Retiro 2000-2 Retiro San Agustin 1999 Retiro Pascua 1999 Retiro 1998-1 Retiro 1998-2 Retiro 1998-3 Retiro 1997-1 Retiro 1997-2 Retiro 1997-3 Retiro 1996 Retiro 1996-2 Retiro 1996-3 Retiro 1995 Retiro 1994 Conocoto 1993 &#8211; DOCUMENTO EL ESP\u00cdRITU DE CONOCOTO : El Espiritu de Conocoto 1993 &#8211; DESARROLLO DE CONOCOTO 1993 : Organizaci\u00f3n (Horario, liturgia, grupos), Circunscripciones, papel del animador Equema de Di\u00e1logo, l\u00edneas de acci\u00f3n, res\u00famen temores, esperanzas, res\u00famen trabajos en grupos Luces, priorizaci\u00f3n de las luces, Sombras Celebraci\u00f3n de Reconciliaci\u00f3n de esperanza y compromiso: N. Castellanos Proyecto de espiritualidad, manifiesto de los J\u00f3venes Mensaje de los Hermanos reunidos en Conocoto Cr\u00f3nica de Conocoto Homilia del Secretario General de OALA Carta del Prior General &#8211; ANTECEDENTES &#8211; PREPARATIVOS PARA CONOCOTO : Rese\u00f1a, Convocatoria, Objetivo del Encuentro Cuestionario sobre la presencia de la Orden en Am\u00e9rica Latina Resultados de la Encuesta sobre la Presencia de los Agustinos en A.L Indicaciones pr\u00e1cticas sobre el encuentro de Conocoto Carta del Padre Provincial de Ecuador a los Superiores Mayores &#8211; CONFERENCIAS Y BIBLIOGRAF\u00cdA REFERENTE : Indice de Conferencias y Bibliograf\u00eda de Referencia Estructura del Documento de Santo Domingo Luces y sombras de la Iglesia AL Nueva Evangelizaci\u00f3n:Antonio Gonzalez La Vida Religiosa en Santo Domingo: Victor Codina Santo Domingo mas que un documento La Nueva Evangelizaci\u00f3n, Origen y desarrollo Miguel Angel Keller Nuevos Rostros en Santo Domingo: Victor Codina Para Comprender Santo Domingo: Colectivo de Te\u00f3logos Los caminos desde Santo Domingo hasta nosotros: Gast\u00f3n Garatea Una Agenda: la IV Conferencia de Sto Domingo: Gustavo Gutierrez Reflexiones Metodol\u00f3gicas en Sto Domingo: Luis G. del Valle Partir de la Doctrina o la Realidad: Sebastian Mier Fundamentos Biblicos de la inculturaci\u00f3n del Evangelio La inculturaci\u00f3n en el Documento de Sto Domingo: Scanone La realidad, Santo Domingo y Juan Pablo II: Chamberlain Una Iglesia promotora de la integraci\u00f3n en Am\u00e9rica Latina: Gonzalez Dorado Una Celebrai\u00f3n alternativa del V Centenario de la Evangelizaci\u00f3n de A.L: Gonzalez Dorado Fr. Gioberty Calle Calle Responsable Actual del \u00c1rea Fr. Gioberty Calle Calle Responsable Actual del \u00c1rea Un peque\u00f1o r\u00edo llamado Duden fluye junto a su casa y la abastece de lo necesario Tel\u00e9fono:+1 (859) 254-6589 Correo electr\u00f3nico:info@example.com\" \/>\n<meta property=\"og:url\" content=\"https:\/\/agustinosoala.org\/pt\/equipo-animacion-continental\/\" \/>\n<meta property=\"og:site_name\" content=\"OALA - Organizaci\u00f3n de los Agustinos de Am\u00e9rica Latina\" \/>\n<meta property=\"article:publisher\" content=\"https:\/\/www.facebook.com\/oalagustinos\" \/>\n<meta property=\"article:author\" content=\"https:\/\/www.facebook.com\/EdgarLizardo3006\/\" \/>\n<meta property=\"article:published_time\" content=\"2025-11-15T17:34:36+00:00\" \/>\n<meta property=\"article:modified_time\" content=\"2025-12-14T02:49:49+00:00\" \/>\n<meta property=\"og:image\" content=\"https:\/\/agustinosoala.org\/wp-content\/uploads\/2025\/11\/OALA-IMAGEN-EDIT-2-957x1024.png\" \/>\n<meta name=\"author\" content=\"Edgar F.A\" \/>\n<meta name=\"twitter:card\" content=\"summary_large_image\" \/>\n<meta name=\"twitter:creator\" content=\"@https:\/\/x.com\/EDGAR_LIZARDO30\" \/>\n<meta name=\"twitter:label1\" content=\"Written by\" \/>\n\t<meta name=\"twitter:data1\" content=\"Edgar F.A\" \/>\n\t<meta name=\"twitter:label2\" content=\"Est. reading time\" \/>\n\t<meta name=\"twitter:data2\" content=\"1 minuto\" \/>\n<script type=\"application\/ld+json\" class=\"yoast-schema-graph\">{\"@context\":\"https:\\\/\\\/schema.org\",\"@graph\":[{\"@type\":\"Article\",\"@id\":\"https:\\\/\\\/agustinosoala.org\\\/equipo-animacion-continental\\\/#article\",\"isPartOf\":{\"@id\":\"https:\\\/\\\/agustinosoala.org\\\/equipo-animacion-continental\\\/\"},\"author\":{\"name\":\"Edgar F.A\",\"@id\":\"https:\\\/\\\/agustinosoala.org\\\/#\\\/schema\\\/person\\\/178932e184c8d3466b6667113d199936\"},\"headline\":\"Equipo de Animaci\u00f3n Continental\",\"datePublished\":\"2025-11-15T17:34:36+00:00\",\"dateModified\":\"2025-12-14T02:49:49+00:00\",\"mainEntityOfPage\":{\"@id\":\"https:\\\/\\\/agustinosoala.org\\\/equipo-animacion-continental\\\/\"},\"wordCount\":969,\"publisher\":{\"@id\":\"https:\\\/\\\/agustinosoala.org\\\/#organization\"},\"image\":{\"@id\":\"https:\\\/\\\/agustinosoala.org\\\/equipo-animacion-continental\\\/#primaryimage\"},\"thumbnailUrl\":\"https:\\\/\\\/agustinosoala.org\\\/wp-content\\\/uploads\\\/2025\\\/11\\\/OALA-IMAGEN-EDIT-2-957x1024.png\",\"keywords\":[\"Agustinos\",\"Agustinos Latinoamerica\",\"Animacion Continental Oala\",\"Animacion Continental Organizaci\u00f3n de los Agustinos de Am\u00e9rica Latina\"],\"articleSection\":[\"Areas\"],\"inLanguage\":\"pt-BR\"},{\"@type\":\"WebPage\",\"@id\":\"https:\\\/\\\/agustinosoala.org\\\/equipo-animacion-continental\\\/\",\"url\":\"https:\\\/\\\/agustinosoala.org\\\/equipo-animacion-continental\\\/\",\"name\":\"Equipo de Animaci\u00f3n Continental - OALA - Organizaci\u00f3n de los Agustinos de Am\u00e9rica Latina\",\"isPartOf\":{\"@id\":\"https:\\\/\\\/agustinosoala.org\\\/#website\"},\"primaryImageOfPage\":{\"@id\":\"https:\\\/\\\/agustinosoala.org\\\/equipo-animacion-continental\\\/#primaryimage\"},\"image\":{\"@id\":\"https:\\\/\\\/agustinosoala.org\\\/equipo-animacion-continental\\\/#primaryimage\"},\"thumbnailUrl\":\"https:\\\/\\\/agustinosoala.org\\\/wp-content\\\/uploads\\\/2025\\\/11\\\/OALA-IMAGEN-EDIT-2-957x1024.png\",\"datePublished\":\"2025-11-15T17:34:36+00:00\",\"dateModified\":\"2025-12-14T02:49:49+00:00\",\"breadcrumb\":{\"@id\":\"https:\\\/\\\/agustinosoala.org\\\/equipo-animacion-continental\\\/#breadcrumb\"},\"inLanguage\":\"pt-BR\",\"potentialAction\":[{\"@type\":\"ReadAction\",\"target\":[\"https:\\\/\\\/agustinosoala.org\\\/equipo-animacion-continental\\\/\"]}]},{\"@type\":\"ImageObject\",\"inLanguage\":\"pt-BR\",\"@id\":\"https:\\\/\\\/agustinosoala.org\\\/equipo-animacion-continental\\\/#primaryimage\",\"url\":\"https:\\\/\\\/agustinosoala.org\\\/wp-content\\\/uploads\\\/2025\\\/11\\\/OALA-IMAGEN-EDIT-2-957x1024.png\",\"contentUrl\":\"https:\\\/\\\/agustinosoala.org\\\/wp-content\\\/uploads\\\/2025\\\/11\\\/OALA-IMAGEN-EDIT-2-957x1024.png\"},{\"@type\":\"BreadcrumbList\",\"@id\":\"https:\\\/\\\/agustinosoala.org\\\/equipo-animacion-continental\\\/#breadcrumb\",\"itemListElement\":[{\"@type\":\"ListItem\",\"position\":1,\"name\":\"Portada\",\"item\":\"https:\\\/\\\/agustinosoala.org\\\/\"},{\"@type\":\"ListItem\",\"position\":2,\"name\":\"Equipo de Animaci\u00f3n Continental\"}]},{\"@type\":\"WebSite\",\"@id\":\"https:\\\/\\\/agustinosoala.org\\\/#website\",\"url\":\"https:\\\/\\\/agustinosoala.org\\\/\",\"name\":\"Organizaci\u00f3n de los Agustinos de Am\u00e9rica Latina - OALA\",\"description\":\"&quot;Comunidad agustiniana comprometida con la fe, la misi\u00f3n y el servicio en latinoamerica.&quot;\",\"publisher\":{\"@id\":\"https:\\\/\\\/agustinosoala.org\\\/#organization\"},\"alternateName\":\"OALA\",\"potentialAction\":[{\"@type\":\"SearchAction\",\"target\":{\"@type\":\"EntryPoint\",\"urlTemplate\":\"https:\\\/\\\/agustinosoala.org\\\/?s={search_term_string}\"},\"query-input\":{\"@type\":\"PropertyValueSpecification\",\"valueRequired\":true,\"valueName\":\"search_term_string\"}}],\"inLanguage\":\"pt-BR\"},{\"@type\":\"Organization\",\"@id\":\"https:\\\/\\\/agustinosoala.org\\\/#organization\",\"name\":\"Organizaci\u00f3n de los Agustinos de Am\u00e9rica Latina - OALA\",\"alternateName\":\"OALA\",\"url\":\"https:\\\/\\\/agustinosoala.org\\\/\",\"logo\":{\"@type\":\"ImageObject\",\"inLanguage\":\"pt-BR\",\"@id\":\"https:\\\/\\\/agustinosoala.org\\\/#\\\/schema\\\/logo\\\/image\\\/\",\"url\":\"https:\\\/\\\/agustinosoala.org\\\/wp-content\\\/uploads\\\/2025\\\/09\\\/logo-oala.webp\",\"contentUrl\":\"https:\\\/\\\/agustinosoala.org\\\/wp-content\\\/uploads\\\/2025\\\/09\\\/logo-oala.webp\",\"width\":70,\"height\":70,\"caption\":\"Organizaci\u00f3n de los Agustinos de Am\u00e9rica Latina - OALA\"},\"image\":{\"@id\":\"https:\\\/\\\/agustinosoala.org\\\/#\\\/schema\\\/logo\\\/image\\\/\"},\"sameAs\":[\"https:\\\/\\\/www.facebook.com\\\/oalagustinos\",\"https:\\\/\\\/www.youtube.com\\\/@oalagustinos\",\"https:\\\/\\\/www.instagram.com\\\/oalagustinos_\\\/\"]},{\"@type\":\"Person\",\"@id\":\"https:\\\/\\\/agustinosoala.org\\\/#\\\/schema\\\/person\\\/178932e184c8d3466b6667113d199936\",\"name\":\"Edgar F.A\",\"image\":{\"@type\":\"ImageObject\",\"inLanguage\":\"pt-BR\",\"@id\":\"https:\\\/\\\/secure.gravatar.com\\\/avatar\\\/6c9a108d59d32f65fd46cd81d74f68e9d3b5f426c259d6576a17c714edb363b6?s=96&d=mm&r=g\",\"url\":\"https:\\\/\\\/secure.gravatar.com\\\/avatar\\\/6c9a108d59d32f65fd46cd81d74f68e9d3b5f426c259d6576a17c714edb363b6?s=96&d=mm&r=g\",\"contentUrl\":\"https:\\\/\\\/secure.gravatar.com\\\/avatar\\\/6c9a108d59d32f65fd46cd81d74f68e9d3b5f426c259d6576a17c714edb363b6?s=96&d=mm&r=g\",\"caption\":\"Edgar F.A\"},\"description\":\"Ingeniero de sistemas\",\"sameAs\":[\"https:\\\/\\\/agustinosoala.org\",\"https:\\\/\\\/www.facebook.com\\\/EdgarLizardo3006\\\/\",\"https:\\\/\\\/x.com\\\/https:\\\/\\\/x.com\\\/EDGAR_LIZARDO30\"]}]}<\/script>\n<!-- \/ Yoast SEO plugin. -->","yoast_head_json":{"title":"Equipo de Animaci\u00f3n Continental - OALA - Organizaci\u00f3n de los Agustinos de Am\u00e9rica Latina","robots":{"index":"index","follow":"follow","max-snippet":"max-snippet:-1","max-image-preview":"max-image-preview:large","max-video-preview":"max-video-preview:-1"},"canonical":"https:\/\/agustinosoala.org\/pt\/equipo-animacion-continental\/","og_locale":"pt_BR","og_type":"article","og_title":"Equipo de Animaci\u00f3n Continental - OALA - Organizaci\u00f3n de los Agustinos de Am\u00e9rica Latina","og_description":"\u00abNos hiciste, Se\u00f1or, para ti, y nuestro coraz\u00f3n est\u00e1 inquieto hasta que descanse en ti\u00bb San Agust\u00edn. Confessiones (Confesiones), Libro I, cap. 1. Espiritualidad y Animaci\u00f3n Comunitaria Luz Agustiniana, un nuevo portal que nace en Bel\u00e9n &#8211; Diciembre 2025 Luz Agustiniana, un nuevo portal que nace en Bel\u00e9n &#8211; Presentaci\u00f3n Acta_Evento_Com_Animacion Video Agradecimiento Padre Proyecto Espiritualidad 2024 Desde la Comunidad hacia la Sinolidad Evaluaci\u00f3n 2023 CEAC Per\u00edodo 2019 &#8211; 2023 Proyecto Revitalizaci\u00f3n Tercera Etapa Ejercicios Espirituales 2021 Creyentes en Tiempos de Pandemia Ejercicios Espirituales 2020 La Vida Religiosa Agustina, un llamado constante a la comuni\u00f3n y profec\u00eda. Ejercicios Espirituales 2019 Ejercicios Espirituales 2019 Ejercicios Espirituales 2018 Ejercicios Espirituales 2018 Tiempos Fuertes 2018 Adviento 2018 San Agust\u00edn 2018 Retiro espiritual para el tiempo de Pascua 2018 Tiempos Fuertes Adviento 2017 Ejercicios Espirituales 2017 Ejercicios Espirituales 2017 Folleto 2\u00b0 Itinerario de Comuni\u00f3n y Servicio Folleto del Nuevo Itinerario de OALA 2\u00b0 Etapa Ejercicios Espirituales y retiros tiempos fuertes Retiro para tiempos fuertes. San Agust\u00edn 2017 Retiro para tiempos fuertes. Pascua 2017 Retiro para tiempos fuertes. Adviento 2016 Retiro para tiempos fuertes. San Agust\u00edn 2016 Retiro para tiempos fuertes. Pascua 2016 Retiro para tiempos fuertes. Adviento 2015 Ejercicos Espirituales 2016 Nuevo Itinerario de Comuni\u00f3n y Servicio Oraci\u00f3n Texto Esp\u00edritu Nuevo Etapas Carta del Secretario General Retiro tarde te am\u00e9 Conferencia P. General Gu\u00eda 1- Parte 1 Gu\u00eda 1-Parte 2 Gu\u00eda 2 Gu\u00eda 3 Gu\u00eda 4 Gu\u00eda 5 Gu\u00eda 6 Gu\u00eda 7 Gu\u00eda 8 Materiales para las Gu\u00edas Tesis Arturo Purcaro La Santidad Comunitaria Encuentro del Proyecto Hipona Buenos Aires 2007 Carta del Prior General Al Terminar el Proyecto Hipona Cr\u00f3nica: Encuentro del Proyecto Hipona Buenos Aires 2007 La Vida Religiosa en Am\u00e9rica Latina y el Caribe: Ignacio Madera Vargas Tercera Etapa: Coraz\u00f3n Nuevo Encuentro del Proyecto Hipona Sao Pablo Brasil 2003 Caminar desde Cristo Cr\u00f3nica encontro vida sempre nova Brasil 2003 Homil\u00eda Prior General Encuentro Vida Nueva Santa Fe de Bogot\u00e1, junio 2001 Preces Propuesta de vida y acci\u00f3n apost\u00f3lica de la circunscripci\u00f3n Gu\u00eda de estudio preparatorio para la Asamblea de obras y servicios de la circunscripci\u00f3n Gu\u00eda para la Asamblea: Visa Nueva para la circunscripci\u00f3n La planificaci\u00f3n comunitaria Niveles de acci\u00f3n Evaluaci\u00f3n fase A Proyecto Hipona:Coraz\u00f3n Nuevo Encuentro Esp\u00edritu Nuevo Lima, enero 1999 Cr\u00f3nica Discurso de apertura Breve Historia del Desarrollo del Proyecto de Revitalizaci\u00f3n de la Orden en Am\u00e9rica Latina El futuro de la Iglesia y de la VR Homilia de clausura Art\u00edculo de reflexi\u00f3n Guias de Accion para Animadores 1999 Documento C Guia para d\u00eda de retiro Elaboraci\u00f3n y verificaci\u00f3n de los contenidos del documento C Esquema para Documentos D-H Guia de trabajo D-H Gu\u00eda para el estudio de la comunidad Local Red de Relaciones Visita de Renovaci\u00f3n Contorno de la vida y actividad apost\u00f3lica de la circunscripci\u00f3n Contexto cultural de los destinatarios Hipona Coraz\u00f3n Nuevo 1996 Documento Hipona Coraz\u00f3n Nuevo 1996 Serie Azul N\u00b0 4 Ejercicios Espirituales 1994- 2003 Novena Ejercicios Espirituales 1994 Ejercicios Espirituales 1995 Ejercicios Espirituales 1996 Ejercicios Espirituales 1997 Ejercicios Espirituales 1998 Ejercicios Espirituales 1999 Ejercicios Espirituales 2000 Ejercicios Espirituales 2001 Ejercicios Espirituales 2002 Ejercicios Espirituales 2003 Retiros comunitarios 1994-2014 Retiro 2014 Retiro 2013 Retiro 2012-2 Retiro 2012-1 Retiro 2009 Retiro de Pascua 2007 Retiro de Agust\u00edn 2006 Retiro para las comunidades 2006 Retiro el desaf\u00edo de la Gran Uni\u00f3n 2005 Retiro 2004-1 Retiro 2004-2 Retiro Obendiencia y autoridad en la VR 2003 Guia retiro 2003 Guia retiro La comuni\u00f3n de bienes 2002 Sobre el proyecto de vida de la OSA EN Am\u00e9rica Latina Retiro 2001-1 Retiro 2001-2 Retiro 2000-1 Retiro 2000-2 Retiro San Agustin 1999 Retiro Pascua 1999 Retiro 1998-1 Retiro 1998-2 Retiro 1998-3 Retiro 1997-1 Retiro 1997-2 Retiro 1997-3 Retiro 1996 Retiro 1996-2 Retiro 1996-3 Retiro 1995 Retiro 1994 Conocoto 1993 &#8211; DOCUMENTO EL ESP\u00cdRITU DE CONOCOTO : El Espiritu de Conocoto 1993 &#8211; DESARROLLO DE CONOCOTO 1993 : Organizaci\u00f3n (Horario, liturgia, grupos), Circunscripciones, papel del animador Equema de Di\u00e1logo, l\u00edneas de acci\u00f3n, res\u00famen temores, esperanzas, res\u00famen trabajos en grupos Luces, priorizaci\u00f3n de las luces, Sombras Celebraci\u00f3n de Reconciliaci\u00f3n de esperanza y compromiso: N. Castellanos Proyecto de espiritualidad, manifiesto de los J\u00f3venes Mensaje de los Hermanos reunidos en Conocoto Cr\u00f3nica de Conocoto Homilia del Secretario General de OALA Carta del Prior General &#8211; ANTECEDENTES &#8211; PREPARATIVOS PARA CONOCOTO : Rese\u00f1a, Convocatoria, Objetivo del Encuentro Cuestionario sobre la presencia de la Orden en Am\u00e9rica Latina Resultados de la Encuesta sobre la Presencia de los Agustinos en A.L Indicaciones pr\u00e1cticas sobre el encuentro de Conocoto Carta del Padre Provincial de Ecuador a los Superiores Mayores &#8211; CONFERENCIAS Y BIBLIOGRAF\u00cdA REFERENTE : Indice de Conferencias y Bibliograf\u00eda de Referencia Estructura del Documento de Santo Domingo Luces y sombras de la Iglesia AL Nueva Evangelizaci\u00f3n:Antonio Gonzalez La Vida Religiosa en Santo Domingo: Victor Codina Santo Domingo mas que un documento La Nueva Evangelizaci\u00f3n, Origen y desarrollo Miguel Angel Keller Nuevos Rostros en Santo Domingo: Victor Codina Para Comprender Santo Domingo: Colectivo de Te\u00f3logos Los caminos desde Santo Domingo hasta nosotros: Gast\u00f3n Garatea Una Agenda: la IV Conferencia de Sto Domingo: Gustavo Gutierrez Reflexiones Metodol\u00f3gicas en Sto Domingo: Luis G. del Valle Partir de la Doctrina o la Realidad: Sebastian Mier Fundamentos Biblicos de la inculturaci\u00f3n del Evangelio La inculturaci\u00f3n en el Documento de Sto Domingo: Scanone La realidad, Santo Domingo y Juan Pablo II: Chamberlain Una Iglesia promotora de la integraci\u00f3n en Am\u00e9rica Latina: Gonzalez Dorado Una Celebrai\u00f3n alternativa del V Centenario de la Evangelizaci\u00f3n de A.L: Gonzalez Dorado Fr. Gioberty Calle Calle Responsable Actual del \u00c1rea Fr. Gioberty Calle Calle Responsable Actual del \u00c1rea Un peque\u00f1o r\u00edo llamado Duden fluye junto a su casa y la abastece de lo necesario Tel\u00e9fono:+1 (859) 254-6589 Correo electr\u00f3nico:info@example.com","og_url":"https:\/\/agustinosoala.org\/pt\/equipo-animacion-continental\/","og_site_name":"OALA - Organizaci\u00f3n de los Agustinos de Am\u00e9rica Latina","article_publisher":"https:\/\/www.facebook.com\/oalagustinos","article_author":"https:\/\/www.facebook.com\/EdgarLizardo3006\/","article_published_time":"2025-11-15T17:34:36+00:00","article_modified_time":"2025-12-14T02:49:49+00:00","og_image":[{"url":"https:\/\/agustinosoala.org\/wp-content\/uploads\/2025\/11\/OALA-IMAGEN-EDIT-2-957x1024.png","type":"","width":"","height":""}],"author":"Edgar F.A","twitter_card":"summary_large_image","twitter_creator":"@https:\/\/x.com\/EDGAR_LIZARDO30","twitter_misc":{"Written by":"Edgar F.A","Est. reading time":"1 minuto"},"schema":{"@context":"https:\/\/schema.org","@graph":[{"@type":"Article","@id":"https:\/\/agustinosoala.org\/equipo-animacion-continental\/#article","isPartOf":{"@id":"https:\/\/agustinosoala.org\/equipo-animacion-continental\/"},"author":{"name":"Edgar F.A","@id":"https:\/\/agustinosoala.org\/#\/schema\/person\/178932e184c8d3466b6667113d199936"},"headline":"Equipo de Animaci\u00f3n Continental","datePublished":"2025-11-15T17:34:36+00:00","dateModified":"2025-12-14T02:49:49+00:00","mainEntityOfPage":{"@id":"https:\/\/agustinosoala.org\/equipo-animacion-continental\/"},"wordCount":969,"publisher":{"@id":"https:\/\/agustinosoala.org\/#organization"},"image":{"@id":"https:\/\/agustinosoala.org\/equipo-animacion-continental\/#primaryimage"},"thumbnailUrl":"https:\/\/agustinosoala.org\/wp-content\/uploads\/2025\/11\/OALA-IMAGEN-EDIT-2-957x1024.png","keywords":["Agustinos","Agustinos Latinoamerica","Animacion Continental Oala","Animacion Continental Organizaci\u00f3n de los Agustinos de Am\u00e9rica Latina"],"articleSection":["Areas"],"inLanguage":"pt-BR"},{"@type":"WebPage","@id":"https:\/\/agustinosoala.org\/equipo-animacion-continental\/","url":"https:\/\/agustinosoala.org\/equipo-animacion-continental\/","name":"Equipo de Animaci\u00f3n Continental - OALA - Organizaci\u00f3n de los Agustinos de Am\u00e9rica Latina","isPartOf":{"@id":"https:\/\/agustinosoala.org\/#website"},"primaryImageOfPage":{"@id":"https:\/\/agustinosoala.org\/equipo-animacion-continental\/#primaryimage"},"image":{"@id":"https:\/\/agustinosoala.org\/equipo-animacion-continental\/#primaryimage"},"thumbnailUrl":"https:\/\/agustinosoala.org\/wp-content\/uploads\/2025\/11\/OALA-IMAGEN-EDIT-2-957x1024.png","datePublished":"2025-11-15T17:34:36+00:00","dateModified":"2025-12-14T02:49:49+00:00","breadcrumb":{"@id":"https:\/\/agustinosoala.org\/equipo-animacion-continental\/#breadcrumb"},"inLanguage":"pt-BR","potentialAction":[{"@type":"ReadAction","target":["https:\/\/agustinosoala.org\/equipo-animacion-continental\/"]}]},{"@type":"ImageObject","inLanguage":"pt-BR","@id":"https:\/\/agustinosoala.org\/equipo-animacion-continental\/#primaryimage","url":"https:\/\/agustinosoala.org\/wp-content\/uploads\/2025\/11\/OALA-IMAGEN-EDIT-2-957x1024.png","contentUrl":"https:\/\/agustinosoala.org\/wp-content\/uploads\/2025\/11\/OALA-IMAGEN-EDIT-2-957x1024.png"},{"@type":"BreadcrumbList","@id":"https:\/\/agustinosoala.org\/equipo-animacion-continental\/#breadcrumb","itemListElement":[{"@type":"ListItem","position":1,"name":"Portada","item":"https:\/\/agustinosoala.org\/"},{"@type":"ListItem","position":2,"name":"Equipo de Animaci\u00f3n Continental"}]},{"@type":"WebSite","@id":"https:\/\/agustinosoala.org\/#website","url":"https:\/\/agustinosoala.org\/","name":"Organizaci\u00f3n de los Agustinos de Am\u00e9rica Latina - OALA","description":"&quot;Comunidad agustiniana comprometida con la fe, la misi\u00f3n y el servicio en latinoamerica.&quot;","publisher":{"@id":"https:\/\/agustinosoala.org\/#organization"},"alternateName":"OALA","potentialAction":[{"@type":"SearchAction","target":{"@type":"EntryPoint","urlTemplate":"https:\/\/agustinosoala.org\/?s={search_term_string}"},"query-input":{"@type":"PropertyValueSpecification","valueRequired":true,"valueName":"search_term_string"}}],"inLanguage":"pt-BR"},{"@type":"Organization","@id":"https:\/\/agustinosoala.org\/#organization","name":"Organizaci\u00f3n de los Agustinos de Am\u00e9rica Latina - OALA","alternateName":"OALA","url":"https:\/\/agustinosoala.org\/","logo":{"@type":"ImageObject","inLanguage":"pt-BR","@id":"https:\/\/agustinosoala.org\/#\/schema\/logo\/image\/","url":"https:\/\/agustinosoala.org\/wp-content\/uploads\/2025\/09\/logo-oala.webp","contentUrl":"https:\/\/agustinosoala.org\/wp-content\/uploads\/2025\/09\/logo-oala.webp","width":70,"height":70,"caption":"Organizaci\u00f3n de los Agustinos de Am\u00e9rica Latina - OALA"},"image":{"@id":"https:\/\/agustinosoala.org\/#\/schema\/logo\/image\/"},"sameAs":["https:\/\/www.facebook.com\/oalagustinos","https:\/\/www.youtube.com\/@oalagustinos","https:\/\/www.instagram.com\/oalagustinos_\/"]},{"@type":"Person","@id":"https:\/\/agustinosoala.org\/#\/schema\/person\/178932e184c8d3466b6667113d199936","name":"Edgar F.A","image":{"@type":"ImageObject","inLanguage":"pt-BR","@id":"https:\/\/secure.gravatar.com\/avatar\/6c9a108d59d32f65fd46cd81d74f68e9d3b5f426c259d6576a17c714edb363b6?s=96&d=mm&r=g","url":"https:\/\/secure.gravatar.com\/avatar\/6c9a108d59d32f65fd46cd81d74f68e9d3b5f426c259d6576a17c714edb363b6?s=96&d=mm&r=g","contentUrl":"https:\/\/secure.gravatar.com\/avatar\/6c9a108d59d32f65fd46cd81d74f68e9d3b5f426c259d6576a17c714edb363b6?s=96&d=mm&r=g","caption":"Edgar F.A"},"description":"Ingeniero de sistemas","sameAs":["https:\/\/agustinosoala.org","https:\/\/www.facebook.com\/EdgarLizardo3006\/","https:\/\/x.com\/https:\/\/x.com\/EDGAR_LIZARDO30"]}]}},"_links":{"self":[{"href":"https:\/\/agustinosoala.org\/pt\/wp-json\/wp\/v2\/posts\/1467","targetHints":{"allow":["GET"]}}],"collection":[{"href":"https:\/\/agustinosoala.org\/pt\/wp-json\/wp\/v2\/posts"}],"about":[{"href":"https:\/\/agustinosoala.org\/pt\/wp-json\/wp\/v2\/types\/post"}],"author":[{"embeddable":true,"href":"https:\/\/agustinosoala.org\/pt\/wp-json\/wp\/v2\/users\/1"}],"replies":[{"embeddable":true,"href":"https:\/\/agustinosoala.org\/pt\/wp-json\/wp\/v2\/comments?post=1467"}],"version-history":[{"count":28,"href":"https:\/\/agustinosoala.org\/pt\/wp-json\/wp\/v2\/posts\/1467\/revisions"}],"predecessor-version":[{"id":2529,"href":"https:\/\/agustinosoala.org\/pt\/wp-json\/wp\/v2\/posts\/1467\/revisions\/2529"}],"wp:attachment":[{"href":"https:\/\/agustinosoala.org\/pt\/wp-json\/wp\/v2\/media?parent=1467"}],"wp:term":[{"taxonomy":"category","embeddable":true,"href":"https:\/\/agustinosoala.org\/pt\/wp-json\/wp\/v2\/categories?post=1467"},{"taxonomy":"post_tag","embeddable":true,"href":"https:\/\/agustinosoala.org\/pt\/wp-json\/wp\/v2\/tags?post=1467"}],"curies":[{"name":"wp","href":"https:\/\/api.w.org\/{rel}","templated":true}]}}