{"id":1987,"date":"2025-11-26T14:44:56","date_gmt":"2025-11-26T14:44:56","guid":{"rendered":"https:\/\/agustinosoala.org\/?p=1987"},"modified":"2026-03-29T06:04:00","modified_gmt":"2026-03-29T06:04:00","slug":"nombramiento-fray-marcio-vidal-de-negreiros-como-obispo-auxiliar-de-sao-paulo","status":"publish","type":"post","link":"https:\/\/agustinosoala.org\/pt\/nombramiento-fray-marcio-vidal-de-negreiros-como-obispo-auxiliar-de-sao-paulo\/","title":{"rendered":"EL PAP\u00c1 LEON XIV NOMBRA A FRAY MARCIO VIDAL DE NEGREIROS COMO OBISPO AUXILIAR DE S\u00c3O PAULO"},"content":{"rendered":"<div data-elementor-type=\"wp-post\" data-elementor-id=\"1987\" class=\"elementor elementor-1987\">\n\t\t\t\t<div class=\"aux-parallax-section elementor-element elementor-element-3f4a2e91 e-flex e-con-boxed wpr-particle-no wpr-jarallax-no wpr-parallax-no wpr-sticky-section-no wpr-equal-height-no e-con e-parent\" data-id=\"3f4a2e91\" data-element_type=\"container\" data-e-type=\"container\" data-settings=\"{&quot;background_background&quot;:&quot;classic&quot;}\">\n\t\t\t\t\t<div class=\"e-con-inner\">\n\t\t<div class=\"elementor-element elementor-element-7616105 e-con-full e-flex wpr-particle-no wpr-jarallax-no wpr-parallax-no wpr-sticky-section-no wpr-equal-height-no e-con e-child\" data-id=\"7616105\" data-element_type=\"container\" data-e-type=\"container\" data-settings=\"{&quot;background_background&quot;:&quot;classic&quot;}\">\n\t\t\t\t<div class=\"elementor-element elementor-element-56f6ac7b elementor-widget elementor-widget-elementskit-heading\" data-id=\"56f6ac7b\" data-element_type=\"widget\" data-e-type=\"widget\" data-widget_type=\"elementskit-heading.default\">\n\t\t\t\t\t<div class=\"ekit-wid-con\" ><div class=\"ekit-heading elementskit-section-title-wraper text_center   ekit_heading_tablet-   ekit_heading_mobile-\"><h3 class=\"ekit-heading--title elementskit-section-title\"><span><span>\"<\/span><\/span>Nos hiciste, Se\u00f1or, para ti, y nuestro coraz\u00f3n est\u00e1 inquieto hasta que descanse en ti<span><span>\"<\/span><\/span> <span><span>San Agust\u00edn. Confessiones (Confesiones), Libro I, cap. 1.<\/span><\/span><\/h3><\/div><\/div>\t\t\t\t<\/div>\n\t\t\t\t<\/div>\n\t\t\t\t\t<\/div>\n\t\t\t\t<\/div>\n\t\t<div class=\"aux-parallax-section elementor-element elementor-element-5a1fea91 e-flex e-con-boxed wpr-particle-no wpr-jarallax-no wpr-parallax-no wpr-sticky-section-no wpr-equal-height-no e-con e-parent\" data-id=\"5a1fea91\" data-element_type=\"container\" data-e-type=\"container\">\n\t\t\t\t\t<div class=\"e-con-inner\">\n\t\t\t\t<div class=\"elementor-element elementor-element-21b3b34e elementor-widget elementor-widget-heading\" data-id=\"21b3b34e\" data-element_type=\"widget\" data-e-type=\"widget\" data-widget_type=\"heading.default\">\n\t\t\t\t\t<h2 class=\"elementor-heading-title elementor-size-default\"><a href=\"https:\/\/agustinosoala.org\/pt\/noticias-eventos\/\">Post \/ ....<\/a><\/h2>\t\t\t\t<\/div>\n\t\t\t\t\t<\/div>\n\t\t\t\t<\/div>\n\t\t<div class=\"aux-parallax-section elementor-element elementor-element-2a42f41f e-flex e-con-boxed wpr-particle-no wpr-jarallax-no wpr-parallax-no wpr-sticky-section-no wpr-equal-height-no e-con e-parent\" data-id=\"2a42f41f\" data-element_type=\"container\" data-e-type=\"container\">\n\t\t\t\t\t<div class=\"e-con-inner\">\n\t\t<div class=\"elementor-element elementor-element-5c5125c9 e-con-full e-flex wpr-particle-no wpr-jarallax-no wpr-parallax-no wpr-sticky-section-no wpr-equal-height-no e-con e-child\" data-id=\"5c5125c9\" data-element_type=\"container\" data-e-type=\"container\">\n\t\t\t\t<div class=\"elementor-element elementor-element-12f98f93 elementor-widget elementor-widget-wpr-post-title\" data-id=\"12f98f93\" data-element_type=\"widget\" data-e-type=\"widget\" data-widget_type=\"wpr-post-title.default\">\n\t\t\t\t\t<h1 class=\"wpr-post-title\">EL PAP\u00c1 LEON XIV NOMBRA A FRAY MARCIO VIDAL DE NEGREIROS COMO OBISPO AUXILIAR DE S\u00c3O PAULO<\/h1>\t\t\t\t<\/div>\n\t\t<div class=\"elementor-element elementor-element-3852a596 e-flex e-con-boxed wpr-particle-no wpr-jarallax-no wpr-parallax-no wpr-sticky-section-no wpr-equal-height-no e-con e-child\" data-id=\"3852a596\" data-element_type=\"container\" data-e-type=\"container\">\n\t\t\t\t\t<div class=\"e-con-inner\">\n\t\t<div class=\"elementor-element elementor-element-2fddbce4 e-con-full e-flex wpr-particle-no wpr-jarallax-no wpr-parallax-no wpr-sticky-section-no wpr-equal-height-no e-con e-child\" data-id=\"2fddbce4\" data-element_type=\"container\" data-e-type=\"container\">\n\t\t\t\t<div class=\"elementor-element elementor-element-621b0ef3 elementor-vertical-align-middle elementor-widget elementor-widget-image-box\" data-id=\"621b0ef3\" data-element_type=\"widget\" data-e-type=\"widget\" data-widget_type=\"image-box.default\">\n\t\t\t\t\t<div class=\"elementor-image-box-wrapper\"><div class=\"elementor-image-box-content\"><h3 class=\"elementor-image-box-title\">Fecha<\/h3><p class=\"elementor-image-box-description\">August 8, 2019<\/p><\/div><\/div>\t\t\t\t<\/div>\n\t\t\t\t<\/div>\n\t\t<div class=\"elementor-element elementor-element-7614ff29 e-con-full e-flex wpr-particle-no wpr-jarallax-no wpr-parallax-no wpr-sticky-section-no wpr-equal-height-no e-con e-child\" data-id=\"7614ff29\" data-element_type=\"container\" data-e-type=\"container\">\n\t\t\t\t<div class=\"elementor-element elementor-element-fa336e3 elementor-vertical-align-middle elementor-widget elementor-widget-image-box\" data-id=\"fa336e3\" data-element_type=\"widget\" data-e-type=\"widget\" data-widget_type=\"image-box.default\">\n\t\t\t\t\t<div class=\"elementor-image-box-wrapper\"><div class=\"elementor-image-box-content\"><h3 class=\"elementor-image-box-title\">\u00daltima Actualizaci\u00f3n<\/h3><p class=\"elementor-image-box-description\">January 20, 2023<\/p><\/div><\/div>\t\t\t\t<\/div>\n\t\t\t\t<\/div>\n\t\t<div class=\"elementor-element elementor-element-198b9937 e-con-full e-flex wpr-particle-no wpr-jarallax-no wpr-parallax-no wpr-sticky-section-no wpr-equal-height-no e-con e-child\" data-id=\"198b9937\" data-element_type=\"container\" data-e-type=\"container\">\n\t\t\t\t<div class=\"elementor-element elementor-element-a2e0ee7 elementor-vertical-align-middle elementor-widget elementor-widget-image-box\" data-id=\"a2e0ee7\" data-element_type=\"widget\" data-e-type=\"widget\" data-widget_type=\"image-box.default\">\n\t\t\t\t\t<div class=\"elementor-image-box-wrapper\"><div class=\"elementor-image-box-content\"><h3 class=\"elementor-image-box-title\">Noticia<\/h3><p class=\"elementor-image-box-description\">Importante<\/p><\/div><\/div>\t\t\t\t<\/div>\n\t\t\t\t<\/div>\n\t\t\t\t\t<\/div>\n\t\t\t\t<\/div>\n\t\t\t\t<div class=\"elementor-element elementor-element-7dc7b34d elementor-widget elementor-widget-image\" data-id=\"7dc7b34d\" data-element_type=\"widget\" data-e-type=\"widget\" data-widget_type=\"image.default\">\n\t\t\t\t\t\t\t\t\t\t\t\t\t\t\t<img fetchpriority=\"high\" decoding=\"async\" width=\"768\" height=\"768\" src=\"https:\/\/agustinosoala.org\/wp-content\/uploads\/2025\/11\/marcio-obispo-768x768.jpg\" class=\"attachment-medium_large size-medium_large wp-image-1988\" alt=\"\" srcset=\"https:\/\/agustinosoala.org\/wp-content\/uploads\/2025\/11\/marcio-obispo-768x768.jpg 768w, https:\/\/agustinosoala.org\/wp-content\/uploads\/2025\/11\/marcio-obispo-300x300.jpg 300w, https:\/\/agustinosoala.org\/wp-content\/uploads\/2025\/11\/marcio-obispo-1024x1024.jpg 1024w, https:\/\/agustinosoala.org\/wp-content\/uploads\/2025\/11\/marcio-obispo-150x150.jpg 150w, https:\/\/agustinosoala.org\/wp-content\/uploads\/2025\/11\/marcio-obispo.jpg 1300w\" sizes=\"(max-width: 768px) 100vw, 768px\" \/>\t\t\t\t\t\t\t\t\t\t\t\t\t\t\t<\/div>\n\t\t\t\t<div class=\"elementor-element elementor-element-4b1a41df elementor-widget elementor-widget-heading\" data-id=\"4b1a41df\" data-element_type=\"widget\" data-e-type=\"widget\" data-widget_type=\"heading.default\">\n\t\t\t\t\t<h2 class=\"elementor-heading-title elementor-size-default\">OALA celebra con alegr\u00eda este reconocimiento al servicio pastoral y formativo del religioso agustino<\/h2>\t\t\t\t<\/div>\n\t\t\t\t<div class=\"elementor-element elementor-element-19350bb3 elementor-widget elementor-widget-text-editor\" data-id=\"19350bb3\" data-element_type=\"widget\" data-e-type=\"widget\" data-widget_type=\"text-editor.default\">\n\t\t\t\t\t\t\t\t\t<p>La Organizaci\u00f3n de Agustinos de Latinoam\u00e9rica y el Caribe (OALA) comparte con profundo gozo el nombramiento del <strong data-start=\"441\" data-end=\"486\">P. M\u00e1rcio Antonio Vidal de Negreiros, OSA<\/strong> \u2014hasta hoy Secretario General de la Organizaci\u00f3n\u2014 como <strong data-start=\"542\" data-end=\"594\">Obispo Auxiliar de la Arquidi\u00f3cesis de S\u00e3o Paulo<\/strong>, designado por el Papa Le\u00f3n XIV.<\/p>\t\t\t\t\t\t\t\t<\/div>\n\t\t\t\t<div class=\"elementor-element elementor-element-539b16f3 elementor-widget elementor-widget-text-editor\" data-id=\"539b16f3\" data-element_type=\"widget\" data-e-type=\"widget\" data-widget_type=\"text-editor.default\">\n\t\t\t\t\t\t\t\t\t<p>Este importante reconocimiento destaca una vida consagrada al <strong data-start=\"691\" data-end=\"764\">servicio pastoral, la formaci\u00f3n integral y el acompa\u00f1amiento fraterno<\/strong> dentro de la Orden de San Agust\u00edn. Su trayectoria ha dejado una marca significativa en la <strong data-start=\"855\" data-end=\"882\">Prov\u00edncia da Consola\u00e7\u00e3o<\/strong>, a la que pertenece, y en la vida institucional de OALA, donde promovi\u00f3 procesos de articulaci\u00f3n, comuni\u00f3n y fortalecimiento organizacional en toda la regi\u00f3n.<\/p>\t\t\t\t\t\t\t\t<\/div>\n\t\t\t\t<div class=\"elementor-element elementor-element-5b6ec44 elementor-widget elementor-widget-heading\" data-id=\"5b6ec44\" data-element_type=\"widget\" data-e-type=\"widget\" data-widget_type=\"heading.default\">\n\t\t\t\t\t<h2 class=\"elementor-heading-title elementor-size-default\">Una misi\u00f3n acogida con fe y esperanza<\/h2>\t\t\t\t<\/div>\n\t\t\t\t<div class=\"elementor-element elementor-element-14516dfc elementor-widget elementor-widget-text-editor\" data-id=\"14516dfc\" data-element_type=\"widget\" data-e-type=\"widget\" data-widget_type=\"text-editor.default\">\n\t\t\t\t\t\t\t\t\t<p>En su mensaje dirigido a la familia agustiniana, el P. M\u00e1rcio expres\u00f3 que recibe este llamado <em data-start=\"1184\" data-end=\"1258\">\u201ccon fe, alegr\u00eda y gratitud, no sin temores, angustias e incertidumbres\u201d<\/em>, reconociendo que esta nueva responsabilidad implica <em data-start=\"1312\" data-end=\"1372\">\u201cun modo distinto de pertenecer a la misi\u00f3n de la Iglesia\u201d<\/em>. Record\u00f3, adem\u00e1s, las palabras del Se\u00f1or: <em data-start=\"1415\" data-end=\"1446\">\u201cavanza mar adentro\u201d (Lc 5,4)<\/em>, que iluminan su disposici\u00f3n a dejar seguridades para ponerse con humildad al servicio del Pueblo de Dios.<\/p>\t\t\t\t\t\t\t\t<\/div>\n\t\t\t\t<div class=\"elementor-element elementor-element-fb516e5 elementor-widget elementor-widget-text-editor\" data-id=\"fb516e5\" data-element_type=\"widget\" data-e-type=\"widget\" data-widget_type=\"text-editor.default\">\n\t\t\t\t\t\t\t\t\t<p>Asimismo, evoc\u00f3 el esp\u00edritu de su Bautismo, afirmando que Dios vuelve a invitarlo a <em data-start=\"1639\" data-end=\"1661\">\u201csalir de su tierra\u201d<\/em>, confiando plenamente en la gracia que sostiene su vida y misi\u00f3n, incluso en medio de la fragilidad humana.<\/p>\t\t\t\t\t\t\t\t<\/div>\n\t\t\t\t<div class=\"elementor-element elementor-element-d0da622 elementor-widget elementor-widget-heading\" data-id=\"d0da622\" data-element_type=\"widget\" data-e-type=\"widget\" data-widget_type=\"heading.default\">\n\t\t\t\t\t<h2 class=\"elementor-heading-title elementor-size-default\">Una misi\u00f3n acogida con fe y esperanza<\/h2>\t\t\t\t<\/div>\n\t\t\t\t<div class=\"elementor-element elementor-element-ce76984 elementor-widget elementor-widget-text-editor\" data-id=\"ce76984\" data-element_type=\"widget\" data-e-type=\"widget\" data-widget_type=\"text-editor.default\">\n\t\t\t\t\t\t\t\t\t<p data-start=\"1843\" data-end=\"1977\">La trayectoria del P. M\u00e1rcio se ha caracterizado por su dedicaci\u00f3n constante a la <strong data-start=\"1925\" data-end=\"1959\">formaci\u00f3n inicial y permanente<\/strong>. Ha servido como:<\/p><p data-start=\"1981\" data-end=\"2032\">&#8211; Formador en diversas etapas de la vida religiosa.<\/p><p data-start=\"2035\" data-end=\"2111\">&#8211; Maestro de novicios en Brasil y en el <strong data-start=\"2073\" data-end=\"2108\">Noviciado Internacional de Lima<\/strong>.<\/p><p data-start=\"2114\" data-end=\"2149\">&#8211; Coordinador de Formaci\u00f3n en OALA.<\/p><p data-start=\"2152\" data-end=\"2216\">&#8211; Miembro de la <strong data-start=\"2166\" data-end=\"2213\">Comisi\u00f3n Internacional de Formaci\u00f3n Inicial<\/strong>.<\/p><p data-start=\"2219\" data-end=\"2305\">&#8211; Responsable de numerosos procesos de gobierno y animaci\u00f3n comunitaria en su Provincia.<\/p><p data-start=\"2307\" data-end=\"2518\">En el \u00e1mbito pastoral, ha acompa\u00f1ado comunidades parroquiales en Brasil y Per\u00fa, integrando misi\u00f3n, vida comunitaria y cercan\u00eda con los fieles desde una espiritualidad profundamente humana, fraterna y dialogante.<\/p>\t\t\t\t\t\t\t\t<\/div>\n\t\t\t\t<div class=\"elementor-element elementor-element-0fc8663 elementor-widget elementor-widget-text-editor\" data-id=\"0fc8663\" data-element_type=\"widget\" data-e-type=\"widget\" data-widget_type=\"text-editor.default\">\n\t\t\t\t\t\t\t\t\t<p data-start=\"2520\" data-end=\"2763\">Durante sus a\u00f1os como <strong data-start=\"2542\" data-end=\"2572\">Secretario General de OALA<\/strong>, impuls\u00f3 una conducci\u00f3n marcada por la sinodalidad, la escucha activa, la fraternidad y el compromiso con la renovaci\u00f3n de los procesos formativos y pastorales en Am\u00e9rica Latina y el Caribe.<\/p><h3 data-start=\"2765\" data-end=\"2841\"><strong data-start=\"2769\" data-end=\"2841\">Un reconocimiento que llena de alegr\u00eda a toda la familia agustiniana<\/strong><\/h3><p data-start=\"2843\" data-end=\"3167\">En nombre del <strong data-start=\"2857\" data-end=\"2874\">Prior General<\/strong>, del <strong data-start=\"2880\" data-end=\"2901\">Consejo Directivo<\/strong> y de toda la familia agustiniana en el continente, OALA eleva su acci\u00f3n de gracias por la vida y el servicio del P. M\u00e1rcio y expresa sus m\u00e1s sinceras felicitaciones por este nombramiento, que es signo del aprecio de la Iglesia universal por su testimonio y entrega.<\/p><p data-start=\"3169\" data-end=\"3423\">OALA encomienda su ministerio episcopal a la intercesi\u00f3n de <strong data-start=\"3229\" data-end=\"3244\">San Agust\u00edn<\/strong> y de <strong data-start=\"3250\" data-end=\"3290\">Santa Mar\u00eda, Madre de la Consolaci\u00f3n<\/strong>, pidiendo que el Esp\u00edritu Santo lo fortalezca con sabidur\u00eda, unidad y esperanza en esta nueva misi\u00f3n al servicio del Pueblo de Dios.<\/p>\t\t\t\t\t\t\t\t<\/div>\n\t\t\t\t<\/div>\n\t\t\t\t\t<\/div>\n\t\t\t\t<\/div>\n\t\t\t\t<\/div>","protected":false},"excerpt":{"rendered":"<p>La Organizaci\u00f3n de Agustinos de Latinoam\u00e9rica y el Caribe (OALA) comparte con profundo gozo el nombramiento del P. M\u00e1rcio Antonio Vidal de Negreiros, OSA \u2014hasta hoy Secretario General de la Organizaci\u00f3n\u2014 como Obispo Auxiliar de la Arquidi\u00f3cesis de S\u00e3o Paulo, designado por el Papa Le\u00f3n XIV.<\/p>","protected":false},"author":1,"featured_media":1988,"comment_status":"open","ping_status":"open","sticky":false,"template":"elementor_header_footer","format":"standard","meta":{"inline_featured_image":false,"postBodyCss":"","postBodyMargin":[],"postBodyPadding":[],"postBodyBackground":{"backgroundType":"classic","gradient":""},"footnotes":""},"categories":[6],"tags":[],"class_list":["post-1987","post","type-post","status-publish","format-standard","has-post-thumbnail","hentry","category-noticia"],"yoast_head":"<!-- This site is optimized with the Yoast SEO plugin v27.5 - https:\/\/yoast.com\/product\/yoast-seo-wordpress\/ -->\n<title>El Papa Leon XIV nombra a Fray Marcio como Obispo Auxiliar de S\u00c3O PAULO<\/title>\n<meta name=\"description\" content=\"La Organizaci\u00f3n de Agustinos de Latinoam\u00e9rica y el Caribe (OALA) comparte con profundo gozo el nombramiento del P. M\u00e1rcio Antonio Vidal de Negreiros, OSA \u2014hasta hoy Secretario General de la Organizaci\u00f3n\u2014 como Obispo Auxiliar de la Arquidi\u00f3cesis de S\u00e3o Paulo, designado por el Papa Le\u00f3n XIV.\" \/>\n<meta name=\"robots\" content=\"index, follow, max-snippet:-1, max-image-preview:large, max-video-preview:-1\" \/>\n<link rel=\"canonical\" href=\"https:\/\/agustinosoala.org\/pt\/nombramiento-fray-marcio-vidal-de-negreiros-como-obispo-auxiliar-de-sao-paulo\/\" \/>\n<meta property=\"og:locale\" content=\"pt_BR\" \/>\n<meta property=\"og:type\" content=\"article\" \/>\n<meta property=\"og:title\" content=\"El Papa Leon XIV nombra a Fray Marcio como Obispo Auxiliar de S\u00c3O PAULO\" \/>\n<meta property=\"og:description\" content=\"La Organizaci\u00f3n de Agustinos de Latinoam\u00e9rica y el Caribe (OALA) comparte con profundo gozo el nombramiento del P. M\u00e1rcio Antonio Vidal de Negreiros, OSA \u2014hasta hoy Secretario General de la Organizaci\u00f3n\u2014 como Obispo Auxiliar de la Arquidi\u00f3cesis de S\u00e3o Paulo, designado por el Papa Le\u00f3n XIV.\" \/>\n<meta property=\"og:url\" content=\"https:\/\/agustinosoala.org\/pt\/nombramiento-fray-marcio-vidal-de-negreiros-como-obispo-auxiliar-de-sao-paulo\/\" \/>\n<meta property=\"og:site_name\" content=\"OALA - Organizaci\u00f3n de los Agustinos de Am\u00e9rica Latina\" \/>\n<meta property=\"article:publisher\" content=\"https:\/\/www.facebook.com\/oalagustinos\" \/>\n<meta property=\"article:author\" content=\"https:\/\/www.facebook.com\/EdgarLizardo3006\/\" \/>\n<meta property=\"article:published_time\" content=\"2025-11-26T14:44:56+00:00\" \/>\n<meta property=\"article:modified_time\" content=\"2026-03-29T06:04:00+00:00\" \/>\n<meta property=\"og:image\" content=\"https:\/\/agustinosoala.org\/wp-content\/uploads\/2025\/11\/marcio-obispo.jpg\" \/>\n\t<meta property=\"og:image:width\" content=\"1300\" \/>\n\t<meta property=\"og:image:height\" content=\"1300\" \/>\n\t<meta property=\"og:image:type\" content=\"image\/jpeg\" \/>\n<meta name=\"author\" content=\"Edgar F.A\" \/>\n<meta name=\"twitter:card\" content=\"summary_large_image\" \/>\n<meta name=\"twitter:creator\" content=\"@https:\/\/x.com\/EDGAR_LIZARDO30\" \/>\n<meta name=\"twitter:label1\" content=\"Written by\" \/>\n\t<meta name=\"twitter:data1\" content=\"Edgar F.A\" \/>\n\t<meta name=\"twitter:label2\" content=\"Est. reading time\" \/>\n\t<meta name=\"twitter:data2\" content=\"3 minutos\" \/>\n<script type=\"application\/ld+json\" class=\"yoast-schema-graph\">{\"@context\":\"https:\\\/\\\/schema.org\",\"@graph\":[{\"@type\":\"Article\",\"@id\":\"https:\\\/\\\/agustinosoala.org\\\/nombramiento-fray-marcio-vidal-de-negreiros-como-obispo-auxiliar-de-sao-paulo\\\/#article\",\"isPartOf\":{\"@id\":\"https:\\\/\\\/agustinosoala.org\\\/nombramiento-fray-marcio-vidal-de-negreiros-como-obispo-auxiliar-de-sao-paulo\\\/\"},\"author\":{\"name\":\"Edgar F.A\",\"@id\":\"https:\\\/\\\/agustinosoala.org\\\/#\\\/schema\\\/person\\\/178932e184c8d3466b6667113d199936\"},\"headline\":\"EL PAP\u00c1 LEON XIV NOMBRA A FRAY MARCIO VIDAL DE NEGREIROS COMO OBISPO AUXILIAR DE S\u00c3O PAULO\",\"datePublished\":\"2025-11-26T14:44:56+00:00\",\"dateModified\":\"2026-03-29T06:04:00+00:00\",\"mainEntityOfPage\":{\"@id\":\"https:\\\/\\\/agustinosoala.org\\\/nombramiento-fray-marcio-vidal-de-negreiros-como-obispo-auxiliar-de-sao-paulo\\\/\"},\"wordCount\":607,\"commentCount\":0,\"publisher\":{\"@id\":\"https:\\\/\\\/agustinosoala.org\\\/#organization\"},\"image\":{\"@id\":\"https:\\\/\\\/agustinosoala.org\\\/nombramiento-fray-marcio-vidal-de-negreiros-como-obispo-auxiliar-de-sao-paulo\\\/#primaryimage\"},\"thumbnailUrl\":\"https:\\\/\\\/agustinosoala.org\\\/wp-content\\\/uploads\\\/2025\\\/11\\\/marcio-obispo.jpg\",\"articleSection\":[\"Noticia\"],\"inLanguage\":\"pt-BR\",\"potentialAction\":[{\"@type\":\"CommentAction\",\"name\":\"Comment\",\"target\":[\"https:\\\/\\\/agustinosoala.org\\\/nombramiento-fray-marcio-vidal-de-negreiros-como-obispo-auxiliar-de-sao-paulo\\\/#respond\"]}]},{\"@type\":\"WebPage\",\"@id\":\"https:\\\/\\\/agustinosoala.org\\\/nombramiento-fray-marcio-vidal-de-negreiros-como-obispo-auxiliar-de-sao-paulo\\\/\",\"url\":\"https:\\\/\\\/agustinosoala.org\\\/nombramiento-fray-marcio-vidal-de-negreiros-como-obispo-auxiliar-de-sao-paulo\\\/\",\"name\":\"El Papa Leon XIV nombra a Fray Marcio como Obispo Auxiliar de S\u00c3O PAULO\",\"isPartOf\":{\"@id\":\"https:\\\/\\\/agustinosoala.org\\\/#website\"},\"primaryImageOfPage\":{\"@id\":\"https:\\\/\\\/agustinosoala.org\\\/nombramiento-fray-marcio-vidal-de-negreiros-como-obispo-auxiliar-de-sao-paulo\\\/#primaryimage\"},\"image\":{\"@id\":\"https:\\\/\\\/agustinosoala.org\\\/nombramiento-fray-marcio-vidal-de-negreiros-como-obispo-auxiliar-de-sao-paulo\\\/#primaryimage\"},\"thumbnailUrl\":\"https:\\\/\\\/agustinosoala.org\\\/wp-content\\\/uploads\\\/2025\\\/11\\\/marcio-obispo.jpg\",\"datePublished\":\"2025-11-26T14:44:56+00:00\",\"dateModified\":\"2026-03-29T06:04:00+00:00\",\"description\":\"La Organizaci\u00f3n de Agustinos de Latinoam\u00e9rica y el Caribe (OALA) comparte con profundo gozo el nombramiento del P. M\u00e1rcio Antonio Vidal de Negreiros, OSA \u2014hasta hoy Secretario General de la Organizaci\u00f3n\u2014 como Obispo Auxiliar de la Arquidi\u00f3cesis de S\u00e3o Paulo, designado por el Papa Le\u00f3n XIV.\",\"breadcrumb\":{\"@id\":\"https:\\\/\\\/agustinosoala.org\\\/nombramiento-fray-marcio-vidal-de-negreiros-como-obispo-auxiliar-de-sao-paulo\\\/#breadcrumb\"},\"inLanguage\":\"pt-BR\",\"potentialAction\":[{\"@type\":\"ReadAction\",\"target\":[\"https:\\\/\\\/agustinosoala.org\\\/nombramiento-fray-marcio-vidal-de-negreiros-como-obispo-auxiliar-de-sao-paulo\\\/\"]}]},{\"@type\":\"ImageObject\",\"inLanguage\":\"pt-BR\",\"@id\":\"https:\\\/\\\/agustinosoala.org\\\/nombramiento-fray-marcio-vidal-de-negreiros-como-obispo-auxiliar-de-sao-paulo\\\/#primaryimage\",\"url\":\"https:\\\/\\\/agustinosoala.org\\\/wp-content\\\/uploads\\\/2025\\\/11\\\/marcio-obispo.jpg\",\"contentUrl\":\"https:\\\/\\\/agustinosoala.org\\\/wp-content\\\/uploads\\\/2025\\\/11\\\/marcio-obispo.jpg\",\"width\":1300,\"height\":1300},{\"@type\":\"BreadcrumbList\",\"@id\":\"https:\\\/\\\/agustinosoala.org\\\/nombramiento-fray-marcio-vidal-de-negreiros-como-obispo-auxiliar-de-sao-paulo\\\/#breadcrumb\",\"itemListElement\":[{\"@type\":\"ListItem\",\"position\":1,\"name\":\"Portada\",\"item\":\"https:\\\/\\\/agustinosoala.org\\\/\"},{\"@type\":\"ListItem\",\"position\":2,\"name\":\"EL PAP\u00c1 LEON XIV NOMBRA A FRAY MARCIO VIDAL DE NEGREIROS COMO OBISPO AUXILIAR DE S\u00c3O PAULO\"}]},{\"@type\":\"WebSite\",\"@id\":\"https:\\\/\\\/agustinosoala.org\\\/#website\",\"url\":\"https:\\\/\\\/agustinosoala.org\\\/\",\"name\":\"Organizaci\u00f3n de los Agustinos de Am\u00e9rica Latina - OALA\",\"description\":\"&quot;Comunidad agustiniana comprometida con la fe, la misi\u00f3n y el servicio en latinoamerica.&quot;\",\"publisher\":{\"@id\":\"https:\\\/\\\/agustinosoala.org\\\/#organization\"},\"alternateName\":\"OALA\",\"potentialAction\":[{\"@type\":\"SearchAction\",\"target\":{\"@type\":\"EntryPoint\",\"urlTemplate\":\"https:\\\/\\\/agustinosoala.org\\\/?s={search_term_string}\"},\"query-input\":{\"@type\":\"PropertyValueSpecification\",\"valueRequired\":true,\"valueName\":\"search_term_string\"}}],\"inLanguage\":\"pt-BR\"},{\"@type\":\"Organization\",\"@id\":\"https:\\\/\\\/agustinosoala.org\\\/#organization\",\"name\":\"Organizaci\u00f3n de los Agustinos de Am\u00e9rica Latina - OALA\",\"alternateName\":\"OALA\",\"url\":\"https:\\\/\\\/agustinosoala.org\\\/\",\"logo\":{\"@type\":\"ImageObject\",\"inLanguage\":\"pt-BR\",\"@id\":\"https:\\\/\\\/agustinosoala.org\\\/#\\\/schema\\\/logo\\\/image\\\/\",\"url\":\"https:\\\/\\\/agustinosoala.org\\\/wp-content\\\/uploads\\\/2025\\\/09\\\/logo-oala.webp\",\"contentUrl\":\"https:\\\/\\\/agustinosoala.org\\\/wp-content\\\/uploads\\\/2025\\\/09\\\/logo-oala.webp\",\"width\":70,\"height\":70,\"caption\":\"Organizaci\u00f3n de los Agustinos de Am\u00e9rica Latina - OALA\"},\"image\":{\"@id\":\"https:\\\/\\\/agustinosoala.org\\\/#\\\/schema\\\/logo\\\/image\\\/\"},\"sameAs\":[\"https:\\\/\\\/www.facebook.com\\\/oalagustinos\",\"https:\\\/\\\/www.youtube.com\\\/@oalagustinos\",\"https:\\\/\\\/www.instagram.com\\\/oalagustinos_\\\/\"]},{\"@type\":\"Person\",\"@id\":\"https:\\\/\\\/agustinosoala.org\\\/#\\\/schema\\\/person\\\/178932e184c8d3466b6667113d199936\",\"name\":\"Edgar F.A\",\"image\":{\"@type\":\"ImageObject\",\"inLanguage\":\"pt-BR\",\"@id\":\"https:\\\/\\\/secure.gravatar.com\\\/avatar\\\/6c9a108d59d32f65fd46cd81d74f68e9d3b5f426c259d6576a17c714edb363b6?s=96&d=mm&r=g\",\"url\":\"https:\\\/\\\/secure.gravatar.com\\\/avatar\\\/6c9a108d59d32f65fd46cd81d74f68e9d3b5f426c259d6576a17c714edb363b6?s=96&d=mm&r=g\",\"contentUrl\":\"https:\\\/\\\/secure.gravatar.com\\\/avatar\\\/6c9a108d59d32f65fd46cd81d74f68e9d3b5f426c259d6576a17c714edb363b6?s=96&d=mm&r=g\",\"caption\":\"Edgar F.A\"},\"description\":\"Ingeniero de sistemas\",\"sameAs\":[\"https:\\\/\\\/agustinosoala.org\",\"https:\\\/\\\/www.facebook.com\\\/EdgarLizardo3006\\\/\",\"https:\\\/\\\/x.com\\\/https:\\\/\\\/x.com\\\/EDGAR_LIZARDO30\"]}]}<\/script>\n<!-- \/ Yoast SEO plugin. -->","yoast_head_json":{"title":"El Papa Leon XIV nombra a Fray Marcio como Obispo Auxiliar de S\u00c3O PAULO","description":"La Organizaci\u00f3n de Agustinos de Latinoam\u00e9rica y el Caribe (OALA) comparte con profundo gozo el nombramiento del P. M\u00e1rcio Antonio Vidal de Negreiros, OSA \u2014hasta hoy Secretario General de la Organizaci\u00f3n\u2014 como Obispo Auxiliar de la Arquidi\u00f3cesis de S\u00e3o Paulo, designado por el Papa Le\u00f3n XIV.","robots":{"index":"index","follow":"follow","max-snippet":"max-snippet:-1","max-image-preview":"max-image-preview:large","max-video-preview":"max-video-preview:-1"},"canonical":"https:\/\/agustinosoala.org\/pt\/nombramiento-fray-marcio-vidal-de-negreiros-como-obispo-auxiliar-de-sao-paulo\/","og_locale":"pt_BR","og_type":"article","og_title":"El Papa Leon XIV nombra a Fray Marcio como Obispo Auxiliar de S\u00c3O PAULO","og_description":"La Organizaci\u00f3n de Agustinos de Latinoam\u00e9rica y el Caribe (OALA) comparte con profundo gozo el nombramiento del P. M\u00e1rcio Antonio Vidal de Negreiros, OSA \u2014hasta hoy Secretario General de la Organizaci\u00f3n\u2014 como Obispo Auxiliar de la Arquidi\u00f3cesis de S\u00e3o Paulo, designado por el Papa Le\u00f3n XIV.","og_url":"https:\/\/agustinosoala.org\/pt\/nombramiento-fray-marcio-vidal-de-negreiros-como-obispo-auxiliar-de-sao-paulo\/","og_site_name":"OALA - Organizaci\u00f3n de los Agustinos de Am\u00e9rica Latina","article_publisher":"https:\/\/www.facebook.com\/oalagustinos","article_author":"https:\/\/www.facebook.com\/EdgarLizardo3006\/","article_published_time":"2025-11-26T14:44:56+00:00","article_modified_time":"2026-03-29T06:04:00+00:00","og_image":[{"width":1300,"height":1300,"url":"https:\/\/agustinosoala.org\/wp-content\/uploads\/2025\/11\/marcio-obispo.jpg","type":"image\/jpeg"}],"author":"Edgar F.A","twitter_card":"summary_large_image","twitter_creator":"@https:\/\/x.com\/EDGAR_LIZARDO30","twitter_misc":{"Written by":"Edgar F.A","Est. reading time":"3 minutos"},"schema":{"@context":"https:\/\/schema.org","@graph":[{"@type":"Article","@id":"https:\/\/agustinosoala.org\/nombramiento-fray-marcio-vidal-de-negreiros-como-obispo-auxiliar-de-sao-paulo\/#article","isPartOf":{"@id":"https:\/\/agustinosoala.org\/nombramiento-fray-marcio-vidal-de-negreiros-como-obispo-auxiliar-de-sao-paulo\/"},"author":{"name":"Edgar F.A","@id":"https:\/\/agustinosoala.org\/#\/schema\/person\/178932e184c8d3466b6667113d199936"},"headline":"EL PAP\u00c1 LEON XIV NOMBRA A FRAY MARCIO VIDAL DE NEGREIROS COMO OBISPO AUXILIAR DE S\u00c3O PAULO","datePublished":"2025-11-26T14:44:56+00:00","dateModified":"2026-03-29T06:04:00+00:00","mainEntityOfPage":{"@id":"https:\/\/agustinosoala.org\/nombramiento-fray-marcio-vidal-de-negreiros-como-obispo-auxiliar-de-sao-paulo\/"},"wordCount":607,"commentCount":0,"publisher":{"@id":"https:\/\/agustinosoala.org\/#organization"},"image":{"@id":"https:\/\/agustinosoala.org\/nombramiento-fray-marcio-vidal-de-negreiros-como-obispo-auxiliar-de-sao-paulo\/#primaryimage"},"thumbnailUrl":"https:\/\/agustinosoala.org\/wp-content\/uploads\/2025\/11\/marcio-obispo.jpg","articleSection":["Noticia"],"inLanguage":"pt-BR","potentialAction":[{"@type":"CommentAction","name":"Comment","target":["https:\/\/agustinosoala.org\/nombramiento-fray-marcio-vidal-de-negreiros-como-obispo-auxiliar-de-sao-paulo\/#respond"]}]},{"@type":"WebPage","@id":"https:\/\/agustinosoala.org\/nombramiento-fray-marcio-vidal-de-negreiros-como-obispo-auxiliar-de-sao-paulo\/","url":"https:\/\/agustinosoala.org\/nombramiento-fray-marcio-vidal-de-negreiros-como-obispo-auxiliar-de-sao-paulo\/","name":"El Papa Leon XIV nombra a Fray Marcio como Obispo Auxiliar de S\u00c3O PAULO","isPartOf":{"@id":"https:\/\/agustinosoala.org\/#website"},"primaryImageOfPage":{"@id":"https:\/\/agustinosoala.org\/nombramiento-fray-marcio-vidal-de-negreiros-como-obispo-auxiliar-de-sao-paulo\/#primaryimage"},"image":{"@id":"https:\/\/agustinosoala.org\/nombramiento-fray-marcio-vidal-de-negreiros-como-obispo-auxiliar-de-sao-paulo\/#primaryimage"},"thumbnailUrl":"https:\/\/agustinosoala.org\/wp-content\/uploads\/2025\/11\/marcio-obispo.jpg","datePublished":"2025-11-26T14:44:56+00:00","dateModified":"2026-03-29T06:04:00+00:00","description":"La Organizaci\u00f3n de Agustinos de Latinoam\u00e9rica y el Caribe (OALA) comparte con profundo gozo el nombramiento del P. M\u00e1rcio Antonio Vidal de Negreiros, OSA \u2014hasta hoy Secretario General de la Organizaci\u00f3n\u2014 como Obispo Auxiliar de la Arquidi\u00f3cesis de S\u00e3o Paulo, designado por el Papa Le\u00f3n XIV.","breadcrumb":{"@id":"https:\/\/agustinosoala.org\/nombramiento-fray-marcio-vidal-de-negreiros-como-obispo-auxiliar-de-sao-paulo\/#breadcrumb"},"inLanguage":"pt-BR","potentialAction":[{"@type":"ReadAction","target":["https:\/\/agustinosoala.org\/nombramiento-fray-marcio-vidal-de-negreiros-como-obispo-auxiliar-de-sao-paulo\/"]}]},{"@type":"ImageObject","inLanguage":"pt-BR","@id":"https:\/\/agustinosoala.org\/nombramiento-fray-marcio-vidal-de-negreiros-como-obispo-auxiliar-de-sao-paulo\/#primaryimage","url":"https:\/\/agustinosoala.org\/wp-content\/uploads\/2025\/11\/marcio-obispo.jpg","contentUrl":"https:\/\/agustinosoala.org\/wp-content\/uploads\/2025\/11\/marcio-obispo.jpg","width":1300,"height":1300},{"@type":"BreadcrumbList","@id":"https:\/\/agustinosoala.org\/nombramiento-fray-marcio-vidal-de-negreiros-como-obispo-auxiliar-de-sao-paulo\/#breadcrumb","itemListElement":[{"@type":"ListItem","position":1,"name":"Portada","item":"https:\/\/agustinosoala.org\/"},{"@type":"ListItem","position":2,"name":"EL PAP\u00c1 LEON XIV NOMBRA A FRAY MARCIO VIDAL DE NEGREIROS COMO OBISPO AUXILIAR DE S\u00c3O PAULO"}]},{"@type":"WebSite","@id":"https:\/\/agustinosoala.org\/#website","url":"https:\/\/agustinosoala.org\/","name":"Organizaci\u00f3n de los Agustinos de Am\u00e9rica Latina - OALA","description":"&quot;Comunidad agustiniana comprometida con la fe, la misi\u00f3n y el servicio en latinoamerica.&quot;","publisher":{"@id":"https:\/\/agustinosoala.org\/#organization"},"alternateName":"OALA","potentialAction":[{"@type":"SearchAction","target":{"@type":"EntryPoint","urlTemplate":"https:\/\/agustinosoala.org\/?s={search_term_string}"},"query-input":{"@type":"PropertyValueSpecification","valueRequired":true,"valueName":"search_term_string"}}],"inLanguage":"pt-BR"},{"@type":"Organization","@id":"https:\/\/agustinosoala.org\/#organization","name":"Organizaci\u00f3n de los Agustinos de Am\u00e9rica Latina - OALA","alternateName":"OALA","url":"https:\/\/agustinosoala.org\/","logo":{"@type":"ImageObject","inLanguage":"pt-BR","@id":"https:\/\/agustinosoala.org\/#\/schema\/logo\/image\/","url":"https:\/\/agustinosoala.org\/wp-content\/uploads\/2025\/09\/logo-oala.webp","contentUrl":"https:\/\/agustinosoala.org\/wp-content\/uploads\/2025\/09\/logo-oala.webp","width":70,"height":70,"caption":"Organizaci\u00f3n de los Agustinos de Am\u00e9rica Latina - OALA"},"image":{"@id":"https:\/\/agustinosoala.org\/#\/schema\/logo\/image\/"},"sameAs":["https:\/\/www.facebook.com\/oalagustinos","https:\/\/www.youtube.com\/@oalagustinos","https:\/\/www.instagram.com\/oalagustinos_\/"]},{"@type":"Person","@id":"https:\/\/agustinosoala.org\/#\/schema\/person\/178932e184c8d3466b6667113d199936","name":"Edgar F.A","image":{"@type":"ImageObject","inLanguage":"pt-BR","@id":"https:\/\/secure.gravatar.com\/avatar\/6c9a108d59d32f65fd46cd81d74f68e9d3b5f426c259d6576a17c714edb363b6?s=96&d=mm&r=g","url":"https:\/\/secure.gravatar.com\/avatar\/6c9a108d59d32f65fd46cd81d74f68e9d3b5f426c259d6576a17c714edb363b6?s=96&d=mm&r=g","contentUrl":"https:\/\/secure.gravatar.com\/avatar\/6c9a108d59d32f65fd46cd81d74f68e9d3b5f426c259d6576a17c714edb363b6?s=96&d=mm&r=g","caption":"Edgar F.A"},"description":"Ingeniero de sistemas","sameAs":["https:\/\/agustinosoala.org","https:\/\/www.facebook.com\/EdgarLizardo3006\/","https:\/\/x.com\/https:\/\/x.com\/EDGAR_LIZARDO30"]}]}},"_links":{"self":[{"href":"https:\/\/agustinosoala.org\/pt\/wp-json\/wp\/v2\/posts\/1987","targetHints":{"allow":["GET"]}}],"collection":[{"href":"https:\/\/agustinosoala.org\/pt\/wp-json\/wp\/v2\/posts"}],"about":[{"href":"https:\/\/agustinosoala.org\/pt\/wp-json\/wp\/v2\/types\/post"}],"author":[{"embeddable":true,"href":"https:\/\/agustinosoala.org\/pt\/wp-json\/wp\/v2\/users\/1"}],"replies":[{"embeddable":true,"href":"https:\/\/agustinosoala.org\/pt\/wp-json\/wp\/v2\/comments?post=1987"}],"version-history":[{"count":12,"href":"https:\/\/agustinosoala.org\/pt\/wp-json\/wp\/v2\/posts\/1987\/revisions"}],"predecessor-version":[{"id":2754,"href":"https:\/\/agustinosoala.org\/pt\/wp-json\/wp\/v2\/posts\/1987\/revisions\/2754"}],"wp:featuredmedia":[{"embeddable":true,"href":"https:\/\/agustinosoala.org\/pt\/wp-json\/wp\/v2\/media\/1988"}],"wp:attachment":[{"href":"https:\/\/agustinosoala.org\/pt\/wp-json\/wp\/v2\/media?parent=1987"}],"wp:term":[{"taxonomy":"category","embeddable":true,"href":"https:\/\/agustinosoala.org\/pt\/wp-json\/wp\/v2\/categories?post=1987"},{"taxonomy":"post_tag","embeddable":true,"href":"https:\/\/agustinosoala.org\/pt\/wp-json\/wp\/v2\/tags?post=1987"}],"curies":[{"name":"wp","href":"https:\/\/api.w.org\/{rel}","templated":true}]}}