{"id":2329,"date":"2025-12-05T22:13:40","date_gmt":"2025-12-05T22:13:40","guid":{"rendered":"https:\/\/agustinosoala.org\/?p=2329"},"modified":"2026-05-01T23:48:45","modified_gmt":"2026-05-01T23:48:45","slug":"fraternidades-seculares","status":"publish","type":"post","link":"https:\/\/agustinosoala.org\/pt\/fraternidades-seculares\/","title":{"rendered":"Fraternidades Seculares"},"content":{"rendered":"<div data-elementor-type=\"wp-post\" data-elementor-id=\"2329\" class=\"elementor elementor-2329\">\n\t\t\t\t<div class=\"aux-parallax-section elementor-element elementor-element-33a60ada e-flex e-con-boxed wpr-particle-no wpr-jarallax-no wpr-parallax-no wpr-sticky-section-no wpr-equal-height-no e-con e-parent\" data-id=\"33a60ada\" data-element_type=\"container\" data-e-type=\"container\" data-settings=\"{&quot;background_background&quot;:&quot;classic&quot;}\">\n\t\t\t\t\t<div class=\"e-con-inner\">\n\t\t<div class=\"elementor-element elementor-element-9b217fd e-con-full e-flex wpr-particle-no wpr-jarallax-no wpr-parallax-no wpr-sticky-section-no wpr-equal-height-no e-con e-child\" data-id=\"9b217fd\" data-element_type=\"container\" data-e-type=\"container\" data-settings=\"{&quot;background_background&quot;:&quot;classic&quot;}\">\n\t\t\t\t<div class=\"elementor-element elementor-element-4bd98263 elementor-widget elementor-widget-elementskit-heading\" data-id=\"4bd98263\" data-element_type=\"widget\" data-e-type=\"widget\" data-widget_type=\"elementskit-heading.default\">\n\t\t\t\t\t<div class=\"ekit-wid-con\" ><div class=\"ekit-heading elementskit-section-title-wraper text_center   ekit_heading_tablet-   ekit_heading_mobile-\"><h3 class=\"ekit-heading--title elementskit-section-title\"><span><span>\"<\/span><\/span>Nos hiciste, Se\u00f1or, para ti, y nuestro coraz\u00f3n est\u00e1 inquieto hasta que descanse en ti<span><span>\"<\/span><\/span> <span><span>San Agust\u00edn. Confessiones (Confesiones), Libro I, cap. 1.<\/span><\/span><\/h3><\/div><\/div>\t\t\t\t<\/div>\n\t\t\t\t<\/div>\n\t\t\t\t\t<\/div>\n\t\t\t\t<\/div>\n\t\t<div class=\"aux-parallax-section elementor-element elementor-element-39d0159e e-flex e-con-boxed wpr-particle-no wpr-jarallax-no wpr-parallax-no wpr-sticky-section-no wpr-equal-height-no e-con e-parent\" data-id=\"39d0159e\" data-element_type=\"container\" data-e-type=\"container\">\n\t\t\t\t\t<div class=\"e-con-inner\">\n\t\t<div class=\"elementor-element elementor-element-2777525d e-con-full e-flex wpr-particle-no wpr-jarallax-no wpr-parallax-no wpr-sticky-section-no wpr-equal-height-no e-con e-child\" data-id=\"2777525d\" data-element_type=\"container\" data-e-type=\"container\">\n\t\t\t\t<div class=\"elementor-element elementor-element-4dc5cae9 elementor-widget elementor-widget-heading\" data-id=\"4dc5cae9\" data-element_type=\"widget\" data-e-type=\"widget\" data-widget_type=\"heading.default\">\n\t\t\t\t\t<h2 class=\"elementor-heading-title elementor-size-default\">Fraternidades Seculares<\/h2>\t\t\t\t<\/div>\n\t\t\t\t<\/div>\n\t\t\t\t\t<\/div>\n\t\t\t\t<\/div>\n\t\t<div class=\"aux-parallax-section elementor-element elementor-element-a6c7b9f e-flex e-con-boxed wpr-particle-no wpr-jarallax-no wpr-parallax-no wpr-sticky-section-no wpr-equal-height-no e-con e-parent\" data-id=\"a6c7b9f\" data-element_type=\"container\" data-e-type=\"container\">\n\t\t\t\t\t<div class=\"e-con-inner\">\n\t\t<div class=\"elementor-element elementor-element-314015b e-con-full e-flex wpr-particle-no wpr-jarallax-no wpr-parallax-no wpr-sticky-section-no wpr-equal-height-no e-con e-child\" data-id=\"314015b\" data-element_type=\"container\" data-e-type=\"container\">\n\t\t<div class=\"elementor-element elementor-element-9ad81c8 e-con-full e-flex wpr-particle-no wpr-jarallax-no wpr-parallax-no wpr-sticky-section-no wpr-equal-height-no e-con e-child\" data-id=\"9ad81c8\" data-element_type=\"container\" data-e-type=\"container\">\n\t\t\t\t<div class=\"elementor-element elementor-element-9e32de0 wpr-advanced-accordion-icon-no-box elementor-widget elementor-widget-wpr-advanced-accordion\" data-id=\"9e32de0\" data-element_type=\"widget\" data-e-type=\"widget\" data-settings=\"{&quot;active_item&quot;:1}\" data-widget_type=\"wpr-advanced-accordion.default\">\n\t\t\t\t\t\n            <div class=\"wpr-advanced-accordion\" data-accordion-type=\"accordion\" data-active-index=\"1\" data-accordion-trigger=\"click\" data-interaction-speed=\"0.4\">\n\n\t\t\t\n                \n\t\t\t\t\t<div class=\"wpr-accordion-item-wrap\">\n\t\t\t\t\t\t<button class=\"wpr-acc-button\">\n\t\t\t\t\t\t\t<span class=\"wpr-acc-item-title\">\n\t\t\t\t\t\t\t\t\t\t\t\t<span class=\"wpr-title-icon\">\n\t\t\t\t\t<i aria-hidden=\"true\" class=\"fas fa-desktop\"><\/i>\t\t\t\t<\/span>\n\t\t\t\n\t\t\t\t\t\t\t\t<span class=\"wpr-acc-title-text\">Laicos OSA Am\u00e9rica Latina<\/span>\n\t\t\t\t\t\t\t<\/span>\n\t\t\t\t\t\t\t\t\t\t\t<span class=\"wpr-toggle-icon wpr-ti-close\"><svg aria-hidden=\"true\" class=\"e-font-icon-svg e-fas-plus\" viewbox=\"0 0 448 512\" xmlns=\"http:\/\/www.w3.org\/2000\/svg\"><path d=\"M416 208H272V64c0-17.67-14.33-32-32-32h-32c-17.67 0-32 14.33-32 32v144H32c-17.67 0-32 14.33-32 32v32c0 17.67 14.33 32 32 32h144v144c0 17.67 14.33 32 32 32h32c17.67 0 32-14.33 32-32V304h144c17.67 0 32-14.33 32-32v-32c0-17.67-14.33-32-32-32z\"><\/path><\/svg><\/span>\n\t\t\t\t<span class=\"wpr-toggle-icon wpr-ti-open\"><i aria-hidden=\"true\" class=\"auxicon auxicon-close-1\"><\/i><\/span>\n\t\t\t\t\t\t\t\t\t<\/button>\n\n\t\t\t\t\t\t<div class=\"wpr-acc-panel\">\n\t\t\t\t\t\t\t\t\t\t\t\t\t\t\t<div class=\"wpr-acc-panel-content\"><ul><li><span style=\"color: #a91913;\"><a style=\"color: #a91913;\" href=\"https:\/\/agustinosoala.org\/wp-content\/uploads\/2025\/12\/PRESENTACION-FAS-LAICOS.pptx\" target=\"_blank\" rel=\"noopener\">Realidad, estructura y organizaci\u00f3n de las Fraternidades Agustinas Seculares (FAS) de Am\u00e9rica Latina y el Caribe<\/a><\/span><\/li><\/ul><\/div>\n\t\t\t\t\t\t\t\t\t\t\t\t\t<\/div>\n                    <\/div>\n\n                            <\/div>\n        \t\t\t\t<\/div>\n\t\t\t\t<\/div>\n\t\t\t\t<\/div>\n\t\t<div class=\"elementor-element elementor-element-b0f7071 e-con-full e-flex wpr-particle-no wpr-jarallax-no wpr-parallax-no wpr-sticky-section-no wpr-equal-height-no e-con e-child\" data-id=\"b0f7071\" data-element_type=\"container\" data-e-type=\"container\">\n\t\t\t\t<div class=\"elementor-element elementor-element-8777bf6 elementor-widget elementor-widget-heading\" data-id=\"8777bf6\" data-element_type=\"widget\" data-e-type=\"widget\" data-widget_type=\"heading.default\">\n\t\t\t\t\t<h2 class=\"elementor-heading-title elementor-size-default\"><a href=\"https:\/\/agustinosoala.org\/pt\/login\/\">Escuela de Formaci\u00f3n Permanente EFA \ud83d\udd17<\/a><\/h2>\t\t\t\t<\/div>\n\t\t\t\t<div class=\"elementor-element elementor-element-f32aea0 elementor-widget elementor-widget-elementskit-team\" data-id=\"f32aea0\" data-element_type=\"widget\" data-e-type=\"widget\" data-widget_type=\"elementskit-team.default\">\n\t\t\t\t<div class=\"elementor-widget-container\">\n\t\t\t\t\t<div class=\"ekit-wid-con\">\n\t\t\t\n\t\t\t\t<div class=\"profile-square-v square-v4 elementor-animation- ekit-team-style-hover_info\">\n\t\t\t\t\t<div class=\"profile-card text-center\">\n\t\t\t\t\t\t<div class=\"profile-header ekit-team-img\" >\n\t\t\t\t\t\t\t<img fetchpriority=\"high\" decoding=\"async\" width=\"957\" height=\"1024\" src=\"https:\/\/agustinosoala.org\/wp-content\/uploads\/2025\/09\/OALA-IMAGEN-EDIT-2-957x1024.png\" class=\"attachment-large size-large wp-image-215\" alt=\"Logo_Oala\" \/>\t\t\t\t\t\t<\/div><!-- .profile-header END -->\n\t\t\t\t\t\t<div class=\"profile-body\">\n\t\t\t\t\t\t\t<h2 class=\"profile-title\">\n\t\t\t\t\t\t\t\t\t\t\t\t\t\t\tFr. Yuliano Viveros Aedo\t\t\t\t\t\t\t\t\t\t\t\t\t\t<\/h2>\n\t\t\t\t\t\t\t<p class=\"profile-designation\">Responsable Actual del \u00c1rea<\/p>\n\t\t\t\t\t\t\t\t\t\t\t\t\t\t<ul class=\"ekit-team-social-list\">\n\t\t\t<li class=\"elementor-repeater-item-b21e89d\">\n\t\t\t<a href=\"https:\/\/facebook.com\" aria-label=\"Facebook\">\n\t\t\t\t<i aria-hidden=\"true\" class=\"icon icon-facebook\"><\/i>\t\t\t<\/a>\n\t\t<\/li>\n\t\t\t<li class=\"elementor-repeater-item-09239ac\">\n\t\t\t<a href=\"https:\/\/facebook.com\" aria-label=\"Gmail\">\n\t\t\t\t<i aria-hidden=\"true\" class=\"icon icon-email\"><\/i>\t\t\t<\/a>\n\t\t<\/li>\n\t<\/ul>\n\t\t\t\t\t\t<\/div>\n\t\t\t\t\t<\/div>\n\t\t\t\t<\/div>\n\t\t\t\n\t\t\t\t<\/div>\t\t\t\t<\/div>\n\t\t\t\t<\/div>\n\t\t\t\t<\/div>\n\t\t\t\t\t<\/div>\n\t\t\t\t<\/div>\n\t\t\t\t<\/div>","protected":false},"excerpt":{"rendered":"<p>\u00abNos hiciste, Se\u00f1or, para ti, y nuestro coraz\u00f3n est\u00e1 inquieto hasta que descanse en ti\u00bb San Agust\u00edn. Confessiones (Confesiones), Libro I, cap. 1. Fraternidades Seculares Laicos OSA Am\u00e9rica Latina Realidad, estructura y organizaci\u00f3n de las Fraternidades Agustinas Seculares (FAS) de Am\u00e9rica Latina y el Caribe Escuela de Formaci\u00f3n Permanente EFA \ud83d\udd17 Fr. Yuliano Viveros Aedo Responsable Actual del \u00c1rea<\/p>","protected":false},"author":1,"featured_media":0,"comment_status":"closed","ping_status":"closed","sticky":false,"template":"elementor_header_footer","format":"standard","meta":{"inline_featured_image":false,"postBodyCss":"","postBodyMargin":[],"postBodyPadding":[],"postBodyBackground":{"backgroundType":"classic","gradient":""},"footnotes":""},"categories":[32],"tags":[37,36,59,58],"class_list":["post-2329","post","type-post","status-publish","format-standard","hentry","category-areas","tag-agustinos","tag-agustinos-latinoamerica","tag-cfraternidades-seculares-organizacion-de-los-agustinos-de-america-latina","tag-fraternidades-seculares-oala"],"yoast_head":"<!-- This site is optimized with the Yoast SEO plugin v27.5 - https:\/\/yoast.com\/product\/yoast-seo-wordpress\/ -->\n<title>Fraternidades Seculares OALA - Agustinos en Am\u00e9rica Latina<\/title>\n<meta name=\"description\" content=\"Informaci\u00f3n sobre las Fraternidades Seculares de la Organizaci\u00f3n de los Agustinos en Am\u00e9rica Latina OALA y su compromiso en la vida cristiana.\" \/>\n<meta name=\"robots\" content=\"index, follow, max-snippet:-1, max-image-preview:large, max-video-preview:-1\" \/>\n<link rel=\"canonical\" href=\"https:\/\/agustinosoala.org\/pt\/fraternidades-seculares\/\" \/>\n<meta property=\"og:locale\" content=\"pt_BR\" \/>\n<meta property=\"og:type\" content=\"article\" \/>\n<meta property=\"og:title\" content=\"Fraternidades Seculares OALA - Agustinos en Am\u00e9rica Latina\" \/>\n<meta property=\"og:description\" content=\"Informaci\u00f3n sobre las Fraternidades Seculares de la Organizaci\u00f3n de los Agustinos en Am\u00e9rica Latina OALA y su compromiso en la vida cristiana.\" \/>\n<meta property=\"og:url\" content=\"https:\/\/agustinosoala.org\/pt\/fraternidades-seculares\/\" \/>\n<meta property=\"og:site_name\" content=\"OALA - Organizaci\u00f3n de los Agustinos de Am\u00e9rica Latina\" \/>\n<meta property=\"article:publisher\" content=\"https:\/\/www.facebook.com\/oalagustinos\" \/>\n<meta property=\"article:author\" content=\"https:\/\/www.facebook.com\/EdgarLizardo3006\/\" \/>\n<meta property=\"article:published_time\" content=\"2025-12-05T22:13:40+00:00\" \/>\n<meta property=\"article:modified_time\" content=\"2026-05-01T23:48:45+00:00\" \/>\n<meta property=\"og:image\" content=\"https:\/\/agustinosoala.org\/wp-content\/uploads\/2025\/09\/OALA-IMAGEN-EDIT-2.png\" \/>\n\t<meta property=\"og:image:width\" content=\"957\" \/>\n\t<meta property=\"og:image:height\" content=\"1074\" \/>\n\t<meta property=\"og:image:type\" content=\"image\/png\" \/>\n<meta name=\"author\" content=\"Edgar F.A\" \/>\n<meta name=\"twitter:card\" content=\"summary_large_image\" \/>\n<meta name=\"twitter:creator\" content=\"@https:\/\/x.com\/EDGAR_LIZARDO30\" \/>\n<meta name=\"twitter:label1\" content=\"Written by\" \/>\n\t<meta name=\"twitter:data1\" content=\"Edgar F.A\" \/>\n\t<meta name=\"twitter:label2\" content=\"Est. reading time\" \/>\n\t<meta name=\"twitter:data2\" content=\"1 minuto\" \/>\n<script type=\"application\/ld+json\" class=\"yoast-schema-graph\">{\"@context\":\"https:\\\/\\\/schema.org\",\"@graph\":[{\"@type\":\"Article\",\"@id\":\"https:\\\/\\\/agustinosoala.org\\\/fraternidades-seculares\\\/#article\",\"isPartOf\":{\"@id\":\"https:\\\/\\\/agustinosoala.org\\\/fraternidades-seculares\\\/\"},\"author\":{\"name\":\"Edgar F.A\",\"@id\":\"https:\\\/\\\/agustinosoala.org\\\/#\\\/schema\\\/person\\\/178932e184c8d3466b6667113d199936\"},\"headline\":\"Fraternidades Seculares\",\"datePublished\":\"2025-12-05T22:13:40+00:00\",\"dateModified\":\"2026-05-01T23:48:45+00:00\",\"mainEntityOfPage\":{\"@id\":\"https:\\\/\\\/agustinosoala.org\\\/fraternidades-seculares\\\/\"},\"wordCount\":66,\"publisher\":{\"@id\":\"https:\\\/\\\/agustinosoala.org\\\/#organization\"},\"image\":{\"@id\":\"https:\\\/\\\/agustinosoala.org\\\/fraternidades-seculares\\\/#primaryimage\"},\"thumbnailUrl\":\"https:\\\/\\\/agustinosoala.org\\\/wp-content\\\/uploads\\\/2025\\\/09\\\/OALA-IMAGEN-EDIT-2-957x1024.png\",\"keywords\":[\"Agustinos\",\"Agustinos Latinoamerica\",\"CFraternidades Seculares Organizaci\u00f3n de los Agustinos de Am\u00e9rica Latina\",\"Fraternidades Seculares Oala\"],\"articleSection\":[\"Areas\"],\"inLanguage\":\"pt-BR\"},{\"@type\":\"WebPage\",\"@id\":\"https:\\\/\\\/agustinosoala.org\\\/fraternidades-seculares\\\/\",\"url\":\"https:\\\/\\\/agustinosoala.org\\\/fraternidades-seculares\\\/\",\"name\":\"Fraternidades Seculares OALA - Agustinos en Am\u00e9rica Latina\",\"isPartOf\":{\"@id\":\"https:\\\/\\\/agustinosoala.org\\\/#website\"},\"primaryImageOfPage\":{\"@id\":\"https:\\\/\\\/agustinosoala.org\\\/fraternidades-seculares\\\/#primaryimage\"},\"image\":{\"@id\":\"https:\\\/\\\/agustinosoala.org\\\/fraternidades-seculares\\\/#primaryimage\"},\"thumbnailUrl\":\"https:\\\/\\\/agustinosoala.org\\\/wp-content\\\/uploads\\\/2025\\\/09\\\/OALA-IMAGEN-EDIT-2-957x1024.png\",\"datePublished\":\"2025-12-05T22:13:40+00:00\",\"dateModified\":\"2026-05-01T23:48:45+00:00\",\"description\":\"Informaci\u00f3n sobre las Fraternidades Seculares de la Organizaci\u00f3n de los Agustinos en Am\u00e9rica Latina OALA y su compromiso en la vida cristiana.\",\"breadcrumb\":{\"@id\":\"https:\\\/\\\/agustinosoala.org\\\/fraternidades-seculares\\\/#breadcrumb\"},\"inLanguage\":\"pt-BR\",\"potentialAction\":[{\"@type\":\"ReadAction\",\"target\":[\"https:\\\/\\\/agustinosoala.org\\\/fraternidades-seculares\\\/\"]}]},{\"@type\":\"ImageObject\",\"inLanguage\":\"pt-BR\",\"@id\":\"https:\\\/\\\/agustinosoala.org\\\/fraternidades-seculares\\\/#primaryimage\",\"url\":\"https:\\\/\\\/agustinosoala.org\\\/wp-content\\\/uploads\\\/2025\\\/09\\\/OALA-IMAGEN-EDIT-2-957x1024.png\",\"contentUrl\":\"https:\\\/\\\/agustinosoala.org\\\/wp-content\\\/uploads\\\/2025\\\/09\\\/OALA-IMAGEN-EDIT-2-957x1024.png\"},{\"@type\":\"BreadcrumbList\",\"@id\":\"https:\\\/\\\/agustinosoala.org\\\/fraternidades-seculares\\\/#breadcrumb\",\"itemListElement\":[{\"@type\":\"ListItem\",\"position\":1,\"name\":\"Portada\",\"item\":\"https:\\\/\\\/agustinosoala.org\\\/\"},{\"@type\":\"ListItem\",\"position\":2,\"name\":\"Fraternidades Seculares\"}]},{\"@type\":\"WebSite\",\"@id\":\"https:\\\/\\\/agustinosoala.org\\\/#website\",\"url\":\"https:\\\/\\\/agustinosoala.org\\\/\",\"name\":\"Organizaci\u00f3n de los Agustinos de Am\u00e9rica Latina - OALA\",\"description\":\"&quot;Comunidad agustiniana comprometida con la fe, la misi\u00f3n y el servicio en latinoamerica.&quot;\",\"publisher\":{\"@id\":\"https:\\\/\\\/agustinosoala.org\\\/#organization\"},\"alternateName\":\"OALA\",\"potentialAction\":[{\"@type\":\"SearchAction\",\"target\":{\"@type\":\"EntryPoint\",\"urlTemplate\":\"https:\\\/\\\/agustinosoala.org\\\/?s={search_term_string}\"},\"query-input\":{\"@type\":\"PropertyValueSpecification\",\"valueRequired\":true,\"valueName\":\"search_term_string\"}}],\"inLanguage\":\"pt-BR\"},{\"@type\":\"Organization\",\"@id\":\"https:\\\/\\\/agustinosoala.org\\\/#organization\",\"name\":\"Organizaci\u00f3n de los Agustinos de Am\u00e9rica Latina - OALA\",\"alternateName\":\"OALA\",\"url\":\"https:\\\/\\\/agustinosoala.org\\\/\",\"logo\":{\"@type\":\"ImageObject\",\"inLanguage\":\"pt-BR\",\"@id\":\"https:\\\/\\\/agustinosoala.org\\\/#\\\/schema\\\/logo\\\/image\\\/\",\"url\":\"https:\\\/\\\/agustinosoala.org\\\/wp-content\\\/uploads\\\/2025\\\/09\\\/logo-oala.webp\",\"contentUrl\":\"https:\\\/\\\/agustinosoala.org\\\/wp-content\\\/uploads\\\/2025\\\/09\\\/logo-oala.webp\",\"width\":70,\"height\":70,\"caption\":\"Organizaci\u00f3n de los Agustinos de Am\u00e9rica Latina - OALA\"},\"image\":{\"@id\":\"https:\\\/\\\/agustinosoala.org\\\/#\\\/schema\\\/logo\\\/image\\\/\"},\"sameAs\":[\"https:\\\/\\\/www.facebook.com\\\/oalagustinos\",\"https:\\\/\\\/www.youtube.com\\\/@oalagustinos\",\"https:\\\/\\\/www.instagram.com\\\/oalagustinos_\\\/\"]},{\"@type\":\"Person\",\"@id\":\"https:\\\/\\\/agustinosoala.org\\\/#\\\/schema\\\/person\\\/178932e184c8d3466b6667113d199936\",\"name\":\"Edgar F.A\",\"image\":{\"@type\":\"ImageObject\",\"inLanguage\":\"pt-BR\",\"@id\":\"https:\\\/\\\/secure.gravatar.com\\\/avatar\\\/6c9a108d59d32f65fd46cd81d74f68e9d3b5f426c259d6576a17c714edb363b6?s=96&d=mm&r=g\",\"url\":\"https:\\\/\\\/secure.gravatar.com\\\/avatar\\\/6c9a108d59d32f65fd46cd81d74f68e9d3b5f426c259d6576a17c714edb363b6?s=96&d=mm&r=g\",\"contentUrl\":\"https:\\\/\\\/secure.gravatar.com\\\/avatar\\\/6c9a108d59d32f65fd46cd81d74f68e9d3b5f426c259d6576a17c714edb363b6?s=96&d=mm&r=g\",\"caption\":\"Edgar F.A\"},\"description\":\"Ingeniero de sistemas\",\"sameAs\":[\"https:\\\/\\\/agustinosoala.org\",\"https:\\\/\\\/www.facebook.com\\\/EdgarLizardo3006\\\/\",\"https:\\\/\\\/x.com\\\/https:\\\/\\\/x.com\\\/EDGAR_LIZARDO30\"]}]}<\/script>\n<!-- \/ Yoast SEO plugin. -->","yoast_head_json":{"title":"Fraternidades Seculares OALA - Agustinos en Am\u00e9rica Latina","description":"Informaci\u00f3n sobre las Fraternidades Seculares de la Organizaci\u00f3n de los Agustinos en Am\u00e9rica Latina OALA y su compromiso en la vida cristiana.","robots":{"index":"index","follow":"follow","max-snippet":"max-snippet:-1","max-image-preview":"max-image-preview:large","max-video-preview":"max-video-preview:-1"},"canonical":"https:\/\/agustinosoala.org\/pt\/fraternidades-seculares\/","og_locale":"pt_BR","og_type":"article","og_title":"Fraternidades Seculares OALA - Agustinos en Am\u00e9rica Latina","og_description":"Informaci\u00f3n sobre las Fraternidades Seculares de la Organizaci\u00f3n de los Agustinos en Am\u00e9rica Latina OALA y su compromiso en la vida cristiana.","og_url":"https:\/\/agustinosoala.org\/pt\/fraternidades-seculares\/","og_site_name":"OALA - Organizaci\u00f3n de los Agustinos de Am\u00e9rica Latina","article_publisher":"https:\/\/www.facebook.com\/oalagustinos","article_author":"https:\/\/www.facebook.com\/EdgarLizardo3006\/","article_published_time":"2025-12-05T22:13:40+00:00","article_modified_time":"2026-05-01T23:48:45+00:00","og_image":[{"width":957,"height":1074,"url":"https:\/\/agustinosoala.org\/wp-content\/uploads\/2025\/09\/OALA-IMAGEN-EDIT-2.png","type":"image\/png"}],"author":"Edgar F.A","twitter_card":"summary_large_image","twitter_creator":"@https:\/\/x.com\/EDGAR_LIZARDO30","twitter_misc":{"Written by":"Edgar F.A","Est. reading time":"1 minuto"},"schema":{"@context":"https:\/\/schema.org","@graph":[{"@type":"Article","@id":"https:\/\/agustinosoala.org\/fraternidades-seculares\/#article","isPartOf":{"@id":"https:\/\/agustinosoala.org\/fraternidades-seculares\/"},"author":{"name":"Edgar F.A","@id":"https:\/\/agustinosoala.org\/#\/schema\/person\/178932e184c8d3466b6667113d199936"},"headline":"Fraternidades Seculares","datePublished":"2025-12-05T22:13:40+00:00","dateModified":"2026-05-01T23:48:45+00:00","mainEntityOfPage":{"@id":"https:\/\/agustinosoala.org\/fraternidades-seculares\/"},"wordCount":66,"publisher":{"@id":"https:\/\/agustinosoala.org\/#organization"},"image":{"@id":"https:\/\/agustinosoala.org\/fraternidades-seculares\/#primaryimage"},"thumbnailUrl":"https:\/\/agustinosoala.org\/wp-content\/uploads\/2025\/09\/OALA-IMAGEN-EDIT-2-957x1024.png","keywords":["Agustinos","Agustinos Latinoamerica","CFraternidades Seculares Organizaci\u00f3n de los Agustinos de Am\u00e9rica Latina","Fraternidades Seculares Oala"],"articleSection":["Areas"],"inLanguage":"pt-BR"},{"@type":"WebPage","@id":"https:\/\/agustinosoala.org\/fraternidades-seculares\/","url":"https:\/\/agustinosoala.org\/fraternidades-seculares\/","name":"Fraternidades Seculares OALA - Agustinos en Am\u00e9rica Latina","isPartOf":{"@id":"https:\/\/agustinosoala.org\/#website"},"primaryImageOfPage":{"@id":"https:\/\/agustinosoala.org\/fraternidades-seculares\/#primaryimage"},"image":{"@id":"https:\/\/agustinosoala.org\/fraternidades-seculares\/#primaryimage"},"thumbnailUrl":"https:\/\/agustinosoala.org\/wp-content\/uploads\/2025\/09\/OALA-IMAGEN-EDIT-2-957x1024.png","datePublished":"2025-12-05T22:13:40+00:00","dateModified":"2026-05-01T23:48:45+00:00","description":"Informaci\u00f3n sobre las Fraternidades Seculares de la Organizaci\u00f3n de los Agustinos en Am\u00e9rica Latina OALA y su compromiso en la vida cristiana.","breadcrumb":{"@id":"https:\/\/agustinosoala.org\/fraternidades-seculares\/#breadcrumb"},"inLanguage":"pt-BR","potentialAction":[{"@type":"ReadAction","target":["https:\/\/agustinosoala.org\/fraternidades-seculares\/"]}]},{"@type":"ImageObject","inLanguage":"pt-BR","@id":"https:\/\/agustinosoala.org\/fraternidades-seculares\/#primaryimage","url":"https:\/\/agustinosoala.org\/wp-content\/uploads\/2025\/09\/OALA-IMAGEN-EDIT-2-957x1024.png","contentUrl":"https:\/\/agustinosoala.org\/wp-content\/uploads\/2025\/09\/OALA-IMAGEN-EDIT-2-957x1024.png"},{"@type":"BreadcrumbList","@id":"https:\/\/agustinosoala.org\/fraternidades-seculares\/#breadcrumb","itemListElement":[{"@type":"ListItem","position":1,"name":"Portada","item":"https:\/\/agustinosoala.org\/"},{"@type":"ListItem","position":2,"name":"Fraternidades Seculares"}]},{"@type":"WebSite","@id":"https:\/\/agustinosoala.org\/#website","url":"https:\/\/agustinosoala.org\/","name":"Organizaci\u00f3n de los Agustinos de Am\u00e9rica Latina - OALA","description":"&quot;Comunidad agustiniana comprometida con la fe, la misi\u00f3n y el servicio en latinoamerica.&quot;","publisher":{"@id":"https:\/\/agustinosoala.org\/#organization"},"alternateName":"OALA","potentialAction":[{"@type":"SearchAction","target":{"@type":"EntryPoint","urlTemplate":"https:\/\/agustinosoala.org\/?s={search_term_string}"},"query-input":{"@type":"PropertyValueSpecification","valueRequired":true,"valueName":"search_term_string"}}],"inLanguage":"pt-BR"},{"@type":"Organization","@id":"https:\/\/agustinosoala.org\/#organization","name":"Organizaci\u00f3n de los Agustinos de Am\u00e9rica Latina - OALA","alternateName":"OALA","url":"https:\/\/agustinosoala.org\/","logo":{"@type":"ImageObject","inLanguage":"pt-BR","@id":"https:\/\/agustinosoala.org\/#\/schema\/logo\/image\/","url":"https:\/\/agustinosoala.org\/wp-content\/uploads\/2025\/09\/logo-oala.webp","contentUrl":"https:\/\/agustinosoala.org\/wp-content\/uploads\/2025\/09\/logo-oala.webp","width":70,"height":70,"caption":"Organizaci\u00f3n de los Agustinos de Am\u00e9rica Latina - OALA"},"image":{"@id":"https:\/\/agustinosoala.org\/#\/schema\/logo\/image\/"},"sameAs":["https:\/\/www.facebook.com\/oalagustinos","https:\/\/www.youtube.com\/@oalagustinos","https:\/\/www.instagram.com\/oalagustinos_\/"]},{"@type":"Person","@id":"https:\/\/agustinosoala.org\/#\/schema\/person\/178932e184c8d3466b6667113d199936","name":"Edgar F.A","image":{"@type":"ImageObject","inLanguage":"pt-BR","@id":"https:\/\/secure.gravatar.com\/avatar\/6c9a108d59d32f65fd46cd81d74f68e9d3b5f426c259d6576a17c714edb363b6?s=96&d=mm&r=g","url":"https:\/\/secure.gravatar.com\/avatar\/6c9a108d59d32f65fd46cd81d74f68e9d3b5f426c259d6576a17c714edb363b6?s=96&d=mm&r=g","contentUrl":"https:\/\/secure.gravatar.com\/avatar\/6c9a108d59d32f65fd46cd81d74f68e9d3b5f426c259d6576a17c714edb363b6?s=96&d=mm&r=g","caption":"Edgar F.A"},"description":"Ingeniero de sistemas","sameAs":["https:\/\/agustinosoala.org","https:\/\/www.facebook.com\/EdgarLizardo3006\/","https:\/\/x.com\/https:\/\/x.com\/EDGAR_LIZARDO30"]}]}},"_links":{"self":[{"href":"https:\/\/agustinosoala.org\/pt\/wp-json\/wp\/v2\/posts\/2329","targetHints":{"allow":["GET"]}}],"collection":[{"href":"https:\/\/agustinosoala.org\/pt\/wp-json\/wp\/v2\/posts"}],"about":[{"href":"https:\/\/agustinosoala.org\/pt\/wp-json\/wp\/v2\/types\/post"}],"author":[{"embeddable":true,"href":"https:\/\/agustinosoala.org\/pt\/wp-json\/wp\/v2\/users\/1"}],"replies":[{"embeddable":true,"href":"https:\/\/agustinosoala.org\/pt\/wp-json\/wp\/v2\/comments?post=2329"}],"version-history":[{"count":22,"href":"https:\/\/agustinosoala.org\/pt\/wp-json\/wp\/v2\/posts\/2329\/revisions"}],"predecessor-version":[{"id":2962,"href":"https:\/\/agustinosoala.org\/pt\/wp-json\/wp\/v2\/posts\/2329\/revisions\/2962"}],"wp:attachment":[{"href":"https:\/\/agustinosoala.org\/pt\/wp-json\/wp\/v2\/media?parent=2329"}],"wp:term":[{"taxonomy":"category","embeddable":true,"href":"https:\/\/agustinosoala.org\/pt\/wp-json\/wp\/v2\/categories?post=2329"},{"taxonomy":"post_tag","embeddable":true,"href":"https:\/\/agustinosoala.org\/pt\/wp-json\/wp\/v2\/tags?post=2329"}],"curies":[{"name":"wp","href":"https:\/\/api.w.org\/{rel}","templated":true}]}}