{"id":2671,"date":"2026-01-22T15:43:13","date_gmt":"2026-01-22T15:43:13","guid":{"rendered":"https:\/\/agustinosoala.org\/?p=2671"},"modified":"2026-03-29T06:05:00","modified_gmt":"2026-03-29T06:05:00","slug":"nuevo-secretario","status":"publish","type":"post","link":"https:\/\/agustinosoala.org\/pt\/nuevo-secretario\/","title":{"rendered":"NUEVO SECRETARIO GENERAL INTERINO"},"content":{"rendered":"<div data-elementor-type=\"wp-post\" data-elementor-id=\"2671\" class=\"elementor elementor-2671\">\n\t\t\t\t<div class=\"aux-parallax-section elementor-element elementor-element-3f4a2e91 e-flex e-con-boxed wpr-particle-no wpr-jarallax-no wpr-parallax-no wpr-sticky-section-no wpr-equal-height-no e-con e-parent\" data-id=\"3f4a2e91\" data-element_type=\"container\" data-e-type=\"container\" data-settings=\"{&quot;background_background&quot;:&quot;classic&quot;}\">\n\t\t\t\t\t<div class=\"e-con-inner\">\n\t\t<div class=\"elementor-element elementor-element-7616105 e-con-full e-flex wpr-particle-no wpr-jarallax-no wpr-parallax-no wpr-sticky-section-no wpr-equal-height-no e-con e-child\" data-id=\"7616105\" data-element_type=\"container\" data-e-type=\"container\" data-settings=\"{&quot;background_background&quot;:&quot;classic&quot;}\">\n\t\t\t\t<div class=\"elementor-element elementor-element-56f6ac7b elementor-widget elementor-widget-elementskit-heading\" data-id=\"56f6ac7b\" data-element_type=\"widget\" data-e-type=\"widget\" data-widget_type=\"elementskit-heading.default\">\n\t\t\t\t\t<div class=\"ekit-wid-con\" ><div class=\"ekit-heading elementskit-section-title-wraper text_center   ekit_heading_tablet-   ekit_heading_mobile-\"><h3 class=\"ekit-heading--title elementskit-section-title\"><span><span>\"<\/span><\/span>Nos hiciste, Se\u00f1or, para ti, y nuestro coraz\u00f3n est\u00e1 inquieto hasta que descanse en ti<span><span>\"<\/span><\/span> <span><span>San Agust\u00edn. Confessiones (Confesiones), Libro I, cap. 1.<\/span><\/span><\/h3><\/div><\/div>\t\t\t\t<\/div>\n\t\t\t\t<\/div>\n\t\t\t\t\t<\/div>\n\t\t\t\t<\/div>\n\t\t<div class=\"aux-parallax-section elementor-element elementor-element-5a1fea91 e-flex e-con-boxed wpr-particle-no wpr-jarallax-no wpr-parallax-no wpr-sticky-section-no wpr-equal-height-no e-con e-parent\" data-id=\"5a1fea91\" data-element_type=\"container\" data-e-type=\"container\">\n\t\t\t\t\t<div class=\"e-con-inner\">\n\t\t\t\t<div class=\"elementor-element elementor-element-21b3b34e elementor-widget elementor-widget-heading\" data-id=\"21b3b34e\" data-element_type=\"widget\" data-e-type=\"widget\" data-widget_type=\"heading.default\">\n\t\t\t\t\t<h2 class=\"elementor-heading-title elementor-size-default\"><a href=\"https:\/\/agustinosoala.org\/pt\/noticias-eventos\/\">Post \/ ....<\/a><\/h2>\t\t\t\t<\/div>\n\t\t\t\t\t<\/div>\n\t\t\t\t<\/div>\n\t\t<div class=\"aux-parallax-section elementor-element elementor-element-2a42f41f e-flex e-con-boxed wpr-particle-no wpr-jarallax-no wpr-parallax-no wpr-sticky-section-no wpr-equal-height-no e-con e-parent\" data-id=\"2a42f41f\" data-element_type=\"container\" data-e-type=\"container\">\n\t\t\t\t\t<div class=\"e-con-inner\">\n\t\t<div class=\"elementor-element elementor-element-5c5125c9 e-con-full e-flex wpr-particle-no wpr-jarallax-no wpr-parallax-no wpr-sticky-section-no wpr-equal-height-no e-con e-child\" data-id=\"5c5125c9\" data-element_type=\"container\" data-e-type=\"container\">\n\t\t\t\t<div class=\"elementor-element elementor-element-12f98f93 elementor-widget elementor-widget-wpr-post-title\" data-id=\"12f98f93\" data-element_type=\"widget\" data-e-type=\"widget\" data-widget_type=\"wpr-post-title.default\">\n\t\t\t\t\t<h1 class=\"wpr-post-title\">NUEVO SECRETARIO GENERAL INTERINO<\/h1>\t\t\t\t<\/div>\n\t\t<div class=\"elementor-element elementor-element-3852a596 e-flex e-con-boxed wpr-particle-no wpr-jarallax-no wpr-parallax-no wpr-sticky-section-no wpr-equal-height-no e-con e-child\" data-id=\"3852a596\" data-element_type=\"container\" data-e-type=\"container\">\n\t\t\t\t\t<div class=\"e-con-inner\">\n\t\t<div class=\"elementor-element elementor-element-2fddbce4 e-con-full e-flex wpr-particle-no wpr-jarallax-no wpr-parallax-no wpr-sticky-section-no wpr-equal-height-no e-con e-child\" data-id=\"2fddbce4\" data-element_type=\"container\" data-e-type=\"container\">\n\t\t\t\t<div class=\"elementor-element elementor-element-621b0ef3 elementor-vertical-align-middle elementor-widget elementor-widget-image-box\" data-id=\"621b0ef3\" data-element_type=\"widget\" data-e-type=\"widget\" data-widget_type=\"image-box.default\">\n\t\t\t\t\t<div class=\"elementor-image-box-wrapper\"><div class=\"elementor-image-box-content\"><h3 class=\"elementor-image-box-title\">Fecha<\/h3><p class=\"elementor-image-box-description\">Enero 22, 2026<\/p><\/div><\/div>\t\t\t\t<\/div>\n\t\t\t\t<\/div>\n\t\t<div class=\"elementor-element elementor-element-7614ff29 e-con-full e-flex wpr-particle-no wpr-jarallax-no wpr-parallax-no wpr-sticky-section-no wpr-equal-height-no e-con e-child\" data-id=\"7614ff29\" data-element_type=\"container\" data-e-type=\"container\">\n\t\t\t\t<div class=\"elementor-element elementor-element-fa336e3 elementor-vertical-align-middle elementor-widget elementor-widget-image-box\" data-id=\"fa336e3\" data-element_type=\"widget\" data-e-type=\"widget\" data-widget_type=\"image-box.default\">\n\t\t\t\t\t<div class=\"elementor-image-box-wrapper\"><div class=\"elementor-image-box-content\"><h3 class=\"elementor-image-box-title\">\u00daltima Actualizaci\u00f3n<\/h3><p class=\"elementor-image-box-description\">Enero 22, 2026<\/p><\/div><\/div>\t\t\t\t<\/div>\n\t\t\t\t<\/div>\n\t\t<div class=\"elementor-element elementor-element-198b9937 e-con-full e-flex wpr-particle-no wpr-jarallax-no wpr-parallax-no wpr-sticky-section-no wpr-equal-height-no e-con e-child\" data-id=\"198b9937\" data-element_type=\"container\" data-e-type=\"container\">\n\t\t\t\t<div class=\"elementor-element elementor-element-a2e0ee7 elementor-vertical-align-middle elementor-widget elementor-widget-image-box\" data-id=\"a2e0ee7\" data-element_type=\"widget\" data-e-type=\"widget\" data-widget_type=\"image-box.default\">\n\t\t\t\t\t<div class=\"elementor-image-box-wrapper\"><div class=\"elementor-image-box-content\"><h3 class=\"elementor-image-box-title\">Noticia<\/h3><p class=\"elementor-image-box-description\">Importante<\/p><\/div><\/div>\t\t\t\t<\/div>\n\t\t\t\t<\/div>\n\t\t\t\t\t<\/div>\n\t\t\t\t<\/div>\n\t\t\t\t<div class=\"elementor-element elementor-element-7dc7b34d elementor-widget elementor-widget-image\" data-id=\"7dc7b34d\" data-element_type=\"widget\" data-e-type=\"widget\" data-widget_type=\"image.default\">\n\t\t\t\t\t\t\t\t\t\t\t\t\t\t\t<img fetchpriority=\"high\" decoding=\"async\" width=\"768\" height=\"768\" src=\"https:\/\/agustinosoala.org\/wp-content\/uploads\/2026\/02\/Secretario-general-interino-768x768.jpg\" class=\"attachment-medium_large size-medium_large wp-image-2673\" alt=\"\" srcset=\"https:\/\/agustinosoala.org\/wp-content\/uploads\/2026\/02\/Secretario-general-interino-768x768.jpg 768w, https:\/\/agustinosoala.org\/wp-content\/uploads\/2026\/02\/Secretario-general-interino-300x300.jpg 300w, https:\/\/agustinosoala.org\/wp-content\/uploads\/2026\/02\/Secretario-general-interino-1024x1024.jpg 1024w, https:\/\/agustinosoala.org\/wp-content\/uploads\/2026\/02\/Secretario-general-interino-150x150.jpg 150w\" sizes=\"(max-width: 768px) 100vw, 768px\" \/>\t\t\t\t\t\t\t\t\t\t\t\t\t\t\t<\/div>\n\t\t\t\t<div class=\"elementor-element elementor-element-4b1a41df elementor-widget elementor-widget-heading\" data-id=\"4b1a41df\" data-element_type=\"widget\" data-e-type=\"widget\" data-widget_type=\"heading.default\">\n\t\t\t\t\t<h2 class=\"elementor-heading-title elementor-size-default\">EN REUNI\u00d3N EXTRAORDINARIA, LA DIRECTIVA DE OALA ELIGE A NUEVO SECRETARIO GENERAL INTERINO<\/h2>\t\t\t\t<\/div>\n\t\t\t\t<div class=\"elementor-element elementor-element-19350bb3 elementor-widget elementor-widget-text-editor\" data-id=\"19350bb3\" data-element_type=\"widget\" data-e-type=\"widget\" data-widget_type=\"text-editor.default\">\n\t\t\t\t\t\t\t\t\t<div class=\"x14z9mp xat24cr x1lziwak x1vvkbs xtlvy1s x126k92a\"><div dir=\"auto\">En un clima de oraci\u00f3n, fraternidad y discernimiento comunitario, la Directiva de la Organizaci\u00f3n de Agustinos de Latinoam\u00e9rica y el Caribe (OALA) celebr\u00f3 su Reuni\u00f3n Extraordinaria el jueves 22 de enero de 2026, desarrollando una intensa jornada marcada por el esp\u00edritu sinodal y la comuni\u00f3n agustiniana.<\/div><\/div><div class=\"x14z9mp xat24cr x1lziwak x1vvkbs xtlvy1s x126k92a\"><div dir=\"auto\">La jornada inici\u00f3 con la Oraci\u00f3n de Laudes, seguida de la oraci\u00f3n de apertura e invocaci\u00f3n al Esp\u00edritu Santo, animada por el P. Juan Carlos Ayala, OSA. El encuentro fue acogido por el P. Mauricio Manosso, OSA, Prior Provincial de la Provincia Santa M\u00f3nica de Brasil, quien destac\u00f3 con gratitud la reciente Consagraci\u00f3n Episcopal del primer obispo agustino brasile\u00f1o, P. Fr. Marcio Vidal de Negreiros.<\/div><\/div>\t\t\t\t\t\t\t\t<\/div>\n\t\t\t\t<div class=\"elementor-element elementor-element-539b16f3 elementor-widget elementor-widget-text-editor\" data-id=\"539b16f3\" data-element_type=\"widget\" data-e-type=\"widget\" data-widget_type=\"text-editor.default\">\n\t\t\t\t\t\t\t\t\t<div class=\"x14z9mp xat24cr x1lziwak x1vvkbs xtlvy1s x126k92a\"><div dir=\"auto\">Posteriormente, el P. Benjam\u00edn Garc\u00eda, OSA, Asistente General para Am\u00e9rica Latina y el Caribe, transmiti\u00f3 los saludos del Papa Le\u00f3n XIV y del Prior General de la Orden, subrayando la coherencia del carisma agustiniano, el trabajo sinodal y algunas orientaciones del \u00faltimo Cap\u00edtulo General relacionadas con la vida y misi\u00f3n de OALA.<\/div><\/div><div class=\"x14z9mp xat24cr x1lziwak x1vvkbs xtlvy1s x126k92a\"><div dir=\"auto\">Uno de los momentos m\u00e1s significativos fue la despedida y entrega de la gesti\u00f3n del P. Fr. Marcio Vidal, Secretario General de OALA (2023\u20132025), quien agradeci\u00f3 la experiencia vivida al servicio de la fraternidad continental, manifestando su confianza en el Se\u00f1or y su gratitud por el camino recorrido junto a la Directiva.<\/div><\/div>\t\t\t\t\t\t\t\t<\/div>\n\t\t\t\t<div class=\"elementor-element elementor-element-5b6ec44 elementor-widget elementor-widget-heading\" data-id=\"5b6ec44\" data-element_type=\"widget\" data-e-type=\"widget\" data-widget_type=\"heading.default\">\n\t\t\t\t\t<h2 class=\"elementor-heading-title elementor-size-default\">Elecci\u00f3n del Secretario General Interino<\/h2>\t\t\t\t<\/div>\n\t\t\t\t<div class=\"elementor-element elementor-element-14516dfc elementor-widget elementor-widget-text-editor\" data-id=\"14516dfc\" data-element_type=\"widget\" data-e-type=\"widget\" data-widget_type=\"text-editor.default\">\n\t\t\t\t\t\t\t\t\t<p>En horas de la tarde, y conforme a los Estatutos de OALA, se realiz\u00f3 la elecci\u00f3n del nuevo Secretario General Interino para el per\u00edodo enero 2026 \u2013 abril 2027. Tras el proceso de exploratio mentis, la renuncia de algunos candidatos y la votaci\u00f3n secreta final, la Asamblea confirm\u00f3 como nuevo Secretario General Interino a:<\/p>\t\t\t\t\t\t\t\t<\/div>\n\t\t\t\t<div class=\"elementor-element elementor-element-fb516e5 elementor-widget elementor-widget-text-editor\" data-id=\"fb516e5\" data-element_type=\"widget\" data-e-type=\"widget\" data-widget_type=\"text-editor.default\">\n\t\t\t\t\t\t\t\t\t<p><span class=\"html-span xexx8yu xyri2b x18d9i69 x1c1uobl x1hl2dhg x16tdsg8 x1vvkbs x3nfvp2 x1j61x8r x1fcty0u xdj266r xat24cr xm2jcoa x1mpyi22 xxymvpz xlup9mm x1kky2od\">\ud83d\udc49<\/span><strong>P. Fr. Marco Antonio Luna Medrano, OSA<\/strong><\/p>\t\t\t\t\t\t\t\t<\/div>\n\t\t\t\t<div class=\"elementor-element elementor-element-0fc8663 elementor-widget elementor-widget-text-editor\" data-id=\"0fc8663\" data-element_type=\"widget\" data-e-type=\"widget\" data-widget_type=\"text-editor.default\">\n\t\t\t\t\t\t\t\t\t<div class=\"x14z9mp xat24cr x1lziwak x1vvkbs xtlvy1s x126k92a\"><div dir=\"auto\">El P. Fr. Marco Antonio Luna Medrano es actualmente Superior Provincial de la Provincia San Nicol\u00e1s de Tolentino de Michoac\u00e1n (M\u00e9xico), cargo que ejerce por dos per\u00edodos consecutivos desde julio de 2018, culminando su servicio provincial en julio de 2026.<\/div><div dir=\"auto\">Realiz\u00f3 su Profesi\u00f3n Solemne en el a\u00f1o 2000 y recibi\u00f3 la Ordenaci\u00f3n Sacerdotal el 13 de noviembre de 2006. Es Licenciado en Vida Consagrada por la Universidad Claretiana de Roma, formaci\u00f3n que respalda su experiencia en el acompa\u00f1amiento y animaci\u00f3n de la vida religiosa.<\/div><\/div><div class=\"x14z9mp xat24cr x1lziwak x1vvkbs xtlvy1s x126k92a\"><div dir=\"auto\">El nuevo Secretario General Interino acept\u00f3 el encargo con esp\u00edritu de servicio, asumiendo la misi\u00f3n de animar, coordinar y fortalecer la vida y misi\u00f3n de OALA hasta la Asamblea General Ordinaria de abril de 2027, que se celebrar\u00e1 en San Salvador.<\/div><\/div><div class=\"x14z9mp xat24cr x1lziwak x1vvkbs xtlvy1s x126k92a\"><div dir=\"auto\">La reuni\u00f3n continu\u00f3 con los informes de las distintas \u00e1reas de OALA, la programaci\u00f3n de actividades continentales y concluy\u00f3 con la celebraci\u00f3n de la Santa Misa, presidida por el Asistente General, cerrando la jornada en acci\u00f3n de gracias y esperanza.<\/div><\/div><div class=\"x14z9mp xat24cr x1lziwak x1vvkbs xtlvy1s x126k92a\"><div dir=\"auto\">OALA renueva as\u00ed su compromiso de caminar unida, fortaleciendo la vida religiosa agustiniana y su servicio a la Iglesia en Am\u00e9rica Latina y el Caribe.<\/div><\/div>\t\t\t\t\t\t\t\t<\/div>\n\t\t\t\t<div class=\"elementor-element elementor-element-fdc3b2f elementor-arrows-position-outside e-transform e-transform elementor-pagination-position-outside elementor-widget elementor-widget-image-carousel\" data-id=\"fdc3b2f\" data-element_type=\"widget\" data-e-type=\"widget\" data-settings=\"{&quot;slides_to_show&quot;:&quot;2&quot;,&quot;autoplay_speed&quot;:4000,&quot;navigation&quot;:&quot;both&quot;,&quot;autoplay&quot;:&quot;yes&quot;,&quot;pause_on_hover&quot;:&quot;yes&quot;,&quot;pause_on_interaction&quot;:&quot;yes&quot;,&quot;infinite&quot;:&quot;yes&quot;,&quot;speed&quot;:500,&quot;_transform_translateX_effect&quot;:{&quot;unit&quot;:&quot;px&quot;,&quot;size&quot;:&quot;&quot;,&quot;sizes&quot;:[]},&quot;_transform_translateX_effect_tablet&quot;:{&quot;unit&quot;:&quot;px&quot;,&quot;size&quot;:&quot;&quot;,&quot;sizes&quot;:[]},&quot;_transform_translateX_effect_mobile&quot;:{&quot;unit&quot;:&quot;px&quot;,&quot;size&quot;:&quot;&quot;,&quot;sizes&quot;:[]},&quot;_transform_translateY_effect&quot;:{&quot;unit&quot;:&quot;px&quot;,&quot;size&quot;:&quot;&quot;,&quot;sizes&quot;:[]},&quot;_transform_translateY_effect_tablet&quot;:{&quot;unit&quot;:&quot;px&quot;,&quot;size&quot;:&quot;&quot;,&quot;sizes&quot;:[]},&quot;_transform_translateY_effect_mobile&quot;:{&quot;unit&quot;:&quot;px&quot;,&quot;size&quot;:&quot;&quot;,&quot;sizes&quot;:[]},&quot;_transform_scale_effect&quot;:{&quot;unit&quot;:&quot;px&quot;,&quot;size&quot;:&quot;&quot;,&quot;sizes&quot;:[]},&quot;_transform_scale_effect_tablet&quot;:{&quot;unit&quot;:&quot;px&quot;,&quot;size&quot;:&quot;&quot;,&quot;sizes&quot;:[]},&quot;_transform_scale_effect_mobile&quot;:{&quot;unit&quot;:&quot;px&quot;,&quot;size&quot;:&quot;&quot;,&quot;sizes&quot;:[]}}\" data-widget_type=\"image-carousel.default\">\n\t\t\t\t\t\t\t<div class=\"elementor-image-carousel-wrapper swiper\" role=\"region\" aria-roledescription=\"carousel\" aria-label=\"Carrusel de im\u00e1genes\" dir=\"ltr\">\n\t\t\t<div class=\"elementor-image-carousel swiper-wrapper\" aria-live=\"off\">\n\t\t\t\t\t\t\t\t<div class=\"swiper-slide\" role=\"group\" aria-roledescription=\"slide\" aria-label=\"1 de 3\"><figure class=\"swiper-slide-inner\"><img decoding=\"async\" class=\"swiper-slide-image\" src=\"https:\/\/agustinosoala.org\/wp-content\/uploads\/elementor\/thumbs\/Brasil-group-1-rjjbf3j3fwvrc5yhehuhoed1anjb7371dcge2pna8w.jpg\" alt=\"Brasil group 1\" \/><\/figure><\/div><div class=\"swiper-slide\" role=\"group\" aria-roledescription=\"slide\" aria-label=\"2 de 3\"><figure class=\"swiper-slide-inner\"><img decoding=\"async\" class=\"swiper-slide-image\" src=\"https:\/\/agustinosoala.org\/wp-content\/uploads\/elementor\/thumbs\/Brasil-group-2-rjjbet6vcqhlsgdi2vdleyyyrey9uf1znxa1so2m5c.jpg\" alt=\"Brasil group 2\" \/><\/figure><\/div><div class=\"swiper-slide\" role=\"group\" aria-roledescription=\"slide\" aria-label=\"3 de 3\"><figure class=\"swiper-slide-inner\"><img decoding=\"async\" class=\"swiper-slide-image\" src=\"https:\/\/agustinosoala.org\/wp-content\/uploads\/elementor\/thumbs\/Brasil-group-3-rjjbehwt2q25x4tvwqi2l1tfmshva1t7mdg81cjc80.jpg\" alt=\"Brasil group 3\" \/><\/figure><\/div>\t\t\t<\/div>\n\t\t\t\t\t\t\t\t\t\t\t\t<div class=\"elementor-swiper-button elementor-swiper-button-prev\" role=\"button\" tabindex=\"0\">\n\t\t\t\t\t\t<svg aria-hidden=\"true\" class=\"e-font-icon-svg e-eicon-chevron-left\" viewbox=\"0 0 1000 1000\" xmlns=\"http:\/\/www.w3.org\/2000\/svg\"><path d=\"M646 125C629 125 613 133 604 142L308 442C296 454 292 471 292 487 292 504 296 521 308 533L604 854C617 867 629 875 646 875 663 875 679 871 692 858 704 846 713 829 713 812 713 796 708 779 692 767L438 487 692 225C700 217 708 204 708 187 708 171 704 154 692 142 675 129 663 125 646 125Z\"><\/path><\/svg>\t\t\t\t\t<\/div>\n\t\t\t\t\t<div class=\"elementor-swiper-button elementor-swiper-button-next\" role=\"button\" tabindex=\"0\">\n\t\t\t\t\t\t<svg aria-hidden=\"true\" class=\"e-font-icon-svg e-eicon-chevron-right\" viewbox=\"0 0 1000 1000\" xmlns=\"http:\/\/www.w3.org\/2000\/svg\"><path d=\"M696 533C708 521 713 504 713 487 713 471 708 454 696 446L400 146C388 133 375 125 354 125 338 125 325 129 313 142 300 154 292 171 292 187 292 204 296 221 308 233L563 492 304 771C292 783 288 800 288 817 288 833 296 850 308 863 321 871 338 875 354 875 371 875 388 867 400 854L696 533Z\"><\/path><\/svg>\t\t\t\t\t<\/div>\n\t\t\t\t\n\t\t\t\t\t\t\t\t\t<div class=\"swiper-pagination\"><\/div>\n\t\t\t\t\t\t\t\t\t<\/div>\n\t\t\t\t\t\t<\/div>\n\t\t\t\t<\/div>\n\t\t\t\t\t<\/div>\n\t\t\t\t<\/div>\n\t\t\t\t<\/div>","protected":false},"excerpt":{"rendered":"<p>En horas de la tarde, y conforme a los Estatutos de OALA, se realiz\u00f3 la elecci\u00f3n del nuevo Secretario General Interino para el per\u00edodo enero 2026 \u2013 abril 2027. Tras el proceso de exploratio mentis, la renuncia de algunos candidatos y la votaci\u00f3n secreta final, la Asamblea confirm\u00f3 como nuevo Secretario General Interino a: P. Fr. Marco Antonio Luna Medrano, OSA<\/p>","protected":false},"author":1,"featured_media":2673,"comment_status":"open","ping_status":"open","sticky":false,"template":"elementor_header_footer","format":"standard","meta":{"inline_featured_image":false,"postBodyCss":"","postBodyMargin":[],"postBodyPadding":[],"postBodyBackground":{"backgroundType":"classic","gradient":""},"footnotes":""},"categories":[6],"tags":[],"class_list":["post-2671","post","type-post","status-publish","format-standard","has-post-thumbnail","hentry","category-noticia"],"yoast_head":"<!-- This site is optimized with the Yoast SEO plugin v27.5 - https:\/\/yoast.com\/product\/yoast-seo-wordpress\/ -->\n<title>El Papa Leon XIV nombra a Fray Marcio como Obispo Auxiliar de S\u00c3O PAULO<\/title>\n<meta name=\"description\" content=\"La Organizaci\u00f3n de Agustinos de Latinoam\u00e9rica y el Caribe (OALA) comparte con profundo gozo el nombramiento del P. M\u00e1rcio Antonio Vidal de Negreiros, OSA \u2014hasta hoy Secretario General de la Organizaci\u00f3n\u2014 como Obispo Auxiliar de la Arquidi\u00f3cesis de S\u00e3o Paulo, designado por el Papa Le\u00f3n XIV.\" \/>\n<meta name=\"robots\" content=\"index, follow, max-snippet:-1, max-image-preview:large, max-video-preview:-1\" \/>\n<link rel=\"canonical\" href=\"https:\/\/agustinosoala.org\/pt\/en\/nuevo-secretario\/\" \/>\n<meta property=\"og:locale\" content=\"pt_BR\" \/>\n<meta property=\"og:type\" content=\"article\" \/>\n<meta property=\"og:title\" content=\"El Papa Leon XIV nombra a Fray Marcio como Obispo Auxiliar de S\u00c3O PAULO\" \/>\n<meta property=\"og:description\" content=\"La Organizaci\u00f3n de Agustinos de Latinoam\u00e9rica y el Caribe (OALA) comparte con profundo gozo el nombramiento del P. M\u00e1rcio Antonio Vidal de Negreiros, OSA \u2014hasta hoy Secretario General de la Organizaci\u00f3n\u2014 como Obispo Auxiliar de la Arquidi\u00f3cesis de S\u00e3o Paulo, designado por el Papa Le\u00f3n XIV.\" \/>\n<meta property=\"og:url\" content=\"https:\/\/agustinosoala.org\/pt\/en\/nuevo-secretario\/\" \/>\n<meta property=\"og:site_name\" content=\"OALA - Organizaci\u00f3n de los Agustinos de Am\u00e9rica Latina\" \/>\n<meta property=\"article:publisher\" content=\"https:\/\/www.facebook.com\/oalagustinos\" \/>\n<meta property=\"article:author\" content=\"https:\/\/www.facebook.com\/EdgarLizardo3006\/\" \/>\n<meta property=\"article:published_time\" content=\"2026-01-22T15:43:13+00:00\" \/>\n<meta property=\"article:modified_time\" content=\"2026-03-29T06:05:00+00:00\" \/>\n<meta property=\"og:image\" content=\"https:\/\/agustinosoala.org\/wp-content\/uploads\/2026\/02\/Secretario-general-interino.jpg\" \/>\n\t<meta property=\"og:image:width\" content=\"2048\" \/>\n\t<meta property=\"og:image:height\" content=\"1192\" \/>\n\t<meta property=\"og:image:type\" content=\"image\/jpeg\" \/>\n<meta name=\"author\" content=\"Edgar F.A\" \/>\n<meta name=\"twitter:card\" content=\"summary_large_image\" \/>\n<meta name=\"twitter:creator\" content=\"@https:\/\/x.com\/EDGAR_LIZARDO30\" \/>\n<meta name=\"twitter:label1\" content=\"Written by\" \/>\n\t<meta name=\"twitter:data1\" content=\"Edgar F.A\" \/>\n\t<meta name=\"twitter:label2\" content=\"Est. reading time\" \/>\n\t<meta name=\"twitter:data2\" content=\"4 minutos\" \/>\n<script type=\"application\/ld+json\" class=\"yoast-schema-graph\">{\"@context\":\"https:\\\/\\\/schema.org\",\"@graph\":[{\"@type\":\"Article\",\"@id\":\"https:\\\/\\\/agustinosoala.org\\\/en\\\/nuevo-secretario\\\/#article\",\"isPartOf\":{\"@id\":\"https:\\\/\\\/agustinosoala.org\\\/en\\\/nuevo-secretario\\\/\"},\"author\":{\"name\":\"Edgar F.A\",\"@id\":\"https:\\\/\\\/agustinosoala.org\\\/#\\\/schema\\\/person\\\/178932e184c8d3466b6667113d199936\"},\"headline\":\"NUEVO SECRETARIO GENERAL INTERINO\",\"datePublished\":\"2026-01-22T15:43:13+00:00\",\"dateModified\":\"2026-03-29T06:05:00+00:00\",\"mainEntityOfPage\":{\"@id\":\"https:\\\/\\\/agustinosoala.org\\\/en\\\/nuevo-secretario\\\/\"},\"wordCount\":559,\"commentCount\":0,\"publisher\":{\"@id\":\"https:\\\/\\\/agustinosoala.org\\\/#organization\"},\"image\":{\"@id\":\"https:\\\/\\\/agustinosoala.org\\\/en\\\/nuevo-secretario\\\/#primaryimage\"},\"thumbnailUrl\":\"https:\\\/\\\/agustinosoala.org\\\/wp-content\\\/uploads\\\/2026\\\/02\\\/Secretario-general-interino.jpg\",\"articleSection\":[\"Noticia\"],\"inLanguage\":\"pt-BR\",\"potentialAction\":[{\"@type\":\"CommentAction\",\"name\":\"Comment\",\"target\":[\"https:\\\/\\\/agustinosoala.org\\\/en\\\/nuevo-secretario\\\/#respond\"]}]},{\"@type\":\"WebPage\",\"@id\":\"https:\\\/\\\/agustinosoala.org\\\/en\\\/nuevo-secretario\\\/\",\"url\":\"https:\\\/\\\/agustinosoala.org\\\/en\\\/nuevo-secretario\\\/\",\"name\":\"El Papa Leon XIV nombra a Fray Marcio como Obispo Auxiliar de S\u00c3O PAULO\",\"isPartOf\":{\"@id\":\"https:\\\/\\\/agustinosoala.org\\\/#website\"},\"primaryImageOfPage\":{\"@id\":\"https:\\\/\\\/agustinosoala.org\\\/en\\\/nuevo-secretario\\\/#primaryimage\"},\"image\":{\"@id\":\"https:\\\/\\\/agustinosoala.org\\\/en\\\/nuevo-secretario\\\/#primaryimage\"},\"thumbnailUrl\":\"https:\\\/\\\/agustinosoala.org\\\/wp-content\\\/uploads\\\/2026\\\/02\\\/Secretario-general-interino.jpg\",\"datePublished\":\"2026-01-22T15:43:13+00:00\",\"dateModified\":\"2026-03-29T06:05:00+00:00\",\"description\":\"La Organizaci\u00f3n de Agustinos de Latinoam\u00e9rica y el Caribe (OALA) comparte con profundo gozo el nombramiento del P. M\u00e1rcio Antonio Vidal de Negreiros, OSA \u2014hasta hoy Secretario General de la Organizaci\u00f3n\u2014 como Obispo Auxiliar de la Arquidi\u00f3cesis de S\u00e3o Paulo, designado por el Papa Le\u00f3n XIV.\",\"breadcrumb\":{\"@id\":\"https:\\\/\\\/agustinosoala.org\\\/en\\\/nuevo-secretario\\\/#breadcrumb\"},\"inLanguage\":\"pt-BR\",\"potentialAction\":[{\"@type\":\"ReadAction\",\"target\":[\"https:\\\/\\\/agustinosoala.org\\\/en\\\/nuevo-secretario\\\/\"]}]},{\"@type\":\"ImageObject\",\"inLanguage\":\"pt-BR\",\"@id\":\"https:\\\/\\\/agustinosoala.org\\\/en\\\/nuevo-secretario\\\/#primaryimage\",\"url\":\"https:\\\/\\\/agustinosoala.org\\\/wp-content\\\/uploads\\\/2026\\\/02\\\/Secretario-general-interino.jpg\",\"contentUrl\":\"https:\\\/\\\/agustinosoala.org\\\/wp-content\\\/uploads\\\/2026\\\/02\\\/Secretario-general-interino.jpg\",\"width\":2048,\"height\":1192},{\"@type\":\"BreadcrumbList\",\"@id\":\"https:\\\/\\\/agustinosoala.org\\\/en\\\/nuevo-secretario\\\/#breadcrumb\",\"itemListElement\":[{\"@type\":\"ListItem\",\"position\":1,\"name\":\"Portada\",\"item\":\"https:\\\/\\\/agustinosoala.org\\\/\"},{\"@type\":\"ListItem\",\"position\":2,\"name\":\"NUEVO SECRETARIO GENERAL INTERINO\"}]},{\"@type\":\"WebSite\",\"@id\":\"https:\\\/\\\/agustinosoala.org\\\/#website\",\"url\":\"https:\\\/\\\/agustinosoala.org\\\/\",\"name\":\"Organizaci\u00f3n de los Agustinos de Am\u00e9rica Latina - OALA\",\"description\":\"&quot;Comunidad agustiniana comprometida con la fe, la misi\u00f3n y el servicio en latinoamerica.&quot;\",\"publisher\":{\"@id\":\"https:\\\/\\\/agustinosoala.org\\\/#organization\"},\"alternateName\":\"OALA\",\"potentialAction\":[{\"@type\":\"SearchAction\",\"target\":{\"@type\":\"EntryPoint\",\"urlTemplate\":\"https:\\\/\\\/agustinosoala.org\\\/?s={search_term_string}\"},\"query-input\":{\"@type\":\"PropertyValueSpecification\",\"valueRequired\":true,\"valueName\":\"search_term_string\"}}],\"inLanguage\":\"pt-BR\"},{\"@type\":\"Organization\",\"@id\":\"https:\\\/\\\/agustinosoala.org\\\/#organization\",\"name\":\"Organizaci\u00f3n de los Agustinos de Am\u00e9rica Latina - OALA\",\"alternateName\":\"OALA\",\"url\":\"https:\\\/\\\/agustinosoala.org\\\/\",\"logo\":{\"@type\":\"ImageObject\",\"inLanguage\":\"pt-BR\",\"@id\":\"https:\\\/\\\/agustinosoala.org\\\/#\\\/schema\\\/logo\\\/image\\\/\",\"url\":\"https:\\\/\\\/agustinosoala.org\\\/wp-content\\\/uploads\\\/2025\\\/09\\\/logo-oala.webp\",\"contentUrl\":\"https:\\\/\\\/agustinosoala.org\\\/wp-content\\\/uploads\\\/2025\\\/09\\\/logo-oala.webp\",\"width\":70,\"height\":70,\"caption\":\"Organizaci\u00f3n de los Agustinos de Am\u00e9rica Latina - OALA\"},\"image\":{\"@id\":\"https:\\\/\\\/agustinosoala.org\\\/#\\\/schema\\\/logo\\\/image\\\/\"},\"sameAs\":[\"https:\\\/\\\/www.facebook.com\\\/oalagustinos\",\"https:\\\/\\\/www.youtube.com\\\/@oalagustinos\",\"https:\\\/\\\/www.instagram.com\\\/oalagustinos_\\\/\"]},{\"@type\":\"Person\",\"@id\":\"https:\\\/\\\/agustinosoala.org\\\/#\\\/schema\\\/person\\\/178932e184c8d3466b6667113d199936\",\"name\":\"Edgar F.A\",\"image\":{\"@type\":\"ImageObject\",\"inLanguage\":\"pt-BR\",\"@id\":\"https:\\\/\\\/secure.gravatar.com\\\/avatar\\\/6c9a108d59d32f65fd46cd81d74f68e9d3b5f426c259d6576a17c714edb363b6?s=96&d=mm&r=g\",\"url\":\"https:\\\/\\\/secure.gravatar.com\\\/avatar\\\/6c9a108d59d32f65fd46cd81d74f68e9d3b5f426c259d6576a17c714edb363b6?s=96&d=mm&r=g\",\"contentUrl\":\"https:\\\/\\\/secure.gravatar.com\\\/avatar\\\/6c9a108d59d32f65fd46cd81d74f68e9d3b5f426c259d6576a17c714edb363b6?s=96&d=mm&r=g\",\"caption\":\"Edgar F.A\"},\"description\":\"Ingeniero de sistemas\",\"sameAs\":[\"https:\\\/\\\/agustinosoala.org\",\"https:\\\/\\\/www.facebook.com\\\/EdgarLizardo3006\\\/\",\"https:\\\/\\\/x.com\\\/https:\\\/\\\/x.com\\\/EDGAR_LIZARDO30\"]}]}<\/script>\n<!-- \/ Yoast SEO plugin. -->","yoast_head_json":{"title":"El Papa Leon XIV nombra a Fray Marcio como Obispo Auxiliar de S\u00c3O PAULO","description":"La Organizaci\u00f3n de Agustinos de Latinoam\u00e9rica y el Caribe (OALA) comparte con profundo gozo el nombramiento del P. M\u00e1rcio Antonio Vidal de Negreiros, OSA \u2014hasta hoy Secretario General de la Organizaci\u00f3n\u2014 como Obispo Auxiliar de la Arquidi\u00f3cesis de S\u00e3o Paulo, designado por el Papa Le\u00f3n XIV.","robots":{"index":"index","follow":"follow","max-snippet":"max-snippet:-1","max-image-preview":"max-image-preview:large","max-video-preview":"max-video-preview:-1"},"canonical":"https:\/\/agustinosoala.org\/pt\/en\/nuevo-secretario\/","og_locale":"pt_BR","og_type":"article","og_title":"El Papa Leon XIV nombra a Fray Marcio como Obispo Auxiliar de S\u00c3O PAULO","og_description":"La Organizaci\u00f3n de Agustinos de Latinoam\u00e9rica y el Caribe (OALA) comparte con profundo gozo el nombramiento del P. M\u00e1rcio Antonio Vidal de Negreiros, OSA \u2014hasta hoy Secretario General de la Organizaci\u00f3n\u2014 como Obispo Auxiliar de la Arquidi\u00f3cesis de S\u00e3o Paulo, designado por el Papa Le\u00f3n XIV.","og_url":"https:\/\/agustinosoala.org\/pt\/en\/nuevo-secretario\/","og_site_name":"OALA - Organizaci\u00f3n de los Agustinos de Am\u00e9rica Latina","article_publisher":"https:\/\/www.facebook.com\/oalagustinos","article_author":"https:\/\/www.facebook.com\/EdgarLizardo3006\/","article_published_time":"2026-01-22T15:43:13+00:00","article_modified_time":"2026-03-29T06:05:00+00:00","og_image":[{"width":2048,"height":1192,"url":"https:\/\/agustinosoala.org\/wp-content\/uploads\/2026\/02\/Secretario-general-interino.jpg","type":"image\/jpeg"}],"author":"Edgar F.A","twitter_card":"summary_large_image","twitter_creator":"@https:\/\/x.com\/EDGAR_LIZARDO30","twitter_misc":{"Written by":"Edgar F.A","Est. reading time":"4 minutos"},"schema":{"@context":"https:\/\/schema.org","@graph":[{"@type":"Article","@id":"https:\/\/agustinosoala.org\/en\/nuevo-secretario\/#article","isPartOf":{"@id":"https:\/\/agustinosoala.org\/en\/nuevo-secretario\/"},"author":{"name":"Edgar F.A","@id":"https:\/\/agustinosoala.org\/#\/schema\/person\/178932e184c8d3466b6667113d199936"},"headline":"NUEVO SECRETARIO GENERAL INTERINO","datePublished":"2026-01-22T15:43:13+00:00","dateModified":"2026-03-29T06:05:00+00:00","mainEntityOfPage":{"@id":"https:\/\/agustinosoala.org\/en\/nuevo-secretario\/"},"wordCount":559,"commentCount":0,"publisher":{"@id":"https:\/\/agustinosoala.org\/#organization"},"image":{"@id":"https:\/\/agustinosoala.org\/en\/nuevo-secretario\/#primaryimage"},"thumbnailUrl":"https:\/\/agustinosoala.org\/wp-content\/uploads\/2026\/02\/Secretario-general-interino.jpg","articleSection":["Noticia"],"inLanguage":"pt-BR","potentialAction":[{"@type":"CommentAction","name":"Comment","target":["https:\/\/agustinosoala.org\/en\/nuevo-secretario\/#respond"]}]},{"@type":"WebPage","@id":"https:\/\/agustinosoala.org\/en\/nuevo-secretario\/","url":"https:\/\/agustinosoala.org\/en\/nuevo-secretario\/","name":"El Papa Leon XIV nombra a Fray Marcio como Obispo Auxiliar de S\u00c3O PAULO","isPartOf":{"@id":"https:\/\/agustinosoala.org\/#website"},"primaryImageOfPage":{"@id":"https:\/\/agustinosoala.org\/en\/nuevo-secretario\/#primaryimage"},"image":{"@id":"https:\/\/agustinosoala.org\/en\/nuevo-secretario\/#primaryimage"},"thumbnailUrl":"https:\/\/agustinosoala.org\/wp-content\/uploads\/2026\/02\/Secretario-general-interino.jpg","datePublished":"2026-01-22T15:43:13+00:00","dateModified":"2026-03-29T06:05:00+00:00","description":"La Organizaci\u00f3n de Agustinos de Latinoam\u00e9rica y el Caribe (OALA) comparte con profundo gozo el nombramiento del P. M\u00e1rcio Antonio Vidal de Negreiros, OSA \u2014hasta hoy Secretario General de la Organizaci\u00f3n\u2014 como Obispo Auxiliar de la Arquidi\u00f3cesis de S\u00e3o Paulo, designado por el Papa Le\u00f3n XIV.","breadcrumb":{"@id":"https:\/\/agustinosoala.org\/en\/nuevo-secretario\/#breadcrumb"},"inLanguage":"pt-BR","potentialAction":[{"@type":"ReadAction","target":["https:\/\/agustinosoala.org\/en\/nuevo-secretario\/"]}]},{"@type":"ImageObject","inLanguage":"pt-BR","@id":"https:\/\/agustinosoala.org\/en\/nuevo-secretario\/#primaryimage","url":"https:\/\/agustinosoala.org\/wp-content\/uploads\/2026\/02\/Secretario-general-interino.jpg","contentUrl":"https:\/\/agustinosoala.org\/wp-content\/uploads\/2026\/02\/Secretario-general-interino.jpg","width":2048,"height":1192},{"@type":"BreadcrumbList","@id":"https:\/\/agustinosoala.org\/en\/nuevo-secretario\/#breadcrumb","itemListElement":[{"@type":"ListItem","position":1,"name":"Portada","item":"https:\/\/agustinosoala.org\/"},{"@type":"ListItem","position":2,"name":"NUEVO SECRETARIO GENERAL INTERINO"}]},{"@type":"WebSite","@id":"https:\/\/agustinosoala.org\/#website","url":"https:\/\/agustinosoala.org\/","name":"Organizaci\u00f3n de los Agustinos de Am\u00e9rica Latina - OALA","description":"&quot;Comunidad agustiniana comprometida con la fe, la misi\u00f3n y el servicio en latinoamerica.&quot;","publisher":{"@id":"https:\/\/agustinosoala.org\/#organization"},"alternateName":"OALA","potentialAction":[{"@type":"SearchAction","target":{"@type":"EntryPoint","urlTemplate":"https:\/\/agustinosoala.org\/?s={search_term_string}"},"query-input":{"@type":"PropertyValueSpecification","valueRequired":true,"valueName":"search_term_string"}}],"inLanguage":"pt-BR"},{"@type":"Organization","@id":"https:\/\/agustinosoala.org\/#organization","name":"Organizaci\u00f3n de los Agustinos de Am\u00e9rica Latina - OALA","alternateName":"OALA","url":"https:\/\/agustinosoala.org\/","logo":{"@type":"ImageObject","inLanguage":"pt-BR","@id":"https:\/\/agustinosoala.org\/#\/schema\/logo\/image\/","url":"https:\/\/agustinosoala.org\/wp-content\/uploads\/2025\/09\/logo-oala.webp","contentUrl":"https:\/\/agustinosoala.org\/wp-content\/uploads\/2025\/09\/logo-oala.webp","width":70,"height":70,"caption":"Organizaci\u00f3n de los Agustinos de Am\u00e9rica Latina - OALA"},"image":{"@id":"https:\/\/agustinosoala.org\/#\/schema\/logo\/image\/"},"sameAs":["https:\/\/www.facebook.com\/oalagustinos","https:\/\/www.youtube.com\/@oalagustinos","https:\/\/www.instagram.com\/oalagustinos_\/"]},{"@type":"Person","@id":"https:\/\/agustinosoala.org\/#\/schema\/person\/178932e184c8d3466b6667113d199936","name":"Edgar F.A","image":{"@type":"ImageObject","inLanguage":"pt-BR","@id":"https:\/\/secure.gravatar.com\/avatar\/6c9a108d59d32f65fd46cd81d74f68e9d3b5f426c259d6576a17c714edb363b6?s=96&d=mm&r=g","url":"https:\/\/secure.gravatar.com\/avatar\/6c9a108d59d32f65fd46cd81d74f68e9d3b5f426c259d6576a17c714edb363b6?s=96&d=mm&r=g","contentUrl":"https:\/\/secure.gravatar.com\/avatar\/6c9a108d59d32f65fd46cd81d74f68e9d3b5f426c259d6576a17c714edb363b6?s=96&d=mm&r=g","caption":"Edgar F.A"},"description":"Ingeniero de sistemas","sameAs":["https:\/\/agustinosoala.org","https:\/\/www.facebook.com\/EdgarLizardo3006\/","https:\/\/x.com\/https:\/\/x.com\/EDGAR_LIZARDO30"]}]}},"_links":{"self":[{"href":"https:\/\/agustinosoala.org\/pt\/wp-json\/wp\/v2\/posts\/2671","targetHints":{"allow":["GET"]}}],"collection":[{"href":"https:\/\/agustinosoala.org\/pt\/wp-json\/wp\/v2\/posts"}],"about":[{"href":"https:\/\/agustinosoala.org\/pt\/wp-json\/wp\/v2\/types\/post"}],"author":[{"embeddable":true,"href":"https:\/\/agustinosoala.org\/pt\/wp-json\/wp\/v2\/users\/1"}],"replies":[{"embeddable":true,"href":"https:\/\/agustinosoala.org\/pt\/wp-json\/wp\/v2\/comments?post=2671"}],"version-history":[{"count":5,"href":"https:\/\/agustinosoala.org\/pt\/wp-json\/wp\/v2\/posts\/2671\/revisions"}],"predecessor-version":[{"id":2755,"href":"https:\/\/agustinosoala.org\/pt\/wp-json\/wp\/v2\/posts\/2671\/revisions\/2755"}],"wp:featuredmedia":[{"embeddable":true,"href":"https:\/\/agustinosoala.org\/pt\/wp-json\/wp\/v2\/media\/2673"}],"wp:attachment":[{"href":"https:\/\/agustinosoala.org\/pt\/wp-json\/wp\/v2\/media?parent=2671"}],"wp:term":[{"taxonomy":"category","embeddable":true,"href":"https:\/\/agustinosoala.org\/pt\/wp-json\/wp\/v2\/categories?post=2671"},{"taxonomy":"post_tag","embeddable":true,"href":"https:\/\/agustinosoala.org\/pt\/wp-json\/wp\/v2\/tags?post=2671"}],"curies":[{"name":"wp","href":"https:\/\/api.w.org\/{rel}","templated":true}]}}