{"id":3359,"date":"2026-08-29T03:54:25","date_gmt":"2026-08-29T03:54:25","guid":{"rendered":"https:\/\/agustinosoala.org\/?p=3359"},"modified":"2026-09-06T04:17:26","modified_gmt":"2026-09-06T04:17:26","slug":"mons-lizardo-estrada-herrera-obispo-coadjutor-cusco","status":"publish","type":"post","link":"https:\/\/agustinosoala.org\/pt\/mons-lizardo-estrada-herrera-obispo-coadjutor-cusco\/","title":{"rendered":"Mons. Lizardo Estrada Herrera, OSA, nuevo Obispo Coadjutor del Cusco"},"content":{"rendered":"\t\t<div data-elementor-type=\"wp-post\" data-elementor-id=\"3359\" class=\"elementor elementor-3359\">\n\t\t\t\t<div class=\"aux-parallax-section elementor-element elementor-element-3f4a2e91 e-flex e-con-boxed wpr-particle-no wpr-jarallax-no wpr-parallax-no wpr-sticky-section-no wpr-column-slider-no wpr-equal-height-no e-con e-parent\" data-id=\"3f4a2e91\" data-element_type=\"container\" data-e-type=\"container\" data-settings=\"{&quot;background_background&quot;:&quot;classic&quot;}\">\n\t\t\t\t\t<div class=\"e-con-inner\">\n\t\t<div class=\"elementor-element elementor-element-7616105 e-con-full e-flex wpr-particle-no wpr-jarallax-no wpr-parallax-no wpr-sticky-section-no wpr-column-slider-no wpr-equal-height-no e-con e-child\" data-id=\"7616105\" data-element_type=\"container\" data-e-type=\"container\" data-settings=\"{&quot;background_background&quot;:&quot;classic&quot;}\">\n\t\t\t\t<div class=\"elementor-element elementor-element-56f6ac7b elementor-widget elementor-widget-elementskit-heading\" data-id=\"56f6ac7b\" data-element_type=\"widget\" data-e-type=\"widget\" data-widget_type=\"elementskit-heading.default\">\n\t\t\t\t\t<div class=\"ekit-wid-con\" ><div class=\"ekit-heading elementskit-section-title-wraper text_center   ekit_heading_tablet-   ekit_heading_mobile-\"><h3 class=\"ekit-heading--title elementskit-section-title \"><span>\"<\/span>Nos hiciste, Se\u00f1or, para ti, y nuestro coraz\u00f3n est\u00e1 inquieto hasta que descanse en ti<span>\"<\/span> <span>San Agust\u00edn. Confessiones (Confesiones), Libro I, cap. 1.<\/span><\/h3><\/div><\/div>\t\t\t\t<\/div>\n\t\t\t\t<\/div>\n\t\t\t\t\t<\/div>\n\t\t\t\t<\/div>\n\t\t<div class=\"aux-parallax-section elementor-element elementor-element-5a1fea91 e-flex e-con-boxed wpr-particle-no wpr-jarallax-no wpr-parallax-no wpr-sticky-section-no wpr-column-slider-no wpr-equal-height-no e-con e-parent\" data-id=\"5a1fea91\" data-element_type=\"container\" data-e-type=\"container\">\n\t\t\t\t\t<div class=\"e-con-inner\">\n\t\t\t\t<div class=\"elementor-element elementor-element-21b3b34e elementor-widget elementor-widget-heading\" data-id=\"21b3b34e\" data-element_type=\"widget\" data-e-type=\"widget\" data-widget_type=\"heading.default\">\n\t\t\t\t\t<h2 class=\"elementor-heading-title elementor-size-default\"><a href=\"https:\/\/agustinosoala.org\/pt\/noticias-eventos\/\">Post \/ ....<\/a><\/h2>\t\t\t\t<\/div>\n\t\t\t\t\t<\/div>\n\t\t\t\t<\/div>\n\t\t<div class=\"aux-parallax-section elementor-element elementor-element-2a42f41f e-flex e-con-boxed wpr-particle-no wpr-jarallax-no wpr-parallax-no wpr-sticky-section-no wpr-column-slider-no wpr-equal-height-no e-con e-parent\" data-id=\"2a42f41f\" data-element_type=\"container\" data-e-type=\"container\">\n\t\t\t\t\t<div class=\"e-con-inner\">\n\t\t<div class=\"elementor-element elementor-element-5c5125c9 e-con-full e-flex wpr-particle-no wpr-jarallax-no wpr-parallax-no wpr-sticky-section-no wpr-column-slider-no wpr-equal-height-no e-con e-child\" data-id=\"5c5125c9\" data-element_type=\"container\" data-e-type=\"container\">\n\t\t\t\t<div class=\"elementor-element elementor-element-12f98f93 elementor-widget elementor-widget-wpr-post-title\" data-id=\"12f98f93\" data-element_type=\"widget\" data-e-type=\"widget\" data-widget_type=\"wpr-post-title.default\">\n\t\t\t\t\t<h1 class=\"wpr-post-title\">Mons. Lizardo Estrada Herrera, OSA, nuevo Obispo Coadjutor del Cusco<\/h1>\t\t\t\t<\/div>\n\t\t<div class=\"elementor-element elementor-element-3852a596 e-flex e-con-boxed wpr-particle-no wpr-jarallax-no wpr-parallax-no wpr-sticky-section-no wpr-column-slider-no wpr-equal-height-no e-con e-child\" data-id=\"3852a596\" data-element_type=\"container\" data-e-type=\"container\">\n\t\t\t\t\t<div class=\"e-con-inner\">\n\t\t<div class=\"elementor-element elementor-element-2fddbce4 e-con-full e-flex wpr-particle-no wpr-jarallax-no wpr-parallax-no wpr-sticky-section-no wpr-column-slider-no wpr-equal-height-no e-con e-child\" data-id=\"2fddbce4\" data-element_type=\"container\" data-e-type=\"container\">\n\t\t\t\t<div class=\"elementor-element elementor-element-621b0ef3 elementor-vertical-align-middle elementor-widget elementor-widget-image-box\" data-id=\"621b0ef3\" data-element_type=\"widget\" data-e-type=\"widget\" data-widget_type=\"image-box.default\">\n\t\t\t\t\t<div class=\"elementor-image-box-wrapper\"><div class=\"elementor-image-box-content\"><h3 class=\"elementor-image-box-title\">Fecha<\/h3><p class=\"elementor-image-box-description\">Agosto 29, 2026<\/p><\/div><\/div>\t\t\t\t<\/div>\n\t\t\t\t<\/div>\n\t\t<div class=\"elementor-element elementor-element-7614ff29 e-con-full e-flex wpr-particle-no wpr-jarallax-no wpr-parallax-no wpr-sticky-section-no wpr-column-slider-no wpr-equal-height-no e-con e-child\" data-id=\"7614ff29\" data-element_type=\"container\" data-e-type=\"container\">\n\t\t\t\t<div class=\"elementor-element elementor-element-fa336e3 elementor-vertical-align-middle elementor-widget elementor-widget-image-box\" data-id=\"fa336e3\" data-element_type=\"widget\" data-e-type=\"widget\" data-widget_type=\"image-box.default\">\n\t\t\t\t\t<div class=\"elementor-image-box-wrapper\"><div class=\"elementor-image-box-content\"><h3 class=\"elementor-image-box-title\">\u00daltima Actualizaci\u00f3n<\/h3><p class=\"elementor-image-box-description\">Agosto 30, 2026<\/p><\/div><\/div>\t\t\t\t<\/div>\n\t\t\t\t<\/div>\n\t\t<div class=\"elementor-element elementor-element-198b9937 e-con-full e-flex wpr-particle-no wpr-jarallax-no wpr-parallax-no wpr-sticky-section-no wpr-column-slider-no wpr-equal-height-no e-con e-child\" data-id=\"198b9937\" data-element_type=\"container\" data-e-type=\"container\">\n\t\t\t\t<div class=\"elementor-element elementor-element-a2e0ee7 elementor-vertical-align-middle elementor-widget elementor-widget-image-box\" data-id=\"a2e0ee7\" data-element_type=\"widget\" data-e-type=\"widget\" data-widget_type=\"image-box.default\">\n\t\t\t\t\t<div class=\"elementor-image-box-wrapper\"><div class=\"elementor-image-box-content\"><h3 class=\"elementor-image-box-title\">Noticia<\/h3><p class=\"elementor-image-box-description\">Importante<\/p><\/div><\/div>\t\t\t\t<\/div>\n\t\t\t\t<\/div>\n\t\t\t\t\t<\/div>\n\t\t\t\t<\/div>\n\t\t\t\t<div class=\"elementor-element elementor-element-7dc7b34d elementor-widget elementor-widget-image\" data-id=\"7dc7b34d\" data-element_type=\"widget\" data-e-type=\"widget\" data-widget_type=\"image.default\">\n\t\t\t\t\t\t\t\t\t\t\t\t\t\t\t<img decoding=\"async\" src=\"https:\/\/agustinosoala.org\/wp-content\/uploads\/elementor\/thumbs\/mons_lizardo1-rszmagbtimd554t2spnxvuw2jes7u4apd5ukup2cmo.jpg\" title=\"mons_lizardo1\" alt=\"mons_lizardo1\" loading=\"lazy\" \/>\t\t\t\t\t\t\t\t\t\t\t\t\t\t\t<\/div>\n\t\t\t\t<div class=\"elementor-element elementor-element-19350bb3 elementor-widget elementor-widget-text-editor\" data-id=\"19350bb3\" data-element_type=\"widget\" data-e-type=\"widget\" data-widget_type=\"text-editor.default\">\n\t\t\t\t\t\t\t\t\t<div class=\"x14z9mp xat24cr x1lziwak x1vvkbs xtlvy1s x126k92a\"><div dir=\"auto\"><strong>La Organizaci\u00f3n de Agustinos de Latinoam\u00e9rica (OALA) expresa su alegr\u00eda y fraterna felicitaci\u00f3n a Mons. Lizardo Estrada Herrera, OSA, por su nombramiento como Obispo Coadjutor de la Arquidi\u00f3cesis del Cusco, realizado por el Papa Le\u00f3n XIV.<\/strong><\/div><div dir=\"auto\">\u00a0<\/div><div dir=\"auto\">Mons. Lizardo Estrada Herrera, religioso de la Orden de San Agust\u00edn, se desempe\u00f1a actualmente como Obispo Auxiliar del Cusco y Secretario General del Consejo Episcopal Latinoamericano y Caribe\u00f1o (CELAM). Desde estos servicios, viene acompa\u00f1ando activamente la misi\u00f3n de la Iglesia en el Per\u00fa y en Am\u00e9rica Latina y el Caribe.<\/div><\/div>\t\t\t\t\t\t\t\t<\/div>\n\t\t\t\t<div class=\"elementor-element elementor-element-539b16f3 elementor-widget elementor-widget-text-editor\" data-id=\"539b16f3\" data-element_type=\"widget\" data-e-type=\"widget\" data-widget_type=\"text-editor.default\">\n\t\t\t\t\t\t\t\t\t<p><strong>Un nuevo servicio a la Iglesia<\/strong><\/p>\t\t\t\t\t\t\t\t<\/div>\n\t\t\t\t<div class=\"elementor-element elementor-element-14516dfc elementor-widget elementor-widget-text-editor\" data-id=\"14516dfc\" data-element_type=\"widget\" data-e-type=\"widget\" data-widget_type=\"text-editor.default\">\n\t\t\t\t\t\t\t\t\t<p class=\"isSelectedEnd\">El nombramiento como Obispo Coadjutor representa una nueva responsabilidad en su ministerio episcopal. El Obispo Coadjutor est\u00e1 llamado a colaborar estrechamente con el Arzobispo en el gobierno pastoral de una arquidi\u00f3cesis y, a diferencia de un Obispo Auxiliar, tiene derecho de sucesi\u00f3n.<\/p><p class=\"isSelectedEnd\">De este modo, cuando la sede arzobispal quede vacante, el Obispo Coadjutor asumir\u00e1 la responsabilidad como nuevo Arzobispo de la Arquidi\u00f3cesis del Cusco.<\/p>\t\t\t\t\t\t\t\t<\/div>\n\t\t\t\t<div class=\"elementor-element elementor-element-a53df3e elementor-widget elementor-widget-text-editor\" data-id=\"a53df3e\" data-element_type=\"widget\" data-e-type=\"widget\" data-widget_type=\"text-editor.default\">\n\t\t\t\t\t\t\t\t\t<p><strong>Unidos en oraci\u00f3n<\/strong><\/p>\t\t\t\t\t\t\t\t<\/div>\n\t\t\t\t<div class=\"elementor-element elementor-element-0fc8663 elementor-widget elementor-widget-text-editor\" data-id=\"0fc8663\" data-element_type=\"widget\" data-e-type=\"widget\" data-widget_type=\"text-editor.default\">\n\t\t\t\t\t\t\t\t\t<p class=\"isSelectedEnd\">Como familia agustiniana latinoamericana y caribe\u00f1a, desde OALA nos unimos en oraci\u00f3n por Mons. Lizardo Estrada Herrera en esta nueva misi\u00f3n que la Iglesia le conf\u00eda.<\/p><p class=\"isSelectedEnd\">Pedimos al Se\u00f1or que fortalezca su ministerio episcopal y que, inspirado por la espiritualidad de san Agust\u00edn, contin\u00fae sirviendo al Pueblo de Dios con esp\u00edritu de comuni\u00f3n, cercan\u00eda y esperanza.<\/p><p class=\"isSelectedEnd\"><strong>\u00a1Felicitaciones, Mons. Lizardo Estrada Herrera, OSA!<\/strong><\/p><p>Que Dios bendiga y acompa\u00f1e esta nueva misi\u00f3n al servicio de la Iglesia.<\/p>\t\t\t\t\t\t\t\t<\/div>\n\t\t\t\t<div class=\"elementor-element elementor-element-b14a98b elementor-widget elementor-widget-text-editor\" data-id=\"b14a98b\" data-element_type=\"widget\" data-e-type=\"widget\" data-widget_type=\"text-editor.default\">\n\t\t\t\t\t\t\t\t\t<p><span style=\"color: #a19d9d;\"><strong><span class=\"html-span xdj266r x14z9mp xat24cr x1lziwak xexx8yu xyri2b x18d9i69 x1c1uobl x1hl2dhg x16tdsg8 x1vvkbs\"><a class=\"x1i10hfl xjbqb8w x1ejq31n x18oe1m7 x1sy0etr xstzfhl x972fbf x10w94by x1qhh985 x14e42zd x9f619 x1ypdohk xt0psk2 x3ct3a4 xdj266r x14z9mp xat24cr x1lziwak xexx8yu xyri2b x18d9i69 x1c1uobl x16tdsg8 x1hl2dhg xggy1nq x1a2a7pz xkrqix3 x1sur9pj xzsf02u x1s688f\" style=\"color: #a19d9d;\" tabindex=\"0\" role=\"link\" href=\"https:\/\/www.facebook.com\/hashtag\/oala?__cft__[0]=AZiRF5dzs0zvTwGPAw2Rle-8Y6bEWZmTre8D-eOShb04-z1dbFG56JWyo9F26Kl5mo8tTAdgr9KSBxeU4y-PIbri6kD_aD9Gw1r_kf87X9Jne8WS-iSRPH0-JWh37AZS3p-5Tc1jyIu-3D4JkU4bV2CQfPid3V6CIazZelelDF-Bot3_tNAzgP_Q2Ss&amp;__tn__=*NK*F\">#OALA<\/a><\/span>\u00a0<span class=\"html-span xdj266r x14z9mp xat24cr x1lziwak xexx8yu xyri2b x18d9i69 x1c1uobl x1hl2dhg x16tdsg8 x1vvkbs\"><a class=\"x1i10hfl xjbqb8w x1ejq31n x18oe1m7 x1sy0etr xstzfhl x972fbf x10w94by x1qhh985 x14e42zd x9f619 x1ypdohk xt0psk2 x3ct3a4 xdj266r x14z9mp xat24cr x1lziwak xexx8yu xyri2b x18d9i69 x1c1uobl x16tdsg8 x1hl2dhg xggy1nq x1a2a7pz xkrqix3 x1sur9pj xzsf02u x1s688f\" style=\"color: #a19d9d;\" tabindex=\"0\" role=\"link\" href=\"https:\/\/www.facebook.com\/hashtag\/ordendesanagust%C3%ADn?__cft__[0]=AZiRF5dzs0zvTwGPAw2Rle-8Y6bEWZmTre8D-eOShb04-z1dbFG56JWyo9F26Kl5mo8tTAdgr9KSBxeU4y-PIbri6kD_aD9Gw1r_kf87X9Jne8WS-iSRPH0-JWh37AZS3p-5Tc1jyIu-3D4JkU4bV2CQfPid3V6CIazZelelDF-Bot3_tNAzgP_Q2Ss&amp;__tn__=*NK*F\">#OrdenDeSanAgust\u00edn<\/a><\/span>\u00a0<span class=\"html-span xdj266r x14z9mp xat24cr x1lziwak xexx8yu xyri2b x18d9i69 x1c1uobl x1hl2dhg x16tdsg8 x1vvkbs\"><a class=\"x1i10hfl xjbqb8w x1ejq31n x18oe1m7 x1sy0etr xstzfhl x972fbf x10w94by x1qhh985 x14e42zd x9f619 x1ypdohk xt0psk2 x3ct3a4 xdj266r x14z9mp xat24cr x1lziwak xexx8yu xyri2b x18d9i69 x1c1uobl x16tdsg8 x1hl2dhg xggy1nq x1a2a7pz xkrqix3 x1sur9pj xzsf02u x1s688f\" style=\"color: #a19d9d;\" tabindex=\"0\" role=\"link\" href=\"https:\/\/www.facebook.com\/hashtag\/agustinos?__cft__[0]=AZiRF5dzs0zvTwGPAw2Rle-8Y6bEWZmTre8D-eOShb04-z1dbFG56JWyo9F26Kl5mo8tTAdgr9KSBxeU4y-PIbri6kD_aD9Gw1r_kf87X9Jne8WS-iSRPH0-JWh37AZS3p-5Tc1jyIu-3D4JkU4bV2CQfPid3V6CIazZelelDF-Bot3_tNAzgP_Q2Ss&amp;__tn__=*NK*F\">#Agustinos<\/a><\/span>\u00a0<span class=\"html-span xdj266r x14z9mp xat24cr x1lziwak xexx8yu xyri2b x18d9i69 x1c1uobl x1hl2dhg x16tdsg8 x1vvkbs\"><a class=\"x1i10hfl xjbqb8w x1ejq31n x18oe1m7 x1sy0etr xstzfhl x972fbf x10w94by x1qhh985 x14e42zd x9f619 x1ypdohk xt0psk2 x3ct3a4 xdj266r x14z9mp xat24cr x1lziwak xexx8yu xyri2b x18d9i69 x1c1uobl x16tdsg8 x1hl2dhg xggy1nq x1a2a7pz xkrqix3 x1sur9pj xzsf02u x1s688f\" style=\"color: #a19d9d;\" tabindex=\"0\" role=\"link\" href=\"https:\/\/www.facebook.com\/hashtag\/monslizardoestrada?__cft__[0]=AZiRF5dzs0zvTwGPAw2Rle-8Y6bEWZmTre8D-eOShb04-z1dbFG56JWyo9F26Kl5mo8tTAdgr9KSBxeU4y-PIbri6kD_aD9Gw1r_kf87X9Jne8WS-iSRPH0-JWh37AZS3p-5Tc1jyIu-3D4JkU4bV2CQfPid3V6CIazZelelDF-Bot3_tNAzgP_Q2Ss&amp;__tn__=*NK*F\">#MonsLizardoEstrada<\/a><\/span>\u00a0<span class=\"html-span xdj266r x14z9mp xat24cr x1lziwak xexx8yu xyri2b x18d9i69 x1c1uobl x1hl2dhg x16tdsg8 x1vvkbs\"><a class=\"x1i10hfl xjbqb8w x1ejq31n x18oe1m7 x1sy0etr xstzfhl x972fbf x10w94by x1qhh985 x14e42zd x9f619 x1ypdohk xt0psk2 x3ct3a4 xdj266r x14z9mp xat24cr x1lziwak xexx8yu xyri2b x18d9i69 x1c1uobl x16tdsg8 x1hl2dhg xggy1nq x1a2a7pz xkrqix3 x1sur9pj xzsf02u x1s688f\" style=\"color: #a19d9d;\" tabindex=\"0\" role=\"link\" href=\"https:\/\/www.facebook.com\/hashtag\/iglesiaenelper%C3%BA?__cft__[0]=AZiRF5dzs0zvTwGPAw2Rle-8Y6bEWZmTre8D-eOShb04-z1dbFG56JWyo9F26Kl5mo8tTAdgr9KSBxeU4y-PIbri6kD_aD9Gw1r_kf87X9Jne8WS-iSRPH0-JWh37AZS3p-5Tc1jyIu-3D4JkU4bV2CQfPid3V6CIazZelelDF-Bot3_tNAzgP_Q2Ss&amp;__tn__=*NK*F\">#IglesiaEnElPer\u00fa<\/a><\/span>\u00a0<span class=\"html-span xdj266r x14z9mp xat24cr x1lziwak xexx8yu xyri2b x18d9i69 x1c1uobl x1hl2dhg x16tdsg8 x1vvkbs\"><a class=\"x1i10hfl xjbqb8w x1ejq31n x18oe1m7 x1sy0etr xstzfhl x972fbf x10w94by x1qhh985 x14e42zd x9f619 x1ypdohk xt0psk2 x3ct3a4 xdj266r x14z9mp xat24cr x1lziwak xexx8yu xyri2b x18d9i69 x1c1uobl x16tdsg8 x1hl2dhg xggy1nq x1a2a7pz xkrqix3 x1sur9pj xzsf02u x1s688f\" style=\"color: #a19d9d;\" tabindex=\"0\" role=\"link\" href=\"https:\/\/www.facebook.com\/hashtag\/cusco?__cft__[0]=AZiRF5dzs0zvTwGPAw2Rle-8Y6bEWZmTre8D-eOShb04-z1dbFG56JWyo9F26Kl5mo8tTAdgr9KSBxeU4y-PIbri6kD_aD9Gw1r_kf87X9Jne8WS-iSRPH0-JWh37AZS3p-5Tc1jyIu-3D4JkU4bV2CQfPid3V6CIazZelelDF-Bot3_tNAzgP_Q2Ss&amp;__tn__=*NK*F\">#Cusco<\/a><\/span>\u00a0<span class=\"html-span xdj266r x14z9mp xat24cr x1lziwak xexx8yu xyri2b x18d9i69 x1c1uobl x1hl2dhg x16tdsg8 x1vvkbs\"><a class=\"x1i10hfl xjbqb8w x1ejq31n x18oe1m7 x1sy0etr xstzfhl x972fbf x10w94by x1qhh985 x14e42zd x9f619 x1ypdohk xt0psk2 x3ct3a4 xdj266r x14z9mp xat24cr x1lziwak xexx8yu xyri2b x18d9i69 x1c1uobl x16tdsg8 x1hl2dhg xggy1nq x1a2a7pz xkrqix3 x1sur9pj xzsf02u x1s688f\" style=\"color: #a19d9d;\" tabindex=\"0\" role=\"link\" href=\"https:\/\/www.facebook.com\/hashtag\/celam?__cft__[0]=AZiRF5dzs0zvTwGPAw2Rle-8Y6bEWZmTre8D-eOShb04-z1dbFG56JWyo9F26Kl5mo8tTAdgr9KSBxeU4y-PIbri6kD_aD9Gw1r_kf87X9Jne8WS-iSRPH0-JWh37AZS3p-5Tc1jyIu-3D4JkU4bV2CQfPid3V6CIazZelelDF-Bot3_tNAzgP_Q2Ss&amp;__tn__=*NK*F\">#CELAM<\/a><\/span>\u00a0<span class=\"html-span xdj266r x14z9mp xat24cr x1lziwak xexx8yu xyri2b x18d9i69 x1c1uobl x1hl2dhg x16tdsg8 x1vvkbs\"><a class=\"x1i10hfl xjbqb8w x1ejq31n x18oe1m7 x1sy0etr xstzfhl x972fbf x10w94by x1qhh985 x14e42zd x9f619 x1ypdohk xt0psk2 x3ct3a4 xdj266r x14z9mp xat24cr x1lziwak xexx8yu xyri2b x18d9i69 x1c1uobl x16tdsg8 x1hl2dhg xggy1nq x1a2a7pz xkrqix3 x1sur9pj xzsf02u x1s688f\" style=\"color: #a19d9d;\" tabindex=\"0\" role=\"link\" href=\"https:\/\/www.facebook.com\/hashtag\/papale%C3%B3nxiv?__cft__[0]=AZiRF5dzs0zvTwGPAw2Rle-8Y6bEWZmTre8D-eOShb04-z1dbFG56JWyo9F26Kl5mo8tTAdgr9KSBxeU4y-PIbri6kD_aD9Gw1r_kf87X9Jne8WS-iSRPH0-JWh37AZS3p-5Tc1jyIu-3D4JkU4bV2CQfPid3V6CIazZelelDF-Bot3_tNAzgP_Q2Ss&amp;__tn__=*NK*F\">#PapaLe\u00f3nXIV<\/a><\/span><\/strong><\/span><\/p>\t\t\t\t\t\t\t\t<\/div>\n\t\t\t\t<\/div>\n\t\t\t\t\t<\/div>\n\t\t\t\t<\/div>\n\t\t\t\t<\/div>\n\t\t","protected":false},"excerpt":{"rendered":"<p>La OALA felicita a Mons. Lizardo Estrada Herrera, OSA, por su nombramiento como Obispo Coadjutor de la Arquidi\u00f3cesis del Cusco por el Papa Le\u00f3n XIV.<\/p>","protected":false},"author":1,"featured_media":3362,"comment_status":"closed","ping_status":"closed","sticky":false,"template":"elementor_header_footer","format":"standard","meta":{"inline_featured_image":false,"postBodyCss":"","postBodyMargin":[],"postBodyPadding":[],"postBodyBackground":{"backgroundType":"classic","gradient":""},"footnotes":""},"categories":[6],"tags":[37,81,78,77,76,79,80],"class_list":["post-3359","post","type-post","status-publish","format-standard","has-post-thumbnail","hentry","category-noticia","tag-agustinos","tag-celam","tag-cusco","tag-mons-lizardo-estrada-herrera","tag-oala","tag-obispo-coadjutor","tag-papa-leon-xiv"],"yoast_head":"<!-- This site is optimized with the Yoast SEO plugin v28.4 - https:\/\/yoast.com\/product\/yoast-seo-wordpress\/ -->\n<title>Mons. Lizardo Estrada , OSA, nuevo Obispo Coadjutor del Cusco<\/title>\n<meta name=\"description\" content=\"La OALA felicita a Mons. Lizardo Estrada Herrera, OSA, por su nombramiento como Obispo Coadjutor de la Arquidi\u00f3cesis del Cusco por el Papa Le\u00f3n XIV.\" \/>\n<meta name=\"robots\" content=\"index, follow, max-snippet:-1, max-image-preview:large, max-video-preview:-1\" \/>\n<link rel=\"canonical\" href=\"https:\/\/agustinosoala.org\/pt\/mons-lizardo-estrada-herrera-obispo-coadjutor-cusco\/\" \/>\n<meta property=\"og:locale\" content=\"pt_BR\" \/>\n<meta property=\"og:type\" content=\"article\" \/>\n<meta property=\"og:title\" content=\"Mons. Lizardo Estrada , OSA, nuevo Obispo Coadjutor del Cusco\" \/>\n<meta property=\"og:description\" content=\"La OALA felicita a Mons. Lizardo Estrada Herrera, OSA, por su nombramiento como Obispo Coadjutor de la Arquidi\u00f3cesis del Cusco por el Papa Le\u00f3n XIV.\" \/>\n<meta property=\"og:url\" content=\"https:\/\/agustinosoala.org\/pt\/mons-lizardo-estrada-herrera-obispo-coadjutor-cusco\/\" \/>\n<meta property=\"og:site_name\" content=\"OALA - Organizaci\u00f3n de los Agustinos de Am\u00e9rica Latina\" \/>\n<meta property=\"article:publisher\" content=\"https:\/\/www.facebook.com\/oalagustinos\" \/>\n<meta property=\"article:author\" content=\"https:\/\/www.facebook.com\/EdgarLizardo3006\/\" \/>\n<meta property=\"article:published_time\" content=\"2026-08-29T03:54:25+00:00\" \/>\n<meta property=\"article:modified_time\" content=\"2026-09-06T04:17:26+00:00\" \/>\n<meta property=\"og:image\" content=\"https:\/\/agustinosoala.org\/wp-content\/uploads\/2026\/09\/mons_lizardo1.jpg\" \/>\n\t<meta property=\"og:image:width\" content=\"1440\" \/>\n\t<meta property=\"og:image:height\" content=\"1440\" \/>\n\t<meta property=\"og:image:type\" content=\"image\/jpeg\" \/>\n<meta name=\"author\" content=\"Edgar F.A\" \/>\n<meta name=\"twitter:card\" content=\"summary_large_image\" \/>\n<meta name=\"twitter:creator\" content=\"@https:\/\/x.com\/EDGAR_LIZARDO30\" \/>\n<meta name=\"twitter:label1\" content=\"Escrito por\" \/>\n\t<meta name=\"twitter:data1\" content=\"Edgar F.A\" \/>\n\t<meta name=\"twitter:label2\" content=\"Est. tempo de leitura\" \/>\n\t<meta name=\"twitter:data2\" content=\"2 minutos\" \/>\n<script type=\"application\/ld+json\" class=\"yoast-schema-graph\">{\"@context\":\"https:\\\/\\\/schema.org\",\"@graph\":[{\"@type\":\"Article\",\"@id\":\"https:\\\/\\\/agustinosoala.org\\\/mons-lizardo-estrada-herrera-obispo-coadjutor-cusco\\\/#article\",\"isPartOf\":{\"@id\":\"https:\\\/\\\/agustinosoala.org\\\/mons-lizardo-estrada-herrera-obispo-coadjutor-cusco\\\/\"},\"author\":{\"name\":\"Edgar F.A\",\"@id\":\"https:\\\/\\\/agustinosoala.org\\\/#\\\/schema\\\/person\\\/178932e184c8d3466b6667113d199936\"},\"headline\":\"Mons. Lizardo Estrada Herrera, OSA, nuevo Obispo Coadjutor del Cusco\",\"datePublished\":\"2026-08-29T03:54:25+00:00\",\"dateModified\":\"2026-09-06T04:17:26+00:00\",\"mainEntityOfPage\":{\"@id\":\"https:\\\/\\\/agustinosoala.org\\\/mons-lizardo-estrada-herrera-obispo-coadjutor-cusco\\\/\"},\"wordCount\":327,\"publisher\":{\"@id\":\"https:\\\/\\\/agustinosoala.org\\\/#organization\"},\"image\":{\"@id\":\"https:\\\/\\\/agustinosoala.org\\\/mons-lizardo-estrada-herrera-obispo-coadjutor-cusco\\\/#primaryimage\"},\"thumbnailUrl\":\"https:\\\/\\\/agustinosoala.org\\\/wp-content\\\/uploads\\\/2026\\\/09\\\/mons_lizardo1.jpg\",\"keywords\":[\"Agustinos\",\"CELAM\",\"Cusco\",\"Mons. Lizardo Estrada Herrera\",\"OALA\",\"Obispo Coadjutor\",\"Papa Le\u00f3n XIV\"],\"articleSection\":[\"Noticia\"],\"inLanguage\":\"pt-BR\"},{\"@type\":\"WebPage\",\"@id\":\"https:\\\/\\\/agustinosoala.org\\\/mons-lizardo-estrada-herrera-obispo-coadjutor-cusco\\\/\",\"url\":\"https:\\\/\\\/agustinosoala.org\\\/mons-lizardo-estrada-herrera-obispo-coadjutor-cusco\\\/\",\"name\":\"Mons. Lizardo Estrada , OSA, nuevo Obispo Coadjutor del Cusco\",\"isPartOf\":{\"@id\":\"https:\\\/\\\/agustinosoala.org\\\/#website\"},\"primaryImageOfPage\":{\"@id\":\"https:\\\/\\\/agustinosoala.org\\\/mons-lizardo-estrada-herrera-obispo-coadjutor-cusco\\\/#primaryimage\"},\"image\":{\"@id\":\"https:\\\/\\\/agustinosoala.org\\\/mons-lizardo-estrada-herrera-obispo-coadjutor-cusco\\\/#primaryimage\"},\"thumbnailUrl\":\"https:\\\/\\\/agustinosoala.org\\\/wp-content\\\/uploads\\\/2026\\\/09\\\/mons_lizardo1.jpg\",\"datePublished\":\"2026-08-29T03:54:25+00:00\",\"dateModified\":\"2026-09-06T04:17:26+00:00\",\"description\":\"La OALA felicita a Mons. Lizardo Estrada Herrera, OSA, por su nombramiento como Obispo Coadjutor de la Arquidi\u00f3cesis del Cusco por el Papa Le\u00f3n XIV.\",\"breadcrumb\":{\"@id\":\"https:\\\/\\\/agustinosoala.org\\\/mons-lizardo-estrada-herrera-obispo-coadjutor-cusco\\\/#breadcrumb\"},\"inLanguage\":\"pt-BR\",\"potentialAction\":[{\"@type\":\"ReadAction\",\"target\":[\"https:\\\/\\\/agustinosoala.org\\\/mons-lizardo-estrada-herrera-obispo-coadjutor-cusco\\\/\"]}]},{\"@type\":\"ImageObject\",\"inLanguage\":\"pt-BR\",\"@id\":\"https:\\\/\\\/agustinosoala.org\\\/mons-lizardo-estrada-herrera-obispo-coadjutor-cusco\\\/#primaryimage\",\"url\":\"https:\\\/\\\/agustinosoala.org\\\/wp-content\\\/uploads\\\/2026\\\/09\\\/mons_lizardo1.jpg\",\"contentUrl\":\"https:\\\/\\\/agustinosoala.org\\\/wp-content\\\/uploads\\\/2026\\\/09\\\/mons_lizardo1.jpg\",\"width\":1440,\"height\":1440},{\"@type\":\"BreadcrumbList\",\"@id\":\"https:\\\/\\\/agustinosoala.org\\\/mons-lizardo-estrada-herrera-obispo-coadjutor-cusco\\\/#breadcrumb\",\"itemListElement\":[{\"@type\":\"ListItem\",\"position\":1,\"name\":\"Portada\",\"item\":\"https:\\\/\\\/agustinosoala.org\\\/\"},{\"@type\":\"ListItem\",\"position\":2,\"name\":\"Mons. Lizardo Estrada Herrera, OSA, nuevo Obispo Coadjutor del Cusco\"}]},{\"@type\":\"WebSite\",\"@id\":\"https:\\\/\\\/agustinosoala.org\\\/#website\",\"url\":\"https:\\\/\\\/agustinosoala.org\\\/\",\"name\":\"Organizaci\u00f3n de los Agustinos de Am\u00e9rica Latina - OALA\",\"description\":\"&quot;Comunidad agustiniana comprometida con la fe, la misi\u00f3n y el servicio en latinoamerica.&quot;\",\"publisher\":{\"@id\":\"https:\\\/\\\/agustinosoala.org\\\/#organization\"},\"alternateName\":\"OALA\",\"potentialAction\":[{\"@type\":\"SearchAction\",\"target\":{\"@type\":\"EntryPoint\",\"urlTemplate\":\"https:\\\/\\\/agustinosoala.org\\\/?s={search_term_string}\"},\"query-input\":{\"@type\":\"PropertyValueSpecification\",\"valueRequired\":true,\"valueName\":\"search_term_string\"}}],\"inLanguage\":\"pt-BR\"},{\"@type\":\"Organization\",\"@id\":\"https:\\\/\\\/agustinosoala.org\\\/#organization\",\"name\":\"Organizaci\u00f3n de los Agustinos de Am\u00e9rica Latina - OALA\",\"alternateName\":\"OALA\",\"url\":\"https:\\\/\\\/agustinosoala.org\\\/\",\"logo\":{\"@type\":\"ImageObject\",\"inLanguage\":\"pt-BR\",\"@id\":\"https:\\\/\\\/agustinosoala.org\\\/#\\\/schema\\\/logo\\\/image\\\/\",\"url\":\"https:\\\/\\\/agustinosoala.org\\\/wp-content\\\/uploads\\\/2025\\\/09\\\/logo-oala.webp\",\"contentUrl\":\"https:\\\/\\\/agustinosoala.org\\\/wp-content\\\/uploads\\\/2025\\\/09\\\/logo-oala.webp\",\"width\":70,\"height\":70,\"caption\":\"Organizaci\u00f3n de los Agustinos de Am\u00e9rica Latina - OALA\"},\"image\":{\"@id\":\"https:\\\/\\\/agustinosoala.org\\\/#\\\/schema\\\/logo\\\/image\\\/\"},\"sameAs\":[\"https:\\\/\\\/www.facebook.com\\\/oalagustinos\",\"https:\\\/\\\/www.youtube.com\\\/@oalagustinos\",\"https:\\\/\\\/www.instagram.com\\\/oalagustinos_\\\/\"]},{\"@type\":\"Person\",\"@id\":\"https:\\\/\\\/agustinosoala.org\\\/#\\\/schema\\\/person\\\/178932e184c8d3466b6667113d199936\",\"name\":\"Edgar F.A\",\"image\":{\"@type\":\"ImageObject\",\"inLanguage\":\"pt-BR\",\"@id\":\"https:\\\/\\\/secure.gravatar.com\\\/avatar\\\/6c9a108d59d32f65fd46cd81d74f68e9d3b5f426c259d6576a17c714edb363b6?s=96&d=mm&r=g\",\"url\":\"https:\\\/\\\/secure.gravatar.com\\\/avatar\\\/6c9a108d59d32f65fd46cd81d74f68e9d3b5f426c259d6576a17c714edb363b6?s=96&d=mm&r=g\",\"contentUrl\":\"https:\\\/\\\/secure.gravatar.com\\\/avatar\\\/6c9a108d59d32f65fd46cd81d74f68e9d3b5f426c259d6576a17c714edb363b6?s=96&d=mm&r=g\",\"caption\":\"Edgar F.A\"},\"description\":\"Ingeniero de sistemas\",\"sameAs\":[\"https:\\\/\\\/agustinosoala.org\",\"https:\\\/\\\/www.facebook.com\\\/EdgarLizardo3006\\\/\",\"https:\\\/\\\/x.com\\\/https:\\\/\\\/x.com\\\/EDGAR_LIZARDO30\"]}]}<\/script>\n<!-- \/ Yoast SEO plugin. -->","yoast_head_json":{"title":"Mons. Lizardo Estrada , OSA, nuevo Obispo Coadjutor del Cusco","description":"La OALA felicita a Mons. Lizardo Estrada Herrera, OSA, por su nombramiento como Obispo Coadjutor de la Arquidi\u00f3cesis del Cusco por el Papa Le\u00f3n XIV.","robots":{"index":"index","follow":"follow","max-snippet":"max-snippet:-1","max-image-preview":"max-image-preview:large","max-video-preview":"max-video-preview:-1"},"canonical":"https:\/\/agustinosoala.org\/pt\/mons-lizardo-estrada-herrera-obispo-coadjutor-cusco\/","og_locale":"pt_BR","og_type":"article","og_title":"Mons. Lizardo Estrada , OSA, nuevo Obispo Coadjutor del Cusco","og_description":"La OALA felicita a Mons. Lizardo Estrada Herrera, OSA, por su nombramiento como Obispo Coadjutor de la Arquidi\u00f3cesis del Cusco por el Papa Le\u00f3n XIV.","og_url":"https:\/\/agustinosoala.org\/pt\/mons-lizardo-estrada-herrera-obispo-coadjutor-cusco\/","og_site_name":"OALA - Organizaci\u00f3n de los Agustinos de Am\u00e9rica Latina","article_publisher":"https:\/\/www.facebook.com\/oalagustinos","article_author":"https:\/\/www.facebook.com\/EdgarLizardo3006\/","article_published_time":"2026-08-29T03:54:25+00:00","article_modified_time":"2026-09-06T04:17:26+00:00","og_image":[{"width":1440,"height":1440,"url":"https:\/\/agustinosoala.org\/wp-content\/uploads\/2026\/09\/mons_lizardo1.jpg","type":"image\/jpeg"}],"author":"Edgar F.A","twitter_card":"summary_large_image","twitter_creator":"@https:\/\/x.com\/EDGAR_LIZARDO30","twitter_misc":{"Escrito por":"Edgar F.A","Est. tempo de leitura":"2 minutos"},"schema":{"@context":"https:\/\/schema.org","@graph":[{"@type":"Article","@id":"https:\/\/agustinosoala.org\/mons-lizardo-estrada-herrera-obispo-coadjutor-cusco\/#article","isPartOf":{"@id":"https:\/\/agustinosoala.org\/mons-lizardo-estrada-herrera-obispo-coadjutor-cusco\/"},"author":{"name":"Edgar F.A","@id":"https:\/\/agustinosoala.org\/#\/schema\/person\/178932e184c8d3466b6667113d199936"},"headline":"Mons. Lizardo Estrada Herrera, OSA, nuevo Obispo Coadjutor del Cusco","datePublished":"2026-08-29T03:54:25+00:00","dateModified":"2026-09-06T04:17:26+00:00","mainEntityOfPage":{"@id":"https:\/\/agustinosoala.org\/mons-lizardo-estrada-herrera-obispo-coadjutor-cusco\/"},"wordCount":327,"publisher":{"@id":"https:\/\/agustinosoala.org\/#organization"},"image":{"@id":"https:\/\/agustinosoala.org\/mons-lizardo-estrada-herrera-obispo-coadjutor-cusco\/#primaryimage"},"thumbnailUrl":"https:\/\/agustinosoala.org\/wp-content\/uploads\/2026\/09\/mons_lizardo1.jpg","keywords":["Agustinos","CELAM","Cusco","Mons. Lizardo Estrada Herrera","OALA","Obispo Coadjutor","Papa Le\u00f3n XIV"],"articleSection":["Noticia"],"inLanguage":"pt-BR"},{"@type":"WebPage","@id":"https:\/\/agustinosoala.org\/mons-lizardo-estrada-herrera-obispo-coadjutor-cusco\/","url":"https:\/\/agustinosoala.org\/mons-lizardo-estrada-herrera-obispo-coadjutor-cusco\/","name":"Mons. Lizardo Estrada , OSA, nuevo Obispo Coadjutor del Cusco","isPartOf":{"@id":"https:\/\/agustinosoala.org\/#website"},"primaryImageOfPage":{"@id":"https:\/\/agustinosoala.org\/mons-lizardo-estrada-herrera-obispo-coadjutor-cusco\/#primaryimage"},"image":{"@id":"https:\/\/agustinosoala.org\/mons-lizardo-estrada-herrera-obispo-coadjutor-cusco\/#primaryimage"},"thumbnailUrl":"https:\/\/agustinosoala.org\/wp-content\/uploads\/2026\/09\/mons_lizardo1.jpg","datePublished":"2026-08-29T03:54:25+00:00","dateModified":"2026-09-06T04:17:26+00:00","description":"La OALA felicita a Mons. Lizardo Estrada Herrera, OSA, por su nombramiento como Obispo Coadjutor de la Arquidi\u00f3cesis del Cusco por el Papa Le\u00f3n XIV.","breadcrumb":{"@id":"https:\/\/agustinosoala.org\/mons-lizardo-estrada-herrera-obispo-coadjutor-cusco\/#breadcrumb"},"inLanguage":"pt-BR","potentialAction":[{"@type":"ReadAction","target":["https:\/\/agustinosoala.org\/mons-lizardo-estrada-herrera-obispo-coadjutor-cusco\/"]}]},{"@type":"ImageObject","inLanguage":"pt-BR","@id":"https:\/\/agustinosoala.org\/mons-lizardo-estrada-herrera-obispo-coadjutor-cusco\/#primaryimage","url":"https:\/\/agustinosoala.org\/wp-content\/uploads\/2026\/09\/mons_lizardo1.jpg","contentUrl":"https:\/\/agustinosoala.org\/wp-content\/uploads\/2026\/09\/mons_lizardo1.jpg","width":1440,"height":1440},{"@type":"BreadcrumbList","@id":"https:\/\/agustinosoala.org\/mons-lizardo-estrada-herrera-obispo-coadjutor-cusco\/#breadcrumb","itemListElement":[{"@type":"ListItem","position":1,"name":"Portada","item":"https:\/\/agustinosoala.org\/"},{"@type":"ListItem","position":2,"name":"Mons. Lizardo Estrada Herrera, OSA, nuevo Obispo Coadjutor del Cusco"}]},{"@type":"WebSite","@id":"https:\/\/agustinosoala.org\/#website","url":"https:\/\/agustinosoala.org\/","name":"Organizaci\u00f3n de los Agustinos de Am\u00e9rica Latina - OALA","description":"&quot;Comunidad agustiniana comprometida con la fe, la misi\u00f3n y el servicio en latinoamerica.&quot;","publisher":{"@id":"https:\/\/agustinosoala.org\/#organization"},"alternateName":"OALA","potentialAction":[{"@type":"SearchAction","target":{"@type":"EntryPoint","urlTemplate":"https:\/\/agustinosoala.org\/?s={search_term_string}"},"query-input":{"@type":"PropertyValueSpecification","valueRequired":true,"valueName":"search_term_string"}}],"inLanguage":"pt-BR"},{"@type":"Organization","@id":"https:\/\/agustinosoala.org\/#organization","name":"Organizaci\u00f3n de los Agustinos de Am\u00e9rica Latina - OALA","alternateName":"OALA","url":"https:\/\/agustinosoala.org\/","logo":{"@type":"ImageObject","inLanguage":"pt-BR","@id":"https:\/\/agustinosoala.org\/#\/schema\/logo\/image\/","url":"https:\/\/agustinosoala.org\/wp-content\/uploads\/2025\/09\/logo-oala.webp","contentUrl":"https:\/\/agustinosoala.org\/wp-content\/uploads\/2025\/09\/logo-oala.webp","width":70,"height":70,"caption":"Organizaci\u00f3n de los Agustinos de Am\u00e9rica Latina - OALA"},"image":{"@id":"https:\/\/agustinosoala.org\/#\/schema\/logo\/image\/"},"sameAs":["https:\/\/www.facebook.com\/oalagustinos","https:\/\/www.youtube.com\/@oalagustinos","https:\/\/www.instagram.com\/oalagustinos_\/"]},{"@type":"Person","@id":"https:\/\/agustinosoala.org\/#\/schema\/person\/178932e184c8d3466b6667113d199936","name":"Edgar F.A","image":{"@type":"ImageObject","inLanguage":"pt-BR","@id":"https:\/\/secure.gravatar.com\/avatar\/6c9a108d59d32f65fd46cd81d74f68e9d3b5f426c259d6576a17c714edb363b6?s=96&d=mm&r=g","url":"https:\/\/secure.gravatar.com\/avatar\/6c9a108d59d32f65fd46cd81d74f68e9d3b5f426c259d6576a17c714edb363b6?s=96&d=mm&r=g","contentUrl":"https:\/\/secure.gravatar.com\/avatar\/6c9a108d59d32f65fd46cd81d74f68e9d3b5f426c259d6576a17c714edb363b6?s=96&d=mm&r=g","caption":"Edgar F.A"},"description":"Ingeniero de sistemas","sameAs":["https:\/\/agustinosoala.org","https:\/\/www.facebook.com\/EdgarLizardo3006\/","https:\/\/x.com\/https:\/\/x.com\/EDGAR_LIZARDO30"]}]}},"_links":{"self":[{"href":"https:\/\/agustinosoala.org\/pt\/wp-json\/wp\/v2\/posts\/3359","targetHints":{"allow":["GET"]}}],"collection":[{"href":"https:\/\/agustinosoala.org\/pt\/wp-json\/wp\/v2\/posts"}],"about":[{"href":"https:\/\/agustinosoala.org\/pt\/wp-json\/wp\/v2\/types\/post"}],"author":[{"embeddable":true,"href":"https:\/\/agustinosoala.org\/pt\/wp-json\/wp\/v2\/users\/1"}],"replies":[{"embeddable":true,"href":"https:\/\/agustinosoala.org\/pt\/wp-json\/wp\/v2\/comments?post=3359"}],"version-history":[{"count":7,"href":"https:\/\/agustinosoala.org\/pt\/wp-json\/wp\/v2\/posts\/3359\/revisions"}],"predecessor-version":[{"id":3369,"href":"https:\/\/agustinosoala.org\/pt\/wp-json\/wp\/v2\/posts\/3359\/revisions\/3369"}],"wp:featuredmedia":[{"embeddable":true,"href":"https:\/\/agustinosoala.org\/pt\/wp-json\/wp\/v2\/media\/3362"}],"wp:attachment":[{"href":"https:\/\/agustinosoala.org\/pt\/wp-json\/wp\/v2\/media?parent=3359"}],"wp:term":[{"taxonomy":"category","embeddable":true,"href":"https:\/\/agustinosoala.org\/pt\/wp-json\/wp\/v2\/categories?post=3359"},{"taxonomy":"post_tag","embeddable":true,"href":"https:\/\/agustinosoala.org\/pt\/wp-json\/wp\/v2\/tags?post=3359"}],"curies":[{"name":"wp","href":"https:\/\/api.w.org\/{rel}","templated":true}]}}