{"id":678,"date":"2025-09-25T21:04:06","date_gmt":"2025-09-25T21:04:06","guid":{"rendered":"http:\/\/ek4.5fa.mytemp.website\/?p=678"},"modified":"2025-09-26T04:47:55","modified_gmt":"2025-09-26T04:47:55","slug":"africa-en-la-epoca-de-agustin","status":"publish","type":"post","link":"https:\/\/agustinosoala.org\/pt\/africa-en-la-epoca-de-agustin\/","title":{"rendered":"\u00c1frica en la \u00e9poca de Agust\u00edn"},"content":{"rendered":"<div data-elementor-type=\"wp-post\" data-elementor-id=\"678\" class=\"elementor elementor-678\">\n\t\t\t\t<div class=\"aux-parallax-section elementor-element elementor-element-21871d3 e-flex e-con-boxed wpr-particle-no wpr-jarallax-no wpr-parallax-no wpr-sticky-section-no wpr-equal-height-no e-con e-parent\" data-id=\"21871d3\" data-element_type=\"container\" data-e-type=\"container\" data-settings=\"{&quot;background_background&quot;:&quot;classic&quot;}\">\n\t\t\t\t\t<div class=\"e-con-inner\">\n\t\t<div class=\"elementor-element elementor-element-6b137bba e-con-full e-flex wpr-particle-no wpr-jarallax-no wpr-parallax-no wpr-sticky-section-no wpr-equal-height-no e-con e-child\" data-id=\"6b137bba\" data-element_type=\"container\" data-e-type=\"container\" data-settings=\"{&quot;background_background&quot;:&quot;classic&quot;}\">\n\t\t\t\t<div class=\"elementor-element elementor-element-a3139ef elementor-widget elementor-widget-elementskit-heading\" data-id=\"a3139ef\" data-element_type=\"widget\" data-e-type=\"widget\" data-widget_type=\"elementskit-heading.default\">\n\t\t\t\t\t<div class=\"ekit-wid-con\" ><div class=\"ekit-heading elementskit-section-title-wraper text_center   ekit_heading_tablet-   ekit_heading_mobile-\"><h3 class=\"ekit-heading--title elementskit-section-title\"><span><span>\"<\/span><\/span>Nos hiciste, Se\u00f1or, para ti, y nuestro coraz\u00f3n est\u00e1 inquieto hasta que descanse en ti<span><span>\"<\/span><\/span> <span><span>San Agust\u00edn. Confessiones (Confesiones), Libro I, cap. 1.<\/span><\/span><\/h3><\/div><\/div>\t\t\t\t<\/div>\n\t\t\t\t<\/div>\n\t\t\t\t\t<\/div>\n\t\t\t\t<\/div>\n\t\t<div class=\"aux-parallax-section elementor-element elementor-element-735117f3 e-flex e-con-boxed wpr-particle-no wpr-jarallax-no wpr-parallax-no wpr-sticky-section-no wpr-equal-height-no e-con e-parent\" data-id=\"735117f3\" data-element_type=\"container\" data-e-type=\"container\">\n\t\t\t\t\t<div class=\"e-con-inner\">\n\t\t<div class=\"elementor-element elementor-element-5268a866 e-con-full e-flex wpr-particle-no wpr-jarallax-no wpr-parallax-no wpr-sticky-section-no wpr-equal-height-no e-con e-child\" data-id=\"5268a866\" data-element_type=\"container\" data-e-type=\"container\">\n\t\t\t\t<div class=\"elementor-element elementor-element-71d1c94 elementor-align-left elementor-widget elementor-widget-elementskit-post-list\" data-id=\"71d1c94\" data-element_type=\"widget\" data-e-type=\"widget\" data-widget_type=\"elementskit-post-list.default\">\n\t\t\t\t<div class=\"elementor-widget-container\">\n\t\t\t\t\t<div class=\"ekit-wid-con\" >\t\t<ul class=\"elementor-icon-list-items ekit-post-list-wrapper\">\n\t\t\t\t\t\t<li class=\"elementor-icon-list-item\">\n\t\t\t\t<a href=\"https:\/\/agustinosoala.org\/pt\/africa-en-la-epoca-de-agustin\/\" >\n\t\t\t\t\t\t\t\t\t\t\t\t\t<span class=\"elementor-icon-list-icon\">\n\t\t\t\t\t\t\t\t\t<svg aria-hidden=\"true\" class=\"e-font-icon-svg e-fas-external-link-alt\" viewbox=\"0 0 512 512\" xmlns=\"http:\/\/www.w3.org\/2000\/svg\"><path d=\"M432,320H400a16,16,0,0,0-16,16V448H64V128H208a16,16,0,0,0,16-16V80a16,16,0,0,0-16-16H48A48,48,0,0,0,0,112V464a48,48,0,0,0,48,48H400a48,48,0,0,0,48-48V336A16,16,0,0,0,432,320ZM488,0h-128c-21.37,0-32.05,25.91-17,41l35.73,35.73L135,320.37a24,24,0,0,0,0,34L157.67,377a24,24,0,0,0,34,0L435.28,133.32,471,169c15,15,41,4.5,41-17V24A24,24,0,0,0,488,0Z\"><\/path><\/svg>\t\t\t\t\t\t\t\t<\/span>\n\t\t\t\t\t\t\t\t\t\t\t\t<div class=\"ekit_post_list_content_wraper\">\n\t\t\t\t\t\t\n\t\t\t\t\t\t<span class=\"elementor-icon-list-text\">\u00c1frica en la \u00e9poca de Agust\u00edn<\/span>\n\n\t\t\t\t\t\t\t\t\t\t\t<\/div>\n\t\t\t\t<\/a>\n\t\t\t<\/li>\n\t\t\t\t\t<li class=\"elementor-icon-list-item\">\n\t\t\t\t<a href=\"https:\/\/agustinosoala.org\/pt\/el-amor-en-san-agustin\/\" >\n\t\t\t\t\t\t\t\t\t\t\t\t\t<span class=\"elementor-icon-list-icon\">\n\t\t\t\t\t\t\t\t\t<svg aria-hidden=\"true\" class=\"e-font-icon-svg e-fas-external-link-alt\" viewbox=\"0 0 512 512\" xmlns=\"http:\/\/www.w3.org\/2000\/svg\"><path d=\"M432,320H400a16,16,0,0,0-16,16V448H64V128H208a16,16,0,0,0,16-16V80a16,16,0,0,0-16-16H48A48,48,0,0,0,0,112V464a48,48,0,0,0,48,48H400a48,48,0,0,0,48-48V336A16,16,0,0,0,432,320ZM488,0h-128c-21.37,0-32.05,25.91-17,41l35.73,35.73L135,320.37a24,24,0,0,0,0,34L157.67,377a24,24,0,0,0,34,0L435.28,133.32,471,169c15,15,41,4.5,41-17V24A24,24,0,0,0,488,0Z\"><\/path><\/svg>\t\t\t\t\t\t\t\t<\/span>\n\t\t\t\t\t\t\t\t\t\t\t\t<div class=\"ekit_post_list_content_wraper\">\n\t\t\t\t\t\t\n\t\t\t\t\t\t<span class=\"elementor-icon-list-text\">El Amor en San Agust\u00edn<\/span>\n\n\t\t\t\t\t\t\t\t\t\t\t<\/div>\n\t\t\t\t<\/a>\n\t\t\t<\/li>\n\t\t\t\t\t<li class=\"elementor-icon-list-item\">\n\t\t\t\t<a href=\"https:\/\/agustinosoala.org\/pt\/interioridad-agustiniana\/\" >\n\t\t\t\t\t\t\t\t\t\t\t\t\t<span class=\"elementor-icon-list-icon\">\n\t\t\t\t\t\t\t\t\t<svg aria-hidden=\"true\" class=\"e-font-icon-svg e-fas-external-link-alt\" viewbox=\"0 0 512 512\" xmlns=\"http:\/\/www.w3.org\/2000\/svg\"><path d=\"M432,320H400a16,16,0,0,0-16,16V448H64V128H208a16,16,0,0,0,16-16V80a16,16,0,0,0-16-16H48A48,48,0,0,0,0,112V464a48,48,0,0,0,48,48H400a48,48,0,0,0,48-48V336A16,16,0,0,0,432,320ZM488,0h-128c-21.37,0-32.05,25.91-17,41l35.73,35.73L135,320.37a24,24,0,0,0,0,34L157.67,377a24,24,0,0,0,34,0L435.28,133.32,471,169c15,15,41,4.5,41-17V24A24,24,0,0,0,488,0Z\"><\/path><\/svg>\t\t\t\t\t\t\t\t<\/span>\n\t\t\t\t\t\t\t\t\t\t\t\t<div class=\"ekit_post_list_content_wraper\">\n\t\t\t\t\t\t\n\t\t\t\t\t\t<span class=\"elementor-icon-list-text\">Interioridad Agustiniana<\/span>\n\n\t\t\t\t\t\t\t\t\t\t\t<\/div>\n\t\t\t\t<\/a>\n\t\t\t<\/li>\n\t\t\t\t\t<li class=\"elementor-icon-list-item\">\n\t\t\t\t<a href=\"https:\/\/agustinosoala.org\/pt\/sobre-las-conversiones-de-san-agustin\/\" >\n\t\t\t\t\t\t\t\t\t\t\t\t\t<span class=\"elementor-icon-list-icon\">\n\t\t\t\t\t\t\t\t\t<svg aria-hidden=\"true\" class=\"e-font-icon-svg e-fas-external-link-alt\" viewbox=\"0 0 512 512\" xmlns=\"http:\/\/www.w3.org\/2000\/svg\"><path d=\"M432,320H400a16,16,0,0,0-16,16V448H64V128H208a16,16,0,0,0,16-16V80a16,16,0,0,0-16-16H48A48,48,0,0,0,0,112V464a48,48,0,0,0,48,48H400a48,48,0,0,0,48-48V336A16,16,0,0,0,432,320ZM488,0h-128c-21.37,0-32.05,25.91-17,41l35.73,35.73L135,320.37a24,24,0,0,0,0,34L157.67,377a24,24,0,0,0,34,0L435.28,133.32,471,169c15,15,41,4.5,41-17V24A24,24,0,0,0,488,0Z\"><\/path><\/svg>\t\t\t\t\t\t\t\t<\/span>\n\t\t\t\t\t\t\t\t\t\t\t\t<div class=\"ekit_post_list_content_wraper\">\n\t\t\t\t\t\t\n\t\t\t\t\t\t<span class=\"elementor-icon-list-text\">Sobre las Conversiones de San Agust\u00edn<\/span>\n\n\t\t\t\t\t\t\t\t\t\t\t<\/div>\n\t\t\t\t<\/a>\n\t\t\t<\/li>\n\t\t\t\t\t<li class=\"elementor-icon-list-item\">\n\t\t\t\t<a href=\"https:\/\/agustinosoala.org\/pt\/amistad-fraternidad\/\" >\n\t\t\t\t\t\t\t\t\t\t\t\t\t<span class=\"elementor-icon-list-icon\">\n\t\t\t\t\t\t\t\t\t<svg aria-hidden=\"true\" class=\"e-font-icon-svg e-fas-external-link-alt\" viewbox=\"0 0 512 512\" xmlns=\"http:\/\/www.w3.org\/2000\/svg\"><path d=\"M432,320H400a16,16,0,0,0-16,16V448H64V128H208a16,16,0,0,0,16-16V80a16,16,0,0,0-16-16H48A48,48,0,0,0,0,112V464a48,48,0,0,0,48,48H400a48,48,0,0,0,48-48V336A16,16,0,0,0,432,320ZM488,0h-128c-21.37,0-32.05,25.91-17,41l35.73,35.73L135,320.37a24,24,0,0,0,0,34L157.67,377a24,24,0,0,0,34,0L435.28,133.32,471,169c15,15,41,4.5,41-17V24A24,24,0,0,0,488,0Z\"><\/path><\/svg>\t\t\t\t\t\t\t\t<\/span>\n\t\t\t\t\t\t\t\t\t\t\t\t<div class=\"ekit_post_list_content_wraper\">\n\t\t\t\t\t\t\n\t\t\t\t\t\t<span class=\"elementor-icon-list-text\">Amistad-Fraternidad<\/span>\n\n\t\t\t\t\t\t\t\t\t\t\t<\/div>\n\t\t\t\t<\/a>\n\t\t\t<\/li>\n\t\t\t\t\t<li class=\"elementor-icon-list-item\">\n\t\t\t\t<a href=\"https:\/\/agustinosoala.org\/pt\/apostolado-agustiniano\/\" >\n\t\t\t\t\t\t\t\t\t\t\t\t\t<span class=\"elementor-icon-list-icon\">\n\t\t\t\t\t\t\t\t\t<svg aria-hidden=\"true\" class=\"e-font-icon-svg e-fas-external-link-alt\" viewbox=\"0 0 512 512\" xmlns=\"http:\/\/www.w3.org\/2000\/svg\"><path d=\"M432,320H400a16,16,0,0,0-16,16V448H64V128H208a16,16,0,0,0,16-16V80a16,16,0,0,0-16-16H48A48,48,0,0,0,0,112V464a48,48,0,0,0,48,48H400a48,48,0,0,0,48-48V336A16,16,0,0,0,432,320ZM488,0h-128c-21.37,0-32.05,25.91-17,41l35.73,35.73L135,320.37a24,24,0,0,0,0,34L157.67,377a24,24,0,0,0,34,0L435.28,133.32,471,169c15,15,41,4.5,41-17V24A24,24,0,0,0,488,0Z\"><\/path><\/svg>\t\t\t\t\t\t\t\t<\/span>\n\t\t\t\t\t\t\t\t\t\t\t\t<div class=\"ekit_post_list_content_wraper\">\n\t\t\t\t\t\t\n\t\t\t\t\t\t<span class=\"elementor-icon-list-text\">Apostolado Agustiniano<\/span>\n\n\t\t\t\t\t\t\t\t\t\t\t<\/div>\n\t\t\t\t<\/a>\n\t\t\t<\/li>\n\t\t\t\t\t<li class=\"elementor-icon-list-item\">\n\t\t\t\t<a href=\"https:\/\/agustinosoala.org\/pt\/antropologia-agustiniana\/\" >\n\t\t\t\t\t\t\t\t\t\t\t\t\t<span class=\"elementor-icon-list-icon\">\n\t\t\t\t\t\t\t\t\t<svg aria-hidden=\"true\" class=\"e-font-icon-svg e-fas-external-link-alt\" viewbox=\"0 0 512 512\" xmlns=\"http:\/\/www.w3.org\/2000\/svg\"><path d=\"M432,320H400a16,16,0,0,0-16,16V448H64V128H208a16,16,0,0,0,16-16V80a16,16,0,0,0-16-16H48A48,48,0,0,0,0,112V464a48,48,0,0,0,48,48H400a48,48,0,0,0,48-48V336A16,16,0,0,0,432,320ZM488,0h-128c-21.37,0-32.05,25.91-17,41l35.73,35.73L135,320.37a24,24,0,0,0,0,34L157.67,377a24,24,0,0,0,34,0L435.28,133.32,471,169c15,15,41,4.5,41-17V24A24,24,0,0,0,488,0Z\"><\/path><\/svg>\t\t\t\t\t\t\t\t<\/span>\n\t\t\t\t\t\t\t\t\t\t\t\t<div class=\"ekit_post_list_content_wraper\">\n\t\t\t\t\t\t\n\t\t\t\t\t\t<span class=\"elementor-icon-list-text\">Antropolog\u00eda Agustiniana<\/span>\n\n\t\t\t\t\t\t\t\t\t\t\t<\/div>\n\t\t\t\t<\/a>\n\t\t\t<\/li>\n\t\t\t\t\t<li class=\"elementor-icon-list-item\">\n\t\t\t\t<a href=\"https:\/\/agustinosoala.org\/pt\/documentos-de-la-orden\/\" >\n\t\t\t\t\t\t\t\t\t\t\t\t\t<span class=\"elementor-icon-list-icon\">\n\t\t\t\t\t\t\t\t\t<svg aria-hidden=\"true\" class=\"e-font-icon-svg e-fas-external-link-alt\" viewbox=\"0 0 512 512\" xmlns=\"http:\/\/www.w3.org\/2000\/svg\"><path d=\"M432,320H400a16,16,0,0,0-16,16V448H64V128H208a16,16,0,0,0,16-16V80a16,16,0,0,0-16-16H48A48,48,0,0,0,0,112V464a48,48,0,0,0,48,48H400a48,48,0,0,0,48-48V336A16,16,0,0,0,432,320ZM488,0h-128c-21.37,0-32.05,25.91-17,41l35.73,35.73L135,320.37a24,24,0,0,0,0,34L157.67,377a24,24,0,0,0,34,0L435.28,133.32,471,169c15,15,41,4.5,41-17V24A24,24,0,0,0,488,0Z\"><\/path><\/svg>\t\t\t\t\t\t\t\t<\/span>\n\t\t\t\t\t\t\t\t\t\t\t\t<div class=\"ekit_post_list_content_wraper\">\n\t\t\t\t\t\t\n\t\t\t\t\t\t<span class=\"elementor-icon-list-text\">Documentos de la Orden<\/span>\n\n\t\t\t\t\t\t\t\t\t\t\t<\/div>\n\t\t\t\t<\/a>\n\t\t\t<\/li>\n\t\t\t\t\t<li class=\"elementor-icon-list-item\">\n\t\t\t\t<a href=\"https:\/\/agustinosoala.org\/pt\/santoral-agustiniano\/\" >\n\t\t\t\t\t\t\t\t\t\t\t\t\t<span class=\"elementor-icon-list-icon\">\n\t\t\t\t\t\t\t\t\t<svg aria-hidden=\"true\" class=\"e-font-icon-svg e-fas-external-link-alt\" viewbox=\"0 0 512 512\" xmlns=\"http:\/\/www.w3.org\/2000\/svg\"><path d=\"M432,320H400a16,16,0,0,0-16,16V448H64V128H208a16,16,0,0,0,16-16V80a16,16,0,0,0-16-16H48A48,48,0,0,0,0,112V464a48,48,0,0,0,48,48H400a48,48,0,0,0,48-48V336A16,16,0,0,0,432,320ZM488,0h-128c-21.37,0-32.05,25.91-17,41l35.73,35.73L135,320.37a24,24,0,0,0,0,34L157.67,377a24,24,0,0,0,34,0L435.28,133.32,471,169c15,15,41,4.5,41-17V24A24,24,0,0,0,488,0Z\"><\/path><\/svg>\t\t\t\t\t\t\t\t<\/span>\n\t\t\t\t\t\t\t\t\t\t\t\t<div class=\"ekit_post_list_content_wraper\">\n\t\t\t\t\t\t\n\t\t\t\t\t\t<span class=\"elementor-icon-list-text\">Santoral Agustiniano<\/span>\n\n\t\t\t\t\t\t\t\t\t\t\t<\/div>\n\t\t\t\t<\/a>\n\t\t\t<\/li>\n\t\t\t\t<\/ul>\n\t\t<\/div>\t\t\t\t<\/div>\n\t\t\t\t<\/div>\n\t\t\t\t<\/div>\n\t\t<div class=\"elementor-element elementor-element-fc87688 e-con-full e-flex wpr-particle-no wpr-jarallax-no wpr-parallax-no wpr-sticky-section-no wpr-equal-height-no e-con e-child\" data-id=\"fc87688\" data-element_type=\"container\" data-e-type=\"container\">\n\t\t\t\t<div class=\"elementor-element elementor-element-4bb33c3b elementor-widget elementor-widget-elementskit-heading\" data-id=\"4bb33c3b\" data-element_type=\"widget\" data-e-type=\"widget\" data-widget_type=\"elementskit-heading.default\">\n\t\t\t\t\t<div class=\"ekit-wid-con\" ><div class=\"ekit-heading elementskit-section-title-wraper text_left   ekit_heading_tablet-   ekit_heading_mobile-\"><h2 class=\"ekit-heading--title elementskit-section-title\">\u00c1frica en la \u00e9poca de Agust\u00edn: Hamman Adalbert<\/h2><div class=\"ekit_heading_separetor_wraper ekit_heading_elementskit-border-divider elementskit-style-long\"><div class=\"elementskit-border-divider elementskit-style-long\"><\/div><\/div>\t\t\t\t<div class='ekit-heading__description'>\n\t\t\t\t\t<p>La vida cotidiana en \u00c1frica del Norte, al declinar el Imperio romano, nos concierne a todos: para los hombres del viejo Continente, ella describe las \u00faltimas p\u00e1ginas de la epopeya romana ultramarina; para los cristianos, descubre la vitalidad explosiva de una comunidad; los exegetas de San Agust\u00edn encuentran tambi\u00e9n el contexto diario de la vida del obispo de Hipona. Para encontrar la fuente de esta vida cotidiana, nos es necesario releer los monumentos de la historia pasada, interrogar a las ruinas, exhumadas piadosamente, que relatan con precisi\u00f3n y complacencia las vidas y los logros humanos; pero tambi\u00e9n contemplar el cielo, las monta\u00f1as, el mar, los paisajes, que son los mismos que, vio Agust\u00edn: ellos se reflejan en sus escritos, estimularon su sensibilidad y formaron su alma. Meditaba, una ma\u00f1ana de primavera, en la Bas\u00edlica de Hipona, y me pareci\u00f3 escuchar la voz de su obispo, sentir vibrar su coraz\u00f3n, semejante al mar tan cercano, \"figura del mundo, con sus aguas saladas, amargas, tumultuosas, balanceadas por las tempestades...\" \u00bfC\u00f3mo entender el alma del pueblo africano, marcado por influencias sucesivas y, a veces, contradictorias, y siempre combativo por la conservaci\u00f3n de su identidad? \u00bfPor qu\u00e9 el Evangelio ha ejercido tan extra\u00f1a seducci\u00f3n sobre ese pueblo? El obispo de Hipona nos ha servido de faro en esta investigaci\u00f3n. El Pastor nos ha permitido descubrir a su comunidad y encontrar en su predicaci\u00f3n dirigida a los m\u00e1s sencillos, la espontaneidad e inconstancia, la exuberancia y pesadez de esa gente. Nuestro prop\u00f3sito no ha sido el de escribir una nueva biograf\u00eda del obispo de Hipona. Existen excelentes, como la de Peter Brown. Nosotros nos limitaremos a interrogar al obispo sobre la vida cotidiana y no sobre las controversias o sobre el misterio de la Gracia. Agust\u00edn es una monta\u00f1a de dif\u00edcil acceso. Nosotros la contemplaremos desde la superficie, a partir de las humildes cosas de la vida que Agust\u00edn observ\u00f3 y comparti\u00f3 diariamente, durante treinta y cinco a\u00f1os, para \"comulgar y participar humanamente\" con la multitud. Para escribir la vida cotidiana de los primeros cristianos nosotros sufrimos la escasez de documentos y testimonios. En este libro nos ocurre todo lo contrario: estamos desbordados por la abundante documentaci\u00f3n. \"Es imposible decir todo y no se sabe qu\u00e9 omitir\", dec\u00eda ya el gran Tillemont. Los escritos de Agust\u00edn son un jard\u00edn tan rico, tan amplio, que hemos elegido lo que nos concierne, sin extendernos a otras cuestiones. De esta manera respetamos los l\u00edmites de la Colecci\u00f3n \"La vida cotidiana\". Nuestra investigaci\u00f3n partir\u00e1 del medio ambiente para llegar al coraz\u00f3n de la comunidad cristiana. Cristianos y paganos participan de las mismas realidades geogr\u00e1ficas, \u00e9tnicas, familiares y culturales; hablan la misma lengua, habitan las mismas ciudades; se reconocen y se distinguen. \u00bfC\u00f3mo separar ese mundo de los cristianos quienes, adem\u00e1s, divididos por un cisma end\u00e9mico, viven juntos los momentos fuertes, las fiestas lit\u00fargicas? Agust\u00edn, obispo de Hipona, nos conf\u00eda sus alegr\u00edas y sus angustias de pastor, los gozos y las penurias de su grey, la mezcla de dos pueblos, de dos ciudades, confundidas en un mismo peregrinar hasta que el camino termine en los umbrales de la nueva Jerusal\u00e9n. La vida cotidiana del \u00c1frica est\u00e1 aclarada y transfigurada por el autor de las Confesiones gracias a la potencia de su talento y al calor de su ternura. Aqu\u00e9l que deseaba \"amar y ser amado\" ha sabido escuchar el alma insatisfecha y buscar en Dios la satisfacci\u00f3n de toda b\u00fasqueda e inquietud. Amar totalmente, amar como \u00e9l fue amado, es decir, hasta la entrega total... Por no haberse limitado en su amor a \u00c1frica sino por haber comprendido las ansias del hombre que se vislumbran desde los confines de la tierra, el obispo de Hipona pertenece al Universo, a la Historia.<br \/>Roma, l.XI.1978 El Autor.<\/p>\n\t\t\t\t<\/div>\n\t\t\t<\/div><\/div>\t\t\t\t<\/div>\n\t\t\t\t<div class=\"elementor-element elementor-element-7e1903ab elementor-widget elementor-widget-elementskit-heading\" data-id=\"7e1903ab\" data-element_type=\"widget\" data-e-type=\"widget\" data-widget_type=\"elementskit-heading.default\">\n\t\t\t\t\t<div class=\"ekit-wid-con\" ><div class=\"ekit-heading elementskit-section-title-wraper text_left   ekit_heading_tablet-   ekit_heading_mobile-\"><h2 class=\"ekit-heading--title elementskit-section-title\">Descargue aqu\u00ed<\/h2>\t\t\t\t<div class='ekit-heading__description'>\n\t\t\t\t\t<p><span style=\"text-decoration: underline\"><span style=\"color: #193654\"><a style=\"color: #193654;text-decoration: underline\" href=\"https:\/\/agustinosoala.org\/wp-content\/uploads\/2025\/09\/Hamman-Adalbert-G-La-Vida-Cotidiana-En-Africa-Del-Norte-En-Tiempos-De-San-Agustin.pdf\" target=\"_blank\" rel=\"noopener\">Hamman Adalbert G - La Vida Cotidiana En Africa Del Norte En Tiempos De San Agustin<\/a><\/span><\/span><\/p>\n\t\t\t\t<\/div>\n\t\t\t<\/div><\/div>\t\t\t\t<\/div>\n\t\t\t\t<\/div>\n\t\t\t\t\t<\/div>\n\t\t\t\t<\/div>\n\t\t\t\t<\/div>","protected":false},"excerpt":{"rendered":"<p>\u00abNos hiciste, Se\u00f1or, para ti, y nuestro coraz\u00f3n est\u00e1 inquieto hasta que descanse en ti\u00bb San Agust\u00edn. Confessiones (Confesiones), Libro I, cap. 1. \u00c1frica en la \u00e9poca de Agust\u00edn El Amor en San Agust\u00edn Interioridad Agustiniana Sobre las Conversiones de San Agust\u00edn Amistad-Fraternidad Apostolado Agustiniano Antropolog\u00eda Agustiniana Documentos de la Orden Santoral Agustiniano \u00c1frica en la \u00e9poca de Agust\u00edn: Hamman Adalbert La vida cotidiana en \u00c1frica del Norte, al declinar el Imperio romano, nos concierne a todos: para los hombres del viejo Continente, ella describe las \u00faltimas p\u00e1ginas de la epopeya romana ultramarina; para los cristianos, descubre la vitalidad explosiva de una comunidad; los exegetas de San Agust\u00edn encuentran tambi\u00e9n el contexto diario de la vida del obispo de Hipona. Para encontrar la fuente de esta vida cotidiana, nos es necesario releer los monumentos de la historia pasada, interrogar a las ruinas, exhumadas piadosamente, que relatan con precisi\u00f3n y complacencia las vidas y los logros humanos; pero tambi\u00e9n contemplar el cielo, las monta\u00f1as, el mar, los paisajes, que son los mismos que, vio Agust\u00edn: ellos se reflejan en sus escritos, estimularon su sensibilidad y formaron su alma. Meditaba, una ma\u00f1ana de primavera, en la Bas\u00edlica de Hipona, y me pareci\u00f3 escuchar la voz de su obispo, sentir vibrar su coraz\u00f3n, semejante al mar tan cercano, \u00abfigura del mundo, con sus aguas saladas, amargas, tumultuosas, balanceadas por las tempestades&#8230;\u00bb \u00bfC\u00f3mo entender el alma del pueblo africano, marcado por influencias sucesivas y, a veces, contradictorias, y siempre combativo por la conservaci\u00f3n de su identidad? \u00bfPor qu\u00e9 el Evangelio ha ejercido tan extra\u00f1a seducci\u00f3n sobre ese pueblo? El obispo de Hipona nos ha servido de faro en esta investigaci\u00f3n. El Pastor nos ha permitido descubrir a su comunidad y encontrar en su predicaci\u00f3n dirigida a los m\u00e1s sencillos, la espontaneidad e inconstancia, la exuberancia y pesadez de esa gente. Nuestro prop\u00f3sito no ha sido el de escribir una nueva biograf\u00eda del obispo de Hipona. Existen excelentes, como la de Peter Brown. Nosotros nos limitaremos a interrogar al obispo sobre la vida cotidiana y no sobre las controversias o sobre el misterio de la Gracia. Agust\u00edn es una monta\u00f1a de dif\u00edcil acceso. Nosotros la contemplaremos desde la superficie, a partir de las humildes cosas de la vida que Agust\u00edn observ\u00f3 y comparti\u00f3 diariamente, durante treinta y cinco a\u00f1os, para \u00abcomulgar y participar humanamente\u00bb con la multitud. Para escribir la vida cotidiana de los primeros cristianos nosotros sufrimos la escasez de documentos y testimonios. En este libro nos ocurre todo lo contrario: estamos desbordados por la abundante documentaci\u00f3n. \u00abEs imposible decir todo y no se sabe qu\u00e9 omitir\u00bb, dec\u00eda ya el gran Tillemont. Los escritos de Agust\u00edn son un jard\u00edn tan rico, tan amplio, que hemos elegido lo que nos concierne, sin extendernos a otras cuestiones. De esta manera respetamos los l\u00edmites de la Colecci\u00f3n \u00abLa vida cotidiana\u00bb. Nuestra investigaci\u00f3n partir\u00e1 del medio ambiente para llegar al coraz\u00f3n de la comunidad cristiana. Cristianos y paganos participan de las mismas realidades geogr\u00e1ficas, \u00e9tnicas, familiares y culturales; hablan la misma lengua, habitan las mismas ciudades; se reconocen y se distinguen. \u00bfC\u00f3mo separar ese mundo de los cristianos quienes, adem\u00e1s, divididos por un cisma end\u00e9mico, viven juntos los momentos fuertes, las fiestas lit\u00fargicas? Agust\u00edn, obispo de Hipona, nos conf\u00eda sus alegr\u00edas y sus angustias de pastor, los gozos y las penurias de su grey, la mezcla de dos pueblos, de dos ciudades, confundidas en un mismo peregrinar hasta que el camino termine en los umbrales de la nueva Jerusal\u00e9n. La vida cotidiana del \u00c1frica est\u00e1 aclarada y transfigurada por el autor de las Confesiones gracias a la potencia de su talento y al calor de su ternura. Aqu\u00e9l que deseaba \u00abamar y ser amado\u00bb ha sabido escuchar el alma insatisfecha y buscar en Dios la satisfacci\u00f3n de toda b\u00fasqueda e inquietud. Amar totalmente, amar como \u00e9l fue amado, es decir, hasta la entrega total&#8230; Por no haberse limitado en su amor a \u00c1frica sino por haber comprendido las ansias del hombre que se vislumbran desde los confines de la tierra, el obispo de Hipona pertenece al Universo, a la Historia.Roma, l.XI.1978 El Autor. Descargue aqu\u00ed Hamman Adalbert G &#8211; La Vida Cotidiana En Africa Del Norte En Tiempos De San Agustin<\/p>","protected":false},"author":1,"featured_media":0,"comment_status":"open","ping_status":"open","sticky":false,"template":"elementor_header_footer","format":"standard","meta":{"inline_featured_image":false,"postBodyCss":"","postBodyMargin":[],"postBodyPadding":[],"postBodyBackground":{"backgroundType":"classic","gradient":""},"footnotes":""},"categories":[27],"tags":[],"class_list":["post-678","post","type-post","status-publish","format-standard","hentry","category-espiritualidad"],"yoast_head":"<!-- This site is optimized with the Yoast SEO plugin v27.5 - https:\/\/yoast.com\/product\/yoast-seo-wordpress\/ -->\n<title>\u00c1frica en la \u00e9poca de Agust\u00edn - OALA - Organizaci\u00f3n de los Agustinos de Am\u00e9rica Latina<\/title>\n<meta name=\"robots\" content=\"index, follow, max-snippet:-1, max-image-preview:large, max-video-preview:-1\" \/>\n<link rel=\"canonical\" href=\"https:\/\/agustinosoala.org\/pt\/en\/africa-en-la-epoca-de-agustin\/\" \/>\n<meta property=\"og:locale\" content=\"pt_BR\" \/>\n<meta property=\"og:type\" content=\"article\" \/>\n<meta property=\"og:title\" content=\"\u00c1frica en la \u00e9poca de Agust\u00edn - OALA - Organizaci\u00f3n de los Agustinos de Am\u00e9rica Latina\" \/>\n<meta property=\"og:description\" content=\"\u00abNos hiciste, Se\u00f1or, para ti, y nuestro coraz\u00f3n est\u00e1 inquieto hasta que descanse en ti\u00bb San Agust\u00edn. Confessiones (Confesiones), Libro I, cap. 1. \u00c1frica en la \u00e9poca de Agust\u00edn El Amor en San Agust\u00edn Interioridad Agustiniana Sobre las Conversiones de San Agust\u00edn Amistad-Fraternidad Apostolado Agustiniano Antropolog\u00eda Agustiniana Documentos de la Orden Santoral Agustiniano \u00c1frica en la \u00e9poca de Agust\u00edn: Hamman Adalbert La vida cotidiana en \u00c1frica del Norte, al declinar el Imperio romano, nos concierne a todos: para los hombres del viejo Continente, ella describe las \u00faltimas p\u00e1ginas de la epopeya romana ultramarina; para los cristianos, descubre la vitalidad explosiva de una comunidad; los exegetas de San Agust\u00edn encuentran tambi\u00e9n el contexto diario de la vida del obispo de Hipona. Para encontrar la fuente de esta vida cotidiana, nos es necesario releer los monumentos de la historia pasada, interrogar a las ruinas, exhumadas piadosamente, que relatan con precisi\u00f3n y complacencia las vidas y los logros humanos; pero tambi\u00e9n contemplar el cielo, las monta\u00f1as, el mar, los paisajes, que son los mismos que, vio Agust\u00edn: ellos se reflejan en sus escritos, estimularon su sensibilidad y formaron su alma. Meditaba, una ma\u00f1ana de primavera, en la Bas\u00edlica de Hipona, y me pareci\u00f3 escuchar la voz de su obispo, sentir vibrar su coraz\u00f3n, semejante al mar tan cercano, \u00abfigura del mundo, con sus aguas saladas, amargas, tumultuosas, balanceadas por las tempestades&#8230;\u00bb \u00bfC\u00f3mo entender el alma del pueblo africano, marcado por influencias sucesivas y, a veces, contradictorias, y siempre combativo por la conservaci\u00f3n de su identidad? \u00bfPor qu\u00e9 el Evangelio ha ejercido tan extra\u00f1a seducci\u00f3n sobre ese pueblo? El obispo de Hipona nos ha servido de faro en esta investigaci\u00f3n. El Pastor nos ha permitido descubrir a su comunidad y encontrar en su predicaci\u00f3n dirigida a los m\u00e1s sencillos, la espontaneidad e inconstancia, la exuberancia y pesadez de esa gente. Nuestro prop\u00f3sito no ha sido el de escribir una nueva biograf\u00eda del obispo de Hipona. Existen excelentes, como la de Peter Brown. Nosotros nos limitaremos a interrogar al obispo sobre la vida cotidiana y no sobre las controversias o sobre el misterio de la Gracia. Agust\u00edn es una monta\u00f1a de dif\u00edcil acceso. Nosotros la contemplaremos desde la superficie, a partir de las humildes cosas de la vida que Agust\u00edn observ\u00f3 y comparti\u00f3 diariamente, durante treinta y cinco a\u00f1os, para \u00abcomulgar y participar humanamente\u00bb con la multitud. Para escribir la vida cotidiana de los primeros cristianos nosotros sufrimos la escasez de documentos y testimonios. En este libro nos ocurre todo lo contrario: estamos desbordados por la abundante documentaci\u00f3n. \u00abEs imposible decir todo y no se sabe qu\u00e9 omitir\u00bb, dec\u00eda ya el gran Tillemont. Los escritos de Agust\u00edn son un jard\u00edn tan rico, tan amplio, que hemos elegido lo que nos concierne, sin extendernos a otras cuestiones. De esta manera respetamos los l\u00edmites de la Colecci\u00f3n \u00abLa vida cotidiana\u00bb. Nuestra investigaci\u00f3n partir\u00e1 del medio ambiente para llegar al coraz\u00f3n de la comunidad cristiana. Cristianos y paganos participan de las mismas realidades geogr\u00e1ficas, \u00e9tnicas, familiares y culturales; hablan la misma lengua, habitan las mismas ciudades; se reconocen y se distinguen. \u00bfC\u00f3mo separar ese mundo de los cristianos quienes, adem\u00e1s, divididos por un cisma end\u00e9mico, viven juntos los momentos fuertes, las fiestas lit\u00fargicas? Agust\u00edn, obispo de Hipona, nos conf\u00eda sus alegr\u00edas y sus angustias de pastor, los gozos y las penurias de su grey, la mezcla de dos pueblos, de dos ciudades, confundidas en un mismo peregrinar hasta que el camino termine en los umbrales de la nueva Jerusal\u00e9n. La vida cotidiana del \u00c1frica est\u00e1 aclarada y transfigurada por el autor de las Confesiones gracias a la potencia de su talento y al calor de su ternura. Aqu\u00e9l que deseaba \u00abamar y ser amado\u00bb ha sabido escuchar el alma insatisfecha y buscar en Dios la satisfacci\u00f3n de toda b\u00fasqueda e inquietud. Amar totalmente, amar como \u00e9l fue amado, es decir, hasta la entrega total&#8230; Por no haberse limitado en su amor a \u00c1frica sino por haber comprendido las ansias del hombre que se vislumbran desde los confines de la tierra, el obispo de Hipona pertenece al Universo, a la Historia.Roma, l.XI.1978 El Autor. Descargue aqu\u00ed Hamman Adalbert G &#8211; La Vida Cotidiana En Africa Del Norte En Tiempos De San Agustin\" \/>\n<meta property=\"og:url\" content=\"https:\/\/agustinosoala.org\/pt\/en\/africa-en-la-epoca-de-agustin\/\" \/>\n<meta property=\"og:site_name\" content=\"OALA - Organizaci\u00f3n de los Agustinos de Am\u00e9rica Latina\" \/>\n<meta property=\"article:publisher\" content=\"https:\/\/www.facebook.com\/oalagustinos\" \/>\n<meta property=\"article:author\" content=\"https:\/\/www.facebook.com\/EdgarLizardo3006\/\" \/>\n<meta property=\"article:published_time\" content=\"2025-09-25T21:04:06+00:00\" \/>\n<meta property=\"article:modified_time\" content=\"2025-09-26T04:47:55+00:00\" \/>\n<meta property=\"og:image\" content=\"https:\/\/agustinosoala.org\/wp-content\/uploads\/2025\/09\/OALA-IMAGEN-EDIT-2.png\" \/>\n\t<meta property=\"og:image:width\" content=\"957\" \/>\n\t<meta property=\"og:image:height\" content=\"1074\" \/>\n\t<meta property=\"og:image:type\" content=\"image\/png\" \/>\n<meta name=\"author\" content=\"Edgar F.A\" \/>\n<meta name=\"twitter:card\" content=\"summary_large_image\" \/>\n<meta name=\"twitter:creator\" content=\"@https:\/\/x.com\/EDGAR_LIZARDO30\" \/>\n<meta name=\"twitter:label1\" content=\"Written by\" \/>\n\t<meta name=\"twitter:data1\" content=\"Edgar F.A\" \/>\n\t<meta name=\"twitter:label2\" content=\"Est. reading time\" \/>\n\t<meta name=\"twitter:data2\" content=\"4 minutos\" \/>\n<script type=\"application\/ld+json\" class=\"yoast-schema-graph\">{\"@context\":\"https:\\\/\\\/schema.org\",\"@graph\":[{\"@type\":\"Article\",\"@id\":\"https:\\\/\\\/agustinosoala.org\\\/en\\\/africa-en-la-epoca-de-agustin\\\/#article\",\"isPartOf\":{\"@id\":\"https:\\\/\\\/agustinosoala.org\\\/en\\\/africa-en-la-epoca-de-agustin\\\/\"},\"author\":{\"name\":\"Edgar F.A\",\"@id\":\"https:\\\/\\\/agustinosoala.org\\\/#\\\/schema\\\/person\\\/178932e184c8d3466b6667113d199936\"},\"headline\":\"\u00c1frica en la \u00e9poca de Agust\u00edn\",\"datePublished\":\"2025-09-25T21:04:06+00:00\",\"dateModified\":\"2025-09-26T04:47:55+00:00\",\"mainEntityOfPage\":{\"@id\":\"https:\\\/\\\/agustinosoala.org\\\/en\\\/africa-en-la-epoca-de-agustin\\\/\"},\"wordCount\":763,\"commentCount\":0,\"publisher\":{\"@id\":\"https:\\\/\\\/agustinosoala.org\\\/#organization\"},\"articleSection\":[\"Espiritualidad\"],\"inLanguage\":\"pt-BR\",\"potentialAction\":[{\"@type\":\"CommentAction\",\"name\":\"Comment\",\"target\":[\"https:\\\/\\\/agustinosoala.org\\\/en\\\/africa-en-la-epoca-de-agustin\\\/#respond\"]}]},{\"@type\":\"WebPage\",\"@id\":\"https:\\\/\\\/agustinosoala.org\\\/en\\\/africa-en-la-epoca-de-agustin\\\/\",\"url\":\"https:\\\/\\\/agustinosoala.org\\\/en\\\/africa-en-la-epoca-de-agustin\\\/\",\"name\":\"\u00c1frica en la \u00e9poca de Agust\u00edn - OALA - Organizaci\u00f3n de los Agustinos de Am\u00e9rica Latina\",\"isPartOf\":{\"@id\":\"https:\\\/\\\/agustinosoala.org\\\/#website\"},\"datePublished\":\"2025-09-25T21:04:06+00:00\",\"dateModified\":\"2025-09-26T04:47:55+00:00\",\"breadcrumb\":{\"@id\":\"https:\\\/\\\/agustinosoala.org\\\/en\\\/africa-en-la-epoca-de-agustin\\\/#breadcrumb\"},\"inLanguage\":\"pt-BR\",\"potentialAction\":[{\"@type\":\"ReadAction\",\"target\":[\"https:\\\/\\\/agustinosoala.org\\\/en\\\/africa-en-la-epoca-de-agustin\\\/\"]}]},{\"@type\":\"BreadcrumbList\",\"@id\":\"https:\\\/\\\/agustinosoala.org\\\/en\\\/africa-en-la-epoca-de-agustin\\\/#breadcrumb\",\"itemListElement\":[{\"@type\":\"ListItem\",\"position\":1,\"name\":\"Portada\",\"item\":\"https:\\\/\\\/agustinosoala.org\\\/\"},{\"@type\":\"ListItem\",\"position\":2,\"name\":\"\u00c1frica en la \u00e9poca de Agust\u00edn\"}]},{\"@type\":\"WebSite\",\"@id\":\"https:\\\/\\\/agustinosoala.org\\\/#website\",\"url\":\"https:\\\/\\\/agustinosoala.org\\\/\",\"name\":\"Organizaci\u00f3n de los Agustinos de Am\u00e9rica Latina - OALA\",\"description\":\"&quot;Comunidad agustiniana comprometida con la fe, la misi\u00f3n y el servicio en latinoamerica.&quot;\",\"publisher\":{\"@id\":\"https:\\\/\\\/agustinosoala.org\\\/#organization\"},\"alternateName\":\"OALA\",\"potentialAction\":[{\"@type\":\"SearchAction\",\"target\":{\"@type\":\"EntryPoint\",\"urlTemplate\":\"https:\\\/\\\/agustinosoala.org\\\/?s={search_term_string}\"},\"query-input\":{\"@type\":\"PropertyValueSpecification\",\"valueRequired\":true,\"valueName\":\"search_term_string\"}}],\"inLanguage\":\"pt-BR\"},{\"@type\":\"Organization\",\"@id\":\"https:\\\/\\\/agustinosoala.org\\\/#organization\",\"name\":\"Organizaci\u00f3n de los Agustinos de Am\u00e9rica Latina - OALA\",\"alternateName\":\"OALA\",\"url\":\"https:\\\/\\\/agustinosoala.org\\\/\",\"logo\":{\"@type\":\"ImageObject\",\"inLanguage\":\"pt-BR\",\"@id\":\"https:\\\/\\\/agustinosoala.org\\\/#\\\/schema\\\/logo\\\/image\\\/\",\"url\":\"https:\\\/\\\/agustinosoala.org\\\/wp-content\\\/uploads\\\/2025\\\/09\\\/logo-oala.webp\",\"contentUrl\":\"https:\\\/\\\/agustinosoala.org\\\/wp-content\\\/uploads\\\/2025\\\/09\\\/logo-oala.webp\",\"width\":70,\"height\":70,\"caption\":\"Organizaci\u00f3n de los Agustinos de Am\u00e9rica Latina - OALA\"},\"image\":{\"@id\":\"https:\\\/\\\/agustinosoala.org\\\/#\\\/schema\\\/logo\\\/image\\\/\"},\"sameAs\":[\"https:\\\/\\\/www.facebook.com\\\/oalagustinos\",\"https:\\\/\\\/www.youtube.com\\\/@oalagustinos\",\"https:\\\/\\\/www.instagram.com\\\/oalagustinos_\\\/\"]},{\"@type\":\"Person\",\"@id\":\"https:\\\/\\\/agustinosoala.org\\\/#\\\/schema\\\/person\\\/178932e184c8d3466b6667113d199936\",\"name\":\"Edgar F.A\",\"image\":{\"@type\":\"ImageObject\",\"inLanguage\":\"pt-BR\",\"@id\":\"https:\\\/\\\/secure.gravatar.com\\\/avatar\\\/6c9a108d59d32f65fd46cd81d74f68e9d3b5f426c259d6576a17c714edb363b6?s=96&d=mm&r=g\",\"url\":\"https:\\\/\\\/secure.gravatar.com\\\/avatar\\\/6c9a108d59d32f65fd46cd81d74f68e9d3b5f426c259d6576a17c714edb363b6?s=96&d=mm&r=g\",\"contentUrl\":\"https:\\\/\\\/secure.gravatar.com\\\/avatar\\\/6c9a108d59d32f65fd46cd81d74f68e9d3b5f426c259d6576a17c714edb363b6?s=96&d=mm&r=g\",\"caption\":\"Edgar F.A\"},\"description\":\"Ingeniero de sistemas\",\"sameAs\":[\"https:\\\/\\\/agustinosoala.org\",\"https:\\\/\\\/www.facebook.com\\\/EdgarLizardo3006\\\/\",\"https:\\\/\\\/x.com\\\/https:\\\/\\\/x.com\\\/EDGAR_LIZARDO30\"]}]}<\/script>\n<!-- \/ Yoast SEO plugin. -->","yoast_head_json":{"title":"\u00c1frica en la \u00e9poca de Agust\u00edn - OALA - Organizaci\u00f3n de los Agustinos de Am\u00e9rica Latina","robots":{"index":"index","follow":"follow","max-snippet":"max-snippet:-1","max-image-preview":"max-image-preview:large","max-video-preview":"max-video-preview:-1"},"canonical":"https:\/\/agustinosoala.org\/pt\/en\/africa-en-la-epoca-de-agustin\/","og_locale":"pt_BR","og_type":"article","og_title":"\u00c1frica en la \u00e9poca de Agust\u00edn - OALA - Organizaci\u00f3n de los Agustinos de Am\u00e9rica Latina","og_description":"\u00abNos hiciste, Se\u00f1or, para ti, y nuestro coraz\u00f3n est\u00e1 inquieto hasta que descanse en ti\u00bb San Agust\u00edn. Confessiones (Confesiones), Libro I, cap. 1. \u00c1frica en la \u00e9poca de Agust\u00edn El Amor en San Agust\u00edn Interioridad Agustiniana Sobre las Conversiones de San Agust\u00edn Amistad-Fraternidad Apostolado Agustiniano Antropolog\u00eda Agustiniana Documentos de la Orden Santoral Agustiniano \u00c1frica en la \u00e9poca de Agust\u00edn: Hamman Adalbert La vida cotidiana en \u00c1frica del Norte, al declinar el Imperio romano, nos concierne a todos: para los hombres del viejo Continente, ella describe las \u00faltimas p\u00e1ginas de la epopeya romana ultramarina; para los cristianos, descubre la vitalidad explosiva de una comunidad; los exegetas de San Agust\u00edn encuentran tambi\u00e9n el contexto diario de la vida del obispo de Hipona. Para encontrar la fuente de esta vida cotidiana, nos es necesario releer los monumentos de la historia pasada, interrogar a las ruinas, exhumadas piadosamente, que relatan con precisi\u00f3n y complacencia las vidas y los logros humanos; pero tambi\u00e9n contemplar el cielo, las monta\u00f1as, el mar, los paisajes, que son los mismos que, vio Agust\u00edn: ellos se reflejan en sus escritos, estimularon su sensibilidad y formaron su alma. Meditaba, una ma\u00f1ana de primavera, en la Bas\u00edlica de Hipona, y me pareci\u00f3 escuchar la voz de su obispo, sentir vibrar su coraz\u00f3n, semejante al mar tan cercano, \u00abfigura del mundo, con sus aguas saladas, amargas, tumultuosas, balanceadas por las tempestades&#8230;\u00bb \u00bfC\u00f3mo entender el alma del pueblo africano, marcado por influencias sucesivas y, a veces, contradictorias, y siempre combativo por la conservaci\u00f3n de su identidad? \u00bfPor qu\u00e9 el Evangelio ha ejercido tan extra\u00f1a seducci\u00f3n sobre ese pueblo? El obispo de Hipona nos ha servido de faro en esta investigaci\u00f3n. El Pastor nos ha permitido descubrir a su comunidad y encontrar en su predicaci\u00f3n dirigida a los m\u00e1s sencillos, la espontaneidad e inconstancia, la exuberancia y pesadez de esa gente. Nuestro prop\u00f3sito no ha sido el de escribir una nueva biograf\u00eda del obispo de Hipona. Existen excelentes, como la de Peter Brown. Nosotros nos limitaremos a interrogar al obispo sobre la vida cotidiana y no sobre las controversias o sobre el misterio de la Gracia. Agust\u00edn es una monta\u00f1a de dif\u00edcil acceso. Nosotros la contemplaremos desde la superficie, a partir de las humildes cosas de la vida que Agust\u00edn observ\u00f3 y comparti\u00f3 diariamente, durante treinta y cinco a\u00f1os, para \u00abcomulgar y participar humanamente\u00bb con la multitud. Para escribir la vida cotidiana de los primeros cristianos nosotros sufrimos la escasez de documentos y testimonios. En este libro nos ocurre todo lo contrario: estamos desbordados por la abundante documentaci\u00f3n. \u00abEs imposible decir todo y no se sabe qu\u00e9 omitir\u00bb, dec\u00eda ya el gran Tillemont. Los escritos de Agust\u00edn son un jard\u00edn tan rico, tan amplio, que hemos elegido lo que nos concierne, sin extendernos a otras cuestiones. De esta manera respetamos los l\u00edmites de la Colecci\u00f3n \u00abLa vida cotidiana\u00bb. Nuestra investigaci\u00f3n partir\u00e1 del medio ambiente para llegar al coraz\u00f3n de la comunidad cristiana. Cristianos y paganos participan de las mismas realidades geogr\u00e1ficas, \u00e9tnicas, familiares y culturales; hablan la misma lengua, habitan las mismas ciudades; se reconocen y se distinguen. \u00bfC\u00f3mo separar ese mundo de los cristianos quienes, adem\u00e1s, divididos por un cisma end\u00e9mico, viven juntos los momentos fuertes, las fiestas lit\u00fargicas? Agust\u00edn, obispo de Hipona, nos conf\u00eda sus alegr\u00edas y sus angustias de pastor, los gozos y las penurias de su grey, la mezcla de dos pueblos, de dos ciudades, confundidas en un mismo peregrinar hasta que el camino termine en los umbrales de la nueva Jerusal\u00e9n. La vida cotidiana del \u00c1frica est\u00e1 aclarada y transfigurada por el autor de las Confesiones gracias a la potencia de su talento y al calor de su ternura. Aqu\u00e9l que deseaba \u00abamar y ser amado\u00bb ha sabido escuchar el alma insatisfecha y buscar en Dios la satisfacci\u00f3n de toda b\u00fasqueda e inquietud. Amar totalmente, amar como \u00e9l fue amado, es decir, hasta la entrega total&#8230; Por no haberse limitado en su amor a \u00c1frica sino por haber comprendido las ansias del hombre que se vislumbran desde los confines de la tierra, el obispo de Hipona pertenece al Universo, a la Historia.Roma, l.XI.1978 El Autor. Descargue aqu\u00ed Hamman Adalbert G &#8211; La Vida Cotidiana En Africa Del Norte En Tiempos De San Agustin","og_url":"https:\/\/agustinosoala.org\/pt\/en\/africa-en-la-epoca-de-agustin\/","og_site_name":"OALA - Organizaci\u00f3n de los Agustinos de Am\u00e9rica Latina","article_publisher":"https:\/\/www.facebook.com\/oalagustinos","article_author":"https:\/\/www.facebook.com\/EdgarLizardo3006\/","article_published_time":"2025-09-25T21:04:06+00:00","article_modified_time":"2025-09-26T04:47:55+00:00","og_image":[{"width":957,"height":1074,"url":"https:\/\/agustinosoala.org\/wp-content\/uploads\/2025\/09\/OALA-IMAGEN-EDIT-2.png","type":"image\/png"}],"author":"Edgar F.A","twitter_card":"summary_large_image","twitter_creator":"@https:\/\/x.com\/EDGAR_LIZARDO30","twitter_misc":{"Written by":"Edgar F.A","Est. reading time":"4 minutos"},"schema":{"@context":"https:\/\/schema.org","@graph":[{"@type":"Article","@id":"https:\/\/agustinosoala.org\/en\/africa-en-la-epoca-de-agustin\/#article","isPartOf":{"@id":"https:\/\/agustinosoala.org\/en\/africa-en-la-epoca-de-agustin\/"},"author":{"name":"Edgar F.A","@id":"https:\/\/agustinosoala.org\/#\/schema\/person\/178932e184c8d3466b6667113d199936"},"headline":"\u00c1frica en la \u00e9poca de Agust\u00edn","datePublished":"2025-09-25T21:04:06+00:00","dateModified":"2025-09-26T04:47:55+00:00","mainEntityOfPage":{"@id":"https:\/\/agustinosoala.org\/en\/africa-en-la-epoca-de-agustin\/"},"wordCount":763,"commentCount":0,"publisher":{"@id":"https:\/\/agustinosoala.org\/#organization"},"articleSection":["Espiritualidad"],"inLanguage":"pt-BR","potentialAction":[{"@type":"CommentAction","name":"Comment","target":["https:\/\/agustinosoala.org\/en\/africa-en-la-epoca-de-agustin\/#respond"]}]},{"@type":"WebPage","@id":"https:\/\/agustinosoala.org\/en\/africa-en-la-epoca-de-agustin\/","url":"https:\/\/agustinosoala.org\/en\/africa-en-la-epoca-de-agustin\/","name":"\u00c1frica en la \u00e9poca de Agust\u00edn - OALA - Organizaci\u00f3n de los Agustinos de Am\u00e9rica Latina","isPartOf":{"@id":"https:\/\/agustinosoala.org\/#website"},"datePublished":"2025-09-25T21:04:06+00:00","dateModified":"2025-09-26T04:47:55+00:00","breadcrumb":{"@id":"https:\/\/agustinosoala.org\/en\/africa-en-la-epoca-de-agustin\/#breadcrumb"},"inLanguage":"pt-BR","potentialAction":[{"@type":"ReadAction","target":["https:\/\/agustinosoala.org\/en\/africa-en-la-epoca-de-agustin\/"]}]},{"@type":"BreadcrumbList","@id":"https:\/\/agustinosoala.org\/en\/africa-en-la-epoca-de-agustin\/#breadcrumb","itemListElement":[{"@type":"ListItem","position":1,"name":"Portada","item":"https:\/\/agustinosoala.org\/"},{"@type":"ListItem","position":2,"name":"\u00c1frica en la \u00e9poca de Agust\u00edn"}]},{"@type":"WebSite","@id":"https:\/\/agustinosoala.org\/#website","url":"https:\/\/agustinosoala.org\/","name":"Organizaci\u00f3n de los Agustinos de Am\u00e9rica Latina - OALA","description":"&quot;Comunidad agustiniana comprometida con la fe, la misi\u00f3n y el servicio en latinoamerica.&quot;","publisher":{"@id":"https:\/\/agustinosoala.org\/#organization"},"alternateName":"OALA","potentialAction":[{"@type":"SearchAction","target":{"@type":"EntryPoint","urlTemplate":"https:\/\/agustinosoala.org\/?s={search_term_string}"},"query-input":{"@type":"PropertyValueSpecification","valueRequired":true,"valueName":"search_term_string"}}],"inLanguage":"pt-BR"},{"@type":"Organization","@id":"https:\/\/agustinosoala.org\/#organization","name":"Organizaci\u00f3n de los Agustinos de Am\u00e9rica Latina - OALA","alternateName":"OALA","url":"https:\/\/agustinosoala.org\/","logo":{"@type":"ImageObject","inLanguage":"pt-BR","@id":"https:\/\/agustinosoala.org\/#\/schema\/logo\/image\/","url":"https:\/\/agustinosoala.org\/wp-content\/uploads\/2025\/09\/logo-oala.webp","contentUrl":"https:\/\/agustinosoala.org\/wp-content\/uploads\/2025\/09\/logo-oala.webp","width":70,"height":70,"caption":"Organizaci\u00f3n de los Agustinos de Am\u00e9rica Latina - OALA"},"image":{"@id":"https:\/\/agustinosoala.org\/#\/schema\/logo\/image\/"},"sameAs":["https:\/\/www.facebook.com\/oalagustinos","https:\/\/www.youtube.com\/@oalagustinos","https:\/\/www.instagram.com\/oalagustinos_\/"]},{"@type":"Person","@id":"https:\/\/agustinosoala.org\/#\/schema\/person\/178932e184c8d3466b6667113d199936","name":"Edgar F.A","image":{"@type":"ImageObject","inLanguage":"pt-BR","@id":"https:\/\/secure.gravatar.com\/avatar\/6c9a108d59d32f65fd46cd81d74f68e9d3b5f426c259d6576a17c714edb363b6?s=96&d=mm&r=g","url":"https:\/\/secure.gravatar.com\/avatar\/6c9a108d59d32f65fd46cd81d74f68e9d3b5f426c259d6576a17c714edb363b6?s=96&d=mm&r=g","contentUrl":"https:\/\/secure.gravatar.com\/avatar\/6c9a108d59d32f65fd46cd81d74f68e9d3b5f426c259d6576a17c714edb363b6?s=96&d=mm&r=g","caption":"Edgar F.A"},"description":"Ingeniero de sistemas","sameAs":["https:\/\/agustinosoala.org","https:\/\/www.facebook.com\/EdgarLizardo3006\/","https:\/\/x.com\/https:\/\/x.com\/EDGAR_LIZARDO30"]}]}},"_links":{"self":[{"href":"https:\/\/agustinosoala.org\/pt\/wp-json\/wp\/v2\/posts\/678","targetHints":{"allow":["GET"]}}],"collection":[{"href":"https:\/\/agustinosoala.org\/pt\/wp-json\/wp\/v2\/posts"}],"about":[{"href":"https:\/\/agustinosoala.org\/pt\/wp-json\/wp\/v2\/types\/post"}],"author":[{"embeddable":true,"href":"https:\/\/agustinosoala.org\/pt\/wp-json\/wp\/v2\/users\/1"}],"replies":[{"embeddable":true,"href":"https:\/\/agustinosoala.org\/pt\/wp-json\/wp\/v2\/comments?post=678"}],"version-history":[{"count":17,"href":"https:\/\/agustinosoala.org\/pt\/wp-json\/wp\/v2\/posts\/678\/revisions"}],"predecessor-version":[{"id":885,"href":"https:\/\/agustinosoala.org\/pt\/wp-json\/wp\/v2\/posts\/678\/revisions\/885"}],"wp:attachment":[{"href":"https:\/\/agustinosoala.org\/pt\/wp-json\/wp\/v2\/media?parent=678"}],"wp:term":[{"taxonomy":"category","embeddable":true,"href":"https:\/\/agustinosoala.org\/pt\/wp-json\/wp\/v2\/categories?post=678"},{"taxonomy":"post_tag","embeddable":true,"href":"https:\/\/agustinosoala.org\/pt\/wp-json\/wp\/v2\/tags?post=678"}],"curies":[{"name":"wp","href":"https:\/\/api.w.org\/{rel}","templated":true}]}}